{"id":1159179,"date":"2026-08-31T13:13:17","date_gmt":"2026-08-31T13:13:17","guid":{"rendered":"https:\/\/www.europesays.com\/fr\/1159179\/"},"modified":"2026-08-31T13:13:17","modified_gmt":"2026-08-31T13:13:17","slug":"suisse-fusillade-mortelle-lors-dune-rave-party-proche-de-zurich-un-suspect-arrete","status":"publish","type":"post","link":"https:\/\/www.europesays.com\/fr\/1159179\/","title":{"rendered":"Suisse. Fusillade mortelle lors d&rsquo;une rave party proche de Zurich\u00a0: un suspect arr\u00eat\u00e9"},"content":{"rendered":"<p>La cavale est termin\u00e9e.\u00a0Un Suisse de 43 ans a \u00e9t\u00e9 arr\u00eat\u00e9 ce lundi dans le cadre de l&rsquo;enqu\u00eate sur les tirs qui ont tu\u00e9 une jeune Italienne et fait cinq bless\u00e9s <a href=\"https:\/\/www.ledauphine.com\/faits-divers-justice\/2026\/08\/30\/des-coups-de-feu-en-marge-d-une-rave-party-font-plusieurs-victimes-dans-le-nord-du-pays\" target=\"_blank\" rel=\"nofollow noopener\">dans la nuit de samedi \u00e0 dimanche lors d&rsquo;une rave party \u00e0 Aarau<\/a>, pr\u00e8s de Zurich. \u00ab Dans le cadre des recherches men\u00e9es [apr\u00e8s le drame], un Suisse de 43 ans a \u00e9t\u00e9 appr\u00e9hend\u00e9 peu avant 1 heure le lundi 31 ao\u00fbt 2026 \u00bb, a annonc\u00e9 dans un communiqu\u00e9 la police cantonale d&rsquo;Argovie, qui dit \u00ab privil\u00e9gier la th\u00e8se selon laquelle l&rsquo;auteur a agi seul \u00bb mais n&rsquo;a pas pr\u00e9cis\u00e9 o\u00f9 il avait \u00e9t\u00e9 interpell\u00e9. \u00ab\u00a0Une femme de 22\u00a0ans a succomb\u00e9 \u00e0 ses blessures sur place. Quatre hommes et une femme, \u00e2g\u00e9s de 24 \u00e0 27\u00a0ans, ont \u00e9t\u00e9 hospitalis\u00e9s. Ils souffrent de blessures allant de l\u00e9g\u00e8res \u00e0 graves\u00a0\u00bb, avait annonc\u00e9 sur X la police du canton d&rsquo;Argovie, apr\u00e8s la fusillade.<\/p>\n<p>L&rsquo;individu est \u00ab fortement suspect\u00e9 d&rsquo;\u00eatre l&rsquo;auteur des faits \u00bb, indique le texte, mais sans fournir d&rsquo;autres pr\u00e9cisions sur son profil, le mobile de l&rsquo;attaque ou le lieu o\u00f9 il a \u00e9t\u00e9 interpell\u00e9.\u00a0Dimanche vers 2 h 30, des tirs ont retenti au moment o\u00f9 une rave party ayant rassembl\u00e9 quelque 2 500 personnes prenait fin \u00e0 l&rsquo;hippodrome d&rsquo;Aarau, situ\u00e9e dans le nord du pays. \u00ab Les participants s&rsquo;appr\u00eataient \u00e0 rentrer chez eux lorsqu&rsquo;un ou des inconnus ont tir\u00e9 plusieurs coups de feu sur un groupe de personnes \u00bb, avait indiqu\u00e9 la police dans un communiqu\u00e9.<\/p>\n<p>Ce contenu est bloqu\u00e9 car vous n&rsquo;avez pas accept\u00e9 les cookies et autres traceurs.<\/p>\n<p>En cliquant sur \u00ab J\u2019accepte \u00bb, les cookies et autres traceurs seront d\u00e9pos\u00e9s et vous pourrez visualiser les contenus  (<a href=\"\" class=\"consentModule_policy\" target=\"_blank\" title=\"Consulter la politique de protection des donn\u00e9es du fournisseur\">plus d&rsquo;informations<\/a>).<\/p>\n<p>En cliquant sur \u00ab J\u2019accepte tous les cookies \u00bb, vous autorisez des d\u00e9p\u00f4ts de cookies et autres traceurs pour le stockage de vos donn\u00e9es sur nos sites et applications \u00e0 des fins de personnalisation et de ciblage publicitaire.<\/p>\n<p class=\"consentModule_secondaryText\">Vous gardez la possibilit\u00e9 de retirer votre consentement \u00e0 tout moment en consultant notre <a href=\"https:\/\/www.ledauphine.com\/protection-des-donnees\" target=\"_blank\" title=\"Consulter notre politique de protection des donn\u00e9es\" rel=\"nofollow noopener\">politique de protection des donn\u00e9es<\/a>. <br \/>&#13;<br \/>\n            <a href=\"https:\/\/www.ledauphine.com\/faits-divers-justice\/2026\/08\/31\/javascript:Didomi.notice.show()\" class=\"consentModule_cmp\" rel=\"nofollow noopener\" target=\"_blank\">G\u00e9rer mes choix<\/a>&#13;\n        <\/p>\n<p>&#13;<br \/>\n                        J&rsquo;accepte&#13;<br \/>\n            J&rsquo;accepte tous les cookies&#13;\n        <\/p>\n<p>Dimanche, Michael Leupold, commandant de la police cantonale d&rsquo;Argovie, avait rapport\u00e9 que les forces de l&rsquo;ordre avaient \u00ab retrouv\u00e9 des traces de deux calibres diff\u00e9rents, d&rsquo;un pistolet ou pistolet-mitrailleur, et d&rsquo;un fusil d&rsquo;assaut \u00bb.\u00a0\u00ab Nous travaillons actuellement sur trois hypoth\u00e8ses, mais nous ne pouvons en privil\u00e9gier aucune pour le moment. La premi\u00e8re est un attentat terroriste, la deuxi\u00e8me une tuerie de masse, et la troisi\u00e8me un simple acte criminel dont le mobile nous est encore inconnu: un r\u00e8glement de comptes au sein d&rsquo;un groupe, ou quelque chose de totalement diff\u00e9rent \u00bb, avait-il ajout\u00e9.<\/p>\n<p>Dimanche soir, le pr\u00e9sident de la conf\u00e9d\u00e9ration suisse Guy Parmelin a adress\u00e9, sur le r\u00e9seau social X, ses condol\u00e9ances \u00e0 la famille de la jeune victime italienne, \u00e9voquant des \u00ab \u00e9v\u00e9nements tragiques \u00bb qui l&rsquo;ont \u00ab profond\u00e9ment touch\u00e9 \u00bb. De leur c\u00f4t\u00e9, les organisateurs de la rave se sont dits \u00ab d\u00e9vast\u00e9s \u00bb.\u00a0La police argovienne a annonc\u00e9 une conf\u00e9rence de presse pour mercredi apr\u00e8s-midi, soulignant qu&rsquo;\u00ab aucune information ne sera communiqu\u00e9e d&rsquo;ici-l\u00e0 \u00bb.<\/p>\n","protected":false},"excerpt":{"rendered":"La cavale est termin\u00e9e.\u00a0Un Suisse de 43 ans a \u00e9t\u00e9 arr\u00eat\u00e9 ce lundi dans le cadre de l&rsquo;enqu\u00eate&hellip;\n","protected":false},"author":2,"featured_media":1159180,"comment_status":"","ping_status":"","sticky":false,"template":"","format":"standard","meta":{"footnotes":"","_share_on_mastodon":"0"},"categories":[5],"tags":[11,271,272,274,107,1011,27,329,14,12,28],"class_list":["post-1159179","post","type-post","status-publish","format-standard","has-post-thumbnail","category-international","tag-actualites","tag-crime","tag-delit-et-contravention","tag-faits-divers-justice","tag-fil-info","tag-fr","tag-france","tag-france-monde","tag-international","tag-news","tag-world"],"share_on_mastodon":{"url":"https:\/\/pubeurope.com\/@fr\/117190302651811420","error":""},"_links":{"self":[{"href":"https:\/\/www.europesays.com\/fr\/wp-json\/wp\/v2\/posts\/1159179","targetHints":{"allow":["GET"]}}],"collection":[{"href":"https:\/\/www.europesays.com\/fr\/wp-json\/wp\/v2\/posts"}],"about":[{"href":"https:\/\/www.europesays.com\/fr\/wp-json\/wp\/v2\/types\/post"}],"author":[{"embeddable":true,"href":"https:\/\/www.europesays.com\/fr\/wp-json\/wp\/v2\/users\/2"}],"replies":[{"embeddable":true,"href":"https:\/\/www.europesays.com\/fr\/wp-json\/wp\/v2\/comments?post=1159179"}],"version-history":[{"count":0,"href":"https:\/\/www.europesays.com\/fr\/wp-json\/wp\/v2\/posts\/1159179\/revisions"}],"wp:featuredmedia":[{"embeddable":true,"href":"https:\/\/www.europesays.com\/fr\/wp-json\/wp\/v2\/media\/1159180"}],"wp:attachment":[{"href":"https:\/\/www.europesays.com\/fr\/wp-json\/wp\/v2\/media?parent=1159179"}],"wp:term":[{"taxonomy":"category","embeddable":true,"href":"https:\/\/www.europesays.com\/fr\/wp-json\/wp\/v2\/categories?post=1159179"},{"taxonomy":"post_tag","embeddable":true,"href":"https:\/\/www.europesays.com\/fr\/wp-json\/wp\/v2\/tags?post=1159179"}],"curies":[{"name":"wp","href":"https:\/\/api.w.org\/{rel}","templated":true}]}}