{"id":115919,"date":"2025-05-21T03:54:12","date_gmt":"2025-05-21T03:54:12","guid":{"rendered":"https:\/\/www.europesays.com\/fr\/115919\/"},"modified":"2025-05-21T03:54:12","modified_gmt":"2025-05-21T03:54:12","slug":"meteo-apres-lorage-et-la-pluie-le-beau-temps-ou-presque-voici-les-previsions-pour-mercredi","status":"publish","type":"post","link":"https:\/\/www.europesays.com\/fr\/115919\/","title":{"rendered":"M\u00e9t\u00e9o. Apr\u00e8s l&rsquo;orage et la pluie, le beau temps (ou presque) ? Voici les pr\u00e9visions pour mercredi"},"content":{"rendered":"<p>            Par<br \/>\n        <strong><br \/>\n            <a href=\"https:\/\/actu.fr\/auteur\/mareva-laville-actu-fr\" title=\"Consulter tous les articles de Mar\u00e9va Laville\" rel=\"nofollow noopener\" target=\"_blank\">Mar\u00e9va Laville<\/a><br \/>\n        <\/strong><\/p>\n<p>        Publi\u00e9 le<\/p>\n<p>            21 mai 2025 \u00e0 5h04        <\/p>\n<p>On y est presque. Apr\u00e8s <a href=\"https:\/\/actu.fr\/occitanie\/toulouse_31555\/un-orage-supercellulaire-touche-le-sud-ouest-de-toulouse-des-grelons-de-6-a-7-centimetres_62656841.html\" rel=\"nofollow noopener\" target=\"_blank\">l\u2019\u00e9pisode orageux d\u2019une grande violence<\/a> connu par Toulouse et ses alentours lundi 19 mai 2025, puis les <a href=\"https:\/\/actu.fr\/occitanie\/toulouse_31555\/intemperies-en-haute-garonne-les-pompiers-appeles-pres-de-1500-fois-une-vigilance-aux-crues-en-cours_62659602.html\" rel=\"nofollow noopener\" target=\"_blank\">averses de pluie accompagn\u00e9es de vent<\/a> mardi 20 mai, serait-ce enfin l\u2019heure du temps calme ? <strong>M\u00e9t\u00e9o France<\/strong> pr\u00e9voit une journ\u00e9e relativement agr\u00e9able ce mercredi 21 mai.<\/p>\n<p class=\" wall-content\">Bien que le soleil reste le tant esp\u00e9r\u00e9 dans la Ville rose, il faudra se contenter des nuages. Mais apr\u00e8s les deux derniers jours, ces derniers font \u00e9videmment office de bonne nouvelle. La matin\u00e9e sera effectivement <strong>tr\u00e8s nuageuse<\/strong>, mais quelques rayons de soleil pourraient r\u00e9ussir \u00e0 percer. <strong>Le temps sera \u00e9galement couvert dans l\u2019apr\u00e8s-midi<\/strong> et dans la soir\u00e9e. Le tout avec un <strong>l\u00e9ger vent<\/strong> qui soufflera \u00e0 15 km\/h le matin et 20 km\/h l\u2019apr\u00e8s-midi et le soir.\u00a0<\/p>\n<p class=\" wall-content\">C\u00f4t\u00e9 temp\u00e9ratures, comptez un 16\u00b0C pour la maximale le matin et<strong> 20\u00b0C l\u2019apr\u00e8s-midi.<\/strong> \u00c0 savourer puisque la pluie et le vent pourraient faire leur retour dans la nuit jusqu\u2019\u00e0 jeudi matin\u2026<\/p>\n<p>    <img   decoding=\"async\" loading=\"lazy\" src=\"https:\/\/www.europesays.com\/fr\/wp-content\/uploads\/2025\/05\/mercredi21-toulouse-960x511.png\" alt=\"Voici les pr\u00e9visions m\u00e9t\u00e9o pour ce mercredi 21 mai 2025 \u00e0 Toulouse.\" width=\"960\" height=\"511\"\/><br \/>\n    Voici les pr\u00e9visions m\u00e9t\u00e9o pour ce mercredi 21 mai 2025 \u00e0 Toulouse. (\u00a9Capture d\u2019\u00e9cran M\u00e9t\u00e9o France)Et en Occitanie ?\u00a0<\/p>\n<p class=\" wall-content\">\u00c7a s\u2019am\u00e9liore aussi en <a href=\"http:\/\/www.actu.fr\/occitanie\" rel=\"nofollow noopener\" target=\"_blank\"><strong>Occitanie<\/strong><\/a>. <strong>Le temps sera nuageux<\/strong> aux quatre coins de la r\u00e9gion ce mercredi 21 mai 2025. Les plus chanceux pourront m\u00eame b\u00e9n\u00e9ficier de<strong> quelques \u00e9claircies<\/strong>, du c\u00f4t\u00e9 de l\u2019Ari\u00e8ge, les Pyr\u00e9n\u00e9es-Orientales, l\u2019Aude et une partie du Gard.<\/p>\n<p class=\" wall-content\">Les nuages se montreront encore plus nombreux dans l\u2019apr\u00e8s-midi en Occitanie, avec m\u00eame <strong>quelques averses<\/strong> notamment du c\u00f4t\u00e9 de Montauban et de Font-Romeu. Le littoral sera plus g\u00e2t\u00e9 avec un<strong> ciel voil\u00e9 tout le long de la M\u00e9diterran\u00e9e<\/strong>. C\u00f4t\u00e9 temp\u00e9ratures, le thermom\u00e8tre grimpera jusqu\u2019\u00e0 25\u00b0C \u00e0 N\u00eemes, 24\u00b0C \u00e0 Montpellier, 23\u00b0C \u00e0 Perpignan, 20\u00b0C \u00e0 Carcassonne, Albi, Auch et Cahors, 19\u00b0C \u00e0 Foix et Tarbes, et 16\u00b0C \u00e0 Rodez.<\/p>\n<p>Vid\u00e9os : en ce moment sur Actu<br \/>\n    <img   decoding=\"async\" loading=\"lazy\" src=\"https:\/\/www.europesays.com\/fr\/wp-content\/uploads\/2025\/05\/mercredi21-occi-960x640.png\" alt=\"Voici les pr\u00e9visions m\u00e9t\u00e9o pour ce mercredi 21 mai 2025 en Occitanie.\" width=\"960\" height=\"640\"\/><br \/>\n    Voici les pr\u00e9visions m\u00e9t\u00e9o pour ce mercredi 21 mai 2025 en Occitanie. (\u00a9Capture d\u2019\u00e9cran M\u00e9t\u00e9o France)<\/p>\n<p class=\" wall-content\">Suivez toute l\u2019actualit\u00e9 de vos villes et m\u00e9dias favoris en vous inscrivant \u00e0 <a href=\"https:\/\/moncompte.actu.fr\" title=\"D\u00e9couvez Mon Actu\" rel=\"nofollow noopener\" data-trk=\"{&quot;cta&quot;:{&quot;action&quot;:&quot;https:\\\/\\\/moncompte.actu.fr&quot;,&quot;category&quot;:&quot;mon compte&quot;,&quot;from&quot;:&quot;article footer&quot;,&quot;name&quot;:&quot;Mon actu&quot;,&quot;type&quot;:&quot;cta&quot;}}\" target=\"_blank\">Mon Actu<\/a>.<\/p>\n","protected":false},"excerpt":{"rendered":"Par Mar\u00e9va Laville Publi\u00e9 le 21 mai 2025 \u00e0 5h04 On y est presque. Apr\u00e8s l\u2019\u00e9pisode orageux d\u2019une&hellip;\n","protected":false},"author":2,"featured_media":115920,"comment_status":"","ping_status":"","sticky":false,"template":"","format":"standard","meta":{"footnotes":""},"categories":[2816],"tags":[1111,11,1777,674,1011,27,2487,2357,12,2680,25,2312],"class_list":{"0":"post-115919","1":"post","2":"type-post","3":"status-publish","4":"format-standard","5":"has-post-thumbnail","7":"category-toulouse","8":"tag-actu","9":"tag-actualites","10":"tag-eu","11":"tag-europe","12":"tag-fr","13":"tag-france","14":"tag-meteo","15":"tag-meteo-france","16":"tag-news","17":"tag-occitanie","18":"tag-republique-francaise","19":"tag-toulouse"},"share_on_mastodon":{"url":"https:\/\/pubeurope.com\/@fr\/114543805337591031","error":""},"_links":{"self":[{"href":"https:\/\/www.europesays.com\/fr\/wp-json\/wp\/v2\/posts\/115919","targetHints":{"allow":["GET"]}}],"collection":[{"href":"https:\/\/www.europesays.com\/fr\/wp-json\/wp\/v2\/posts"}],"about":[{"href":"https:\/\/www.europesays.com\/fr\/wp-json\/wp\/v2\/types\/post"}],"author":[{"embeddable":true,"href":"https:\/\/www.europesays.com\/fr\/wp-json\/wp\/v2\/users\/2"}],"replies":[{"embeddable":true,"href":"https:\/\/www.europesays.com\/fr\/wp-json\/wp\/v2\/comments?post=115919"}],"version-history":[{"count":0,"href":"https:\/\/www.europesays.com\/fr\/wp-json\/wp\/v2\/posts\/115919\/revisions"}],"wp:featuredmedia":[{"embeddable":true,"href":"https:\/\/www.europesays.com\/fr\/wp-json\/wp\/v2\/media\/115920"}],"wp:attachment":[{"href":"https:\/\/www.europesays.com\/fr\/wp-json\/wp\/v2\/media?parent=115919"}],"wp:term":[{"taxonomy":"category","embeddable":true,"href":"https:\/\/www.europesays.com\/fr\/wp-json\/wp\/v2\/categories?post=115919"},{"taxonomy":"post_tag","embeddable":true,"href":"https:\/\/www.europesays.com\/fr\/wp-json\/wp\/v2\/tags?post=115919"}],"curies":[{"name":"wp","href":"https:\/\/api.w.org\/{rel}","templated":true}]}}