{"id":1159230,"date":"2026-08-31T13:58:15","date_gmt":"2026-08-31T13:58:15","guid":{"rendered":"https:\/\/www.europesays.com\/fr\/1159230\/"},"modified":"2026-08-31T13:58:15","modified_gmt":"2026-08-31T13:58:15","slug":"dans-les-ecoles-marseillaises-il-faudra-un-mandat-pour-adapter-le-bati-au-rechauffement-climatique","status":"publish","type":"post","link":"https:\/\/www.europesays.com\/fr\/1159230\/","title":{"rendered":"Dans les \u00e9coles marseillaises, \u00ab\u00a0il faudra un mandat pour adapter le b\u00e2ti au r\u00e9chauffement climatique\u00a0\u00bb"},"content":{"rendered":"<p>Une fa\u00e7ade refaite, des sanitaires remis en \u00e9tat et une cour d\u2019\u00e9cole repav\u00e9e \u00e0 l\u2019\u00e9cole Neuve-Sainte-Catherine (7e)\u00a0; un plafond r\u00e9nov\u00e9 ou un syst\u00e8me \u00e9lectrique remis \u00e0 neuf et un chantier \u00e0 300\u00a0000\u00a0\u20ac \u00e0 l\u2019\u00e9cole des Accoules (2e)\u2026 Comme \u00ab\u00a0chaque \u00e9t\u00e9 depuis\u00a02020\u00a0\u00bb, la saison estivale est devenue celle <a href=\"https:\/\/www.laprovence.com\/article\/region\/11316940291313\/renovation-des-ecoles-a-marseille-de-grands-travaux-de-renovation-dans-117-etablissements\" target=\"_self\" rel=\"nofollow noopener\">des \u00ab\u00a0grands travaux\u00a0\u00bb dans les \u00e9coles marseillaises<\/a>. \u00ab\u00a0Ce sont plus de 300 op\u00e9rations lanc\u00e9es dans 200 \u00e9coles. En deux mois, la Ville a investi plus de 12\u00a0millions d\u2019euros dans son b\u00e2ti scolaire, r\u00e9capitule Nassera Benmarnia, adjointe au maire (DVG) en charge du \u00ab\u00a0Plan \u00e9coles\u00a0\u00bb, les yeux riv\u00e9s sur son tableau Excel. On conna\u00eet la r\u00e9alit\u00e9 de notre patrimoine, et <a href=\"https:\/\/www.laprovence.com\/article\/region\/77817643224408\/on-sinquiete-pour-la-securite-de-nos-enfants-le-mur-de-lecole-revolution-seffondre-a-nouveau-a-marseille\" target=\"_self\" rel=\"nofollow noopener\">notre priorit\u00e9 est la s\u00e9curisation<\/a> des \u00e9tablissements. On est beaucoup intervenus dans le 2-3, o\u00f9 le b\u00e2ti est tr\u00e8s v\u00e9tuste mais o\u00f9 il n\u2019y a pas de sectorisation, avec des travaux qui ont eu lieu partout.\u00a0\u00bb<\/p>\n<p>Si ces <a href=\"https:\/\/www.laprovence.com\/article\/societe\/1170663560848414\/marseille-blocus-des-parents-devant-lecole-revolution-ou-les-problemes-saccumulent\" target=\"_self\" rel=\"nofollow noopener\">travaux de s\u00e9curisation<\/a> sont \u00ab\u00a0pass\u00e9s de 8\u00a0millions annuels en\u00a02019 (derni\u00e8re ann\u00e9e de la mandature Gaudin, NDLR) \u00e0 plus de 32\u00a0millions en\u00a02026\u00a0\u00bb, pr\u00e9sente Nassera Benmarnia, la derni\u00e8re ann\u00e9e scolaire boucl\u00e9e sous une chaleur caniculaire a oblig\u00e9 la Ville \u00e0 acc\u00e9l\u00e9rer l\u2019adaptation du b\u00e2ti scolaire au changement climatique&#8230;.<\/p>\n","protected":false},"excerpt":{"rendered":"Une fa\u00e7ade refaite, des sanitaires remis en \u00e9tat et une cour d\u2019\u00e9cole repav\u00e9e \u00e0 l\u2019\u00e9cole Neuve-Sainte-Catherine (7e)\u00a0; un&hellip;\n","protected":false},"author":2,"featured_media":1159231,"comment_status":"","ping_status":"","sticky":false,"template":"","format":"standard","meta":{"footnotes":"","_share_on_mastodon":"0"},"categories":[2814],"tags":[5734,1111,11,1446,4019,1777,674,26763,1011,27,3707,151,13184,12191,884,12,882,25,104],"class_list":["post-1159230","post","type-post","status-publish","format-standard","has-post-thumbnail","category-marseille","tag-5734","tag-actu","tag-actualites","tag-dans","tag-ecoles","tag-eu","tag-europe","tag-faudra","tag-fr","tag-france","tag-il","tag-les","tag-mandat","tag-marseillaises","tag-marseille","tag-news","tag-provence-alpes-cote-dazur","tag-republique-francaise","tag-societe"],"share_on_mastodon":{"url":"https:\/\/pubeurope.com\/@fr\/117190479529604945","error":""},"_links":{"self":[{"href":"https:\/\/www.europesays.com\/fr\/wp-json\/wp\/v2\/posts\/1159230","targetHints":{"allow":["GET"]}}],"collection":[{"href":"https:\/\/www.europesays.com\/fr\/wp-json\/wp\/v2\/posts"}],"about":[{"href":"https:\/\/www.europesays.com\/fr\/wp-json\/wp\/v2\/types\/post"}],"author":[{"embeddable":true,"href":"https:\/\/www.europesays.com\/fr\/wp-json\/wp\/v2\/users\/2"}],"replies":[{"embeddable":true,"href":"https:\/\/www.europesays.com\/fr\/wp-json\/wp\/v2\/comments?post=1159230"}],"version-history":[{"count":0,"href":"https:\/\/www.europesays.com\/fr\/wp-json\/wp\/v2\/posts\/1159230\/revisions"}],"wp:featuredmedia":[{"embeddable":true,"href":"https:\/\/www.europesays.com\/fr\/wp-json\/wp\/v2\/media\/1159231"}],"wp:attachment":[{"href":"https:\/\/www.europesays.com\/fr\/wp-json\/wp\/v2\/media?parent=1159230"}],"wp:term":[{"taxonomy":"category","embeddable":true,"href":"https:\/\/www.europesays.com\/fr\/wp-json\/wp\/v2\/categories?post=1159230"},{"taxonomy":"post_tag","embeddable":true,"href":"https:\/\/www.europesays.com\/fr\/wp-json\/wp\/v2\/tags?post=1159230"}],"curies":[{"name":"wp","href":"https:\/\/api.w.org\/{rel}","templated":true}]}}