{"id":1159234,"date":"2026-08-31T14:01:43","date_gmt":"2026-08-31T14:01:43","guid":{"rendered":"https:\/\/www.europesays.com\/fr\/1159234\/"},"modified":"2026-08-31T14:01:43","modified_gmt":"2026-08-31T14:01:43","slug":"programme-de-la-biennale-dart-contemporain-de-lyon-2026-expositions-nocturnes-et-evenements-resonance","status":"publish","type":"post","link":"https:\/\/www.europesays.com\/fr\/1159234\/","title":{"rendered":"Programme de la Biennale d&rsquo;art contemporain de Lyon 2026 : expositions, nocturnes et \u00e9v\u00e9nements R\u00e9sonance"},"content":{"rendered":"<p class=\"intro\">La Biennale d&rsquo;art contemporain de Lyon 2026 se d\u00e9roulera du 19 septembre 2026 au 3 janvier 2027 autour du th\u00e8me\u00a0\u00ab\u00a0Passer d&rsquo;un r\u00eave \u00e0 l&rsquo;autre\u00a0\u00bb. L&rsquo;exposition principale investit trois sites lyonnais\u00a0: les Grandes Locos, le Mus\u00e9e des Tissus et des Arts d\u00e9coratifs, et le macLYON. En parall\u00e8le, un programme R\u00e9sonance propose performances, expositions et nocturnes tout au long de la manifestation.<\/p>\n<p><a data-lightbox=\"article\" data-title=\"Programme de la Biennale d&#039;art contemporain de Lyon 2026 : expositions, nocturnes et \u00e9v\u00e9nements R\u00e9sonance \u00a9 www.visiterlyon.com\" class=\"image detail fullwidth  position-relative d-block\" href=\"https:\/\/www.jds.fr\/medias\/image\/programme-de-la-biennale-d-art-contemporain-de-lyo-1068757-920-0-F.webp\" title=\"Programme de la Biennale d&#039;art contemporain de Lyon 2026 : expositions, nocturnes et \u00e9v\u00e9nements R\u00e9sonance \u00a9 www.visiterlyon.com\" rel=\"nofollow noopener\" target=\"_blank\"><br \/>\n<img decoding=\"async\" loading=\"lazy\" src=\"https:\/\/www.europesays.com\/fr\/wp-content\/uploads\/2026\/08\/programme-de-la-biennale-d-art-contemporain-de-lyo-1068757-1200-0.webp\"   width=\"685\" alt=\"Programme de la Biennale d'art contemporain de Lyon 2026 : expositions, nocturnes et \u00e9v\u00e9nements R\u00e9sonance\" class=\"border\"\/><br \/>\n\u00a9 www.visiterlyon.com<br \/>\nProgramme de la Biennale d&rsquo;art contemporain de Lyon 2026\u00a0: expositions, nocturnes et \u00e9v\u00e9nements R\u00e9sonance<br \/>\n<\/a><\/p>\n<p>Biennale de Lyon 2026\u00a0:\u00a0\u00ab\u00a0Passer d&rsquo;un r\u00eave \u00e0 l&rsquo;autre\u00a0\u00bb prend possession de trois sites embl\u00e9matiques<\/p>\n<p>Pour cette nouvelle \u00e9dition, <a href=\"https:\/\/www.jds.fr\/lyon\/expos\/biennale-art-contemporain-lyon-170519_A\" rel=\"nofollow noopener\" target=\"_blank\">la Biennale d&rsquo;art contemporain de Lyon<\/a> structure son exposition principale autour de trois dimensions entrelac\u00e9es, r\u00e9parties sur trois lieux distincts de la ville. Chaque site porte une intention curatoriale propre, invitant le visiteur \u00e0 traverser des univers compl\u00e9mentaires au fil de son parcours.<\/p>\n<p>Le volet <strong>industriel<\/strong> s&rsquo;installe <strong>aux Grandes Locos<\/strong>, espace monumental qui accueille une partie de la cr\u00e9ation contemporaine internationale. Le volet <strong>relationnel<\/strong> prend place au <strong>Mus\u00e9e des Tissus et des Arts d\u00e9coratifs<\/strong>, \u00e9tablissant un dialogue entre patrimoine et cr\u00e9ation actuelle. Enfin, le volet <strong>existentiel<\/strong> investit le <strong>macLYON<\/strong>, mus\u00e9e d&rsquo;art contemporain qui constitue l&rsquo;un des piliers institutionnels de la manifestation en r\u00e9gion Auvergne-Rh\u00f4ne-Alpes.<\/p>\n<p>Avant l&rsquo;ouverture au grand public, <strong>les journ\u00e9es presse se tiendront du 16 au 18 septembre 2026<\/strong>. Les <strong>17 et 18 septembre<\/strong> sont r\u00e9serv\u00e9s aux journ\u00e9es professionnelles et au vernissage, accessibles sur accr\u00e9ditation.<\/p>\n<p>Les nocturnes\u00a0: des soir\u00e9es prolong\u00e9es sur les sites d&rsquo;exposition<\/p>\n<p>Tout au long de la manifestation, plusieurs nocturnes sont propos\u00e9es de <strong>18h00 \u00e0 21h30<\/strong>, permettant de d\u00e9couvrir ou red\u00e9couvrir les \u0153uvres dans une atmosph\u00e8re diff\u00e9rente. Le calendrier des nocturnes est le suivant\u00a0:<\/p>\n<ul>&#13;<\/p>\n<li><strong>Jeudi 1er octobre 2026<\/strong>\u00a0: nocturne au Mus\u00e9e des Tissus et des Arts d\u00e9coratifs<\/li>\n<p>&#13;<\/p>\n<li><strong>Vendredi 9 octobre 2026<\/strong>\u00a0: nocturne aux Grandes Locos<\/li>\n<p>&#13;<\/p>\n<li><strong>Vendredi 13 novembre 2026<\/strong>\u00a0: nocturne aux Grandes Locos<\/li>\n<p>&#13;<\/p>\n<li><strong>Vendredi 11 d\u00e9cembre 2026<\/strong>\u00a0: nocturne aux Grandes Locos<\/li>\n<p>&#13;\n<\/ul>\n<p>Le programme R\u00e9sonance\u00a0: performances et expositions satellites<\/p>\n<p>En compl\u00e9ment de l&rsquo;exposition principale, le volet <strong>R\u00e9sonance<\/strong> d\u00e9ploie un ensemble de projets artistiques ind\u00e9pendants dans diff\u00e9rents lieux de Lyon. Ce programme, \u00e9volutif, r\u00e9unit expositions, performances et \u00e9v\u00e9nements publics dont voici les principales dates confirm\u00e9es.<\/p>\n<p><strong>Comment faire des choses avec des polices\u00a0?<\/strong> est une visite performative accompagn\u00e9e d&rsquo;une discussion publique, propos\u00e9e le <strong>18 septembre 2026 \u00e0 18h00<\/strong> (dur\u00e9e\u00a0: 2h, entr\u00e9e libre).<\/p>\n<p><strong>De la parole \u00e0 la terre<\/strong>, performances d&rsquo;Eve K d&rsquo;une dur\u00e9e d&rsquo;environ 15 minutes, \u00e0 acc\u00e8s libre, se tiennent aux dates suivantes\u00a0:<\/p>\n<ul>&#13;<\/p>\n<li>19 septembre 2026 \u00e0 12h00<\/li>\n<p>&#13;<\/p>\n<li>20 septembre 2026 \u00e0 13h00<\/li>\n<p>&#13;<\/p>\n<li>15 octobre 2026 \u00e0 14h00<\/li>\n<p>&#13;<\/p>\n<li>20 novembre 2026 \u00e0 15h00<\/li>\n<p>&#13;<\/p>\n<li>12 d\u00e9cembre 2026 \u00e0 16h00<\/li>\n<p>&#13;\n<\/ul>\n<p><strong>\u00c0 la lisi\u00e8re<\/strong> est une exposition gratuite accessible <strong>du 24 septembre au 9 octobre 2026<\/strong>, ouverte les jeudis et samedis de 14h \u00e0 18h.<\/p>\n<p><strong>D&rsquo;UN RIEN<\/strong>, exposition en deux actes \u00e0 entr\u00e9e libre, se tient selon le calendrier suivant\u00a0:<\/p>\n<ul>&#13;<\/p>\n<li>Acte I\u00a0: du 19 septembre au 17 octobre 2026<\/li>\n<p>&#13;<\/p>\n<li>Acte II\u00a0: du 7 novembre au 12 d\u00e9cembre 2026<\/li>\n<p>&#13;\n<\/ul>\n<p><strong>Envelopper dans le son des franges<\/strong> est une performance itin\u00e9rante gratuite propos\u00e9e \u00e0 deux reprises\u00a0: le <strong>10 octobre 2026 \u00e0 18h30<\/strong> et le <strong>17 octobre 2026 \u00e0 17h30<\/strong>.<\/p>\n<p><strong>R\u00e9cits crois\u00e9s<\/strong>, exposition \u00e0 entr\u00e9e libre, est visible <strong>du 2 octobre au 15 novembre 2026<\/strong>, du mardi au vendredi de 11h \u00e0 19h, et le samedi de 11h \u00e0 13h puis de 14h30 \u00e0 19h.<\/p>\n<p>Les artistes de la Biennale d&rsquo;art contemporain de Lyon 2026<\/p>\n<p>Cette \u00e9dition r\u00e9unit une s\u00e9lection internationale d&rsquo;artistes aux pratiques et aux origines tr\u00e8s diverses. Voici la liste officielle des participants\u00a0:<\/p>\n<ul>&#13;<\/p>\n<li>Carla Adra, Akwasi Bediako Afrane, Yasmeen Al Daya, Monira Al Qadiri, Lara Almarcegui, Jo\u00ebl Andrianomearisoa, Josefin Arnell, Ouassila Arras, Serwah Attafuah, Mercedes Azpilicueta, Leilah Babirye, B\u00e9atrice Balcou, Eva Barto, Lucy Beech, Pascal Bernier<\/li>\n<p>&#13;<\/p>\n<li>Rossella Biscotti, Manon de Boer, George Brecht, Barbara Breitenfellner, Yuriyal Eric Bridgeman, Luz Broto, Sara Sejin Chang (Sara van der Heide), Fiona Clark, L\u00faa Coderch, L\u00e9a Collet, June Crespo, cyan, Edith Dekyndt, Huong Dodinh, Yana Nafysa Dombrowsky M&rsquo;Baye<\/li>\n<p>&#13;<\/p>\n<li>Mikala Dwyer, Laia Estruch, EVA &amp; ADELE, Charles-Arthur Feuvrier Fok-Shan, Robert Filliou, Florian Fouch\u00e9, Maja Fredin, Rose Frigi\u00e8re, Karlos Gil, Angela Goh, Birke Gorm, N\u00faria G\u00fcell, Alice Guy, Oda Haliti, Archana Hande<\/li>\n<p>&#13;<\/p>\n<li>Matthew Harris, Haonan He, Daphn\u00e9 H\u00e9r\u00e9takis, Timo Hogan, Ngahina Hohaia, Gideon Horv\u00e1th, Invernomuto, Maxime Jean-Baptiste, Joyce Joumaa, Jelena Juresa, Lucia Kagramanyan, Kirtika Kain, Mikhail Karikis, Nday\u00e9 Kouagou, Germaine Kruip<\/li>\n<p>&#13;<\/p>\n<li>Anda Kryeziu, Latifa La\u00e2bissi, Perrine Lacroix, Maureen Lander, Marine Lanier, Ida Lawrence, Katya Lesiv, James Lewis, LYL Radio, Kokou Ferdinand Makouvia, Nicholas Mangan, Michela de Mattei, M\u00f3nica Mays, Angelica Mesiti, Annette Messager<\/li>\n<p>&#13;<\/p>\n<li>Brilant Milazimi, Hana Mileti\u0107, Hayley Millar Baker, John Miller, Jazz Money, Katariin Mudist, Wilhelm Mundt, Mai Nguy\u1ec5n-Long, Maria Jos\u00e9 Oliveira, Christelle Oyiri, An Paenhuysen, Manfred Paul, Thea Anamara Perkins, Joachim Pfeufer, Susan Philipsz<\/li>\n<p>&#13;<\/p>\n<li>Valentin Pinet, Laure Prouvost, raumlaborberlin, Miguel Rothschild, \u00c9l\u00e9onore Saintagnan, Selma Selman, Erwan Sene, Sirag Sesetyan, Igor Simi\u0107, Floraine Sint\u00e8s, Yehwan Song, Sriwhana Spong, Tina Stefanou, Mette Sterre, Michael Stevenson<\/li>\n<p>&#13;<\/p>\n<li>Pol Taburet, Huda Takriti, Tsuneko Taniuchi, Ashleigh Taupaki, Thyself Agency, Minh Lan Tran, Thu-Van Tran, \u00c1lvaro Urbano, Kaylene Whiskey, Luke Willis Thompson, Can Y\u0131ld\u0131r\u0131m &amp; Lalin Mercan, Candrani Yulis<\/li>\n<p>&#13;\n<\/ul>\n<p>Tarifs de la Biennale d&rsquo;art contemporain de Lyon 2026<\/p>\n<p>La billetterie de la Biennale 2026, valable pour une entr\u00e9e par site d&rsquo;exposition, est disponible aux tarifs suivants. Une offre de pr\u00e9vente est accessible <strong>du 31 ao\u00fbt au 18 septembre 2026<\/strong> au prix de <strong>20\u00a0\u20ac<\/strong> au lieu de 25\u00a0\u20ac.<\/p>\n<ul>&#13;<\/p>\n<li><strong>Pass Biennale plein tarif<\/strong>\u00a0: <strong>25\u00a0\u20ac<\/strong><\/li>\n<p>&#13;<\/p>\n<li><strong>Tarif r\u00e9duit<\/strong>\u00a0: <strong>18\u00a0\u20ac<\/strong> (moins de 26 ans, allocataires ARE, Carte Culture Ville de Lyon, Carte Famille nombreuse, Pass \u00c9ducation, professionnels de l&rsquo;art contemporain, Maison des Artistes)<\/li>\n<p>&#13;<\/p>\n<li><strong>Entr\u00e9e gratuite<\/strong>\u00a0: moins de 15 ans, \u00e9tudiants en art, \u00e9tudiants de la r\u00e9gion AuRA, b\u00e9n\u00e9ficiaires RSA, ASS, AAH ou API, porteurs de la Lyon City Card, cartes ICOM, IBA ou CIMAM, carte CMI avec accompagnant si mention<\/li>\n<p>&#13;<\/p>\n<li><strong>Audioguide<\/strong> (3 lieux)\u00a0: <strong>3\u00a0\u20ac<\/strong><\/li>\n<p>&#13;\n<\/ul>\n<p>Article r\u00e9dig\u00e9 par Julie<br \/>Date de publication : le 31\/08\/2026.<\/p>\n","protected":false},"excerpt":{"rendered":"La Biennale d&rsquo;art contemporain de Lyon 2026 se d\u00e9roulera du 19 septembre 2026 au 3 janvier 2027 autour&hellip;\n","protected":false},"author":2,"featured_media":1159235,"comment_status":"","ping_status":"","sticky":false,"template":"","format":"standard","meta":{"footnotes":"","_share_on_mastodon":"0"},"categories":[1889],"tags":[1111,11,2430,1777,674,1011,27,2428,12,25],"class_list":["post-1159234","post","type-post","status-publish","format-standard","has-post-thumbnail","category-lyon","tag-actu","tag-actualites","tag-auvergne-rhone-alpes","tag-eu","tag-europe","tag-fr","tag-france","tag-lyon","tag-news","tag-republique-francaise"],"share_on_mastodon":{"url":"https:\/\/pubeurope.com\/@fr\/117190493368040911","error":""},"_links":{"self":[{"href":"https:\/\/www.europesays.com\/fr\/wp-json\/wp\/v2\/posts\/1159234","targetHints":{"allow":["GET"]}}],"collection":[{"href":"https:\/\/www.europesays.com\/fr\/wp-json\/wp\/v2\/posts"}],"about":[{"href":"https:\/\/www.europesays.com\/fr\/wp-json\/wp\/v2\/types\/post"}],"author":[{"embeddable":true,"href":"https:\/\/www.europesays.com\/fr\/wp-json\/wp\/v2\/users\/2"}],"replies":[{"embeddable":true,"href":"https:\/\/www.europesays.com\/fr\/wp-json\/wp\/v2\/comments?post=1159234"}],"version-history":[{"count":0,"href":"https:\/\/www.europesays.com\/fr\/wp-json\/wp\/v2\/posts\/1159234\/revisions"}],"wp:featuredmedia":[{"embeddable":true,"href":"https:\/\/www.europesays.com\/fr\/wp-json\/wp\/v2\/media\/1159235"}],"wp:attachment":[{"href":"https:\/\/www.europesays.com\/fr\/wp-json\/wp\/v2\/media?parent=1159234"}],"wp:term":[{"taxonomy":"category","embeddable":true,"href":"https:\/\/www.europesays.com\/fr\/wp-json\/wp\/v2\/categories?post=1159234"},{"taxonomy":"post_tag","embeddable":true,"href":"https:\/\/www.europesays.com\/fr\/wp-json\/wp\/v2\/tags?post=1159234"}],"curies":[{"name":"wp","href":"https:\/\/api.w.org\/{rel}","templated":true}]}}