{"id":1159236,"date":"2026-08-31T14:03:18","date_gmt":"2026-08-31T14:03:18","guid":{"rendered":"https:\/\/www.europesays.com\/fr\/1159236\/"},"modified":"2026-08-31T14:03:18","modified_gmt":"2026-08-31T14:03:18","slug":"pres-de-400-enfants-a-la-rue-dans-la-metropole-de-lyon","status":"publish","type":"post","link":"https:\/\/www.europesays.com\/fr\/1159236\/","title":{"rendered":"Pr\u00e8s de 400 enfants \u00e0 la rue dans la M\u00e9tropole de Lyon"},"content":{"rendered":"<p>&#13;<br \/>\n\t\t\t\t\t\t\t\t\t\t\t\t&#13;<br \/>\n\t\t\t\t\t\t\tPubli\u00e9&#13;<br \/>\n\t\t\t\t\t\t\t\t\t\t\t\t\t\t\tle 01 sept. 2026 \u00e0 07:30&#13;<br \/>\n\t\t\t\t\t\t\t&#13;<br \/>\n\t\t\t\t\t\t\t&#8211; Temps de lecture : &#13;<br \/>\n\t\t\t\t\t\t&#13;\n\t\t\t\t\t<\/p>\n<p>387\u00a0enfants scolaris\u00e9s dorment dehors dans la m\u00e9tropole de Lyon.\u00a0En quatre ans, la m\u00e9tropole lyonnaise a vu le nombre d\u2019enfants sans solution d\u2019h\u00e9bergement augmenter de 242%.<\/p>\n","protected":false},"excerpt":{"rendered":"&#13; &#13; Publi\u00e9&#13; le 01 sept. 2026 \u00e0 07:30&#13; &#13; &#8211; Temps de lecture : &#13; &#13; 387\u00a0enfants&hellip;\n","protected":false},"author":2,"featured_media":1159237,"comment_status":"","ping_status":"","sticky":false,"template":"","format":"standard","meta":{"footnotes":"","_share_on_mastodon":"0"},"categories":[1889],"tags":[1111,11,2430,1777,674,1011,27,2428,12,25],"class_list":["post-1159236","post","type-post","status-publish","format-standard","has-post-thumbnail","category-lyon","tag-actu","tag-actualites","tag-auvergne-rhone-alpes","tag-eu","tag-europe","tag-fr","tag-france","tag-lyon","tag-news","tag-republique-francaise"],"share_on_mastodon":{"url":"","error":""},"_links":{"self":[{"href":"https:\/\/www.europesays.com\/fr\/wp-json\/wp\/v2\/posts\/1159236","targetHints":{"allow":["GET"]}}],"collection":[{"href":"https:\/\/www.europesays.com\/fr\/wp-json\/wp\/v2\/posts"}],"about":[{"href":"https:\/\/www.europesays.com\/fr\/wp-json\/wp\/v2\/types\/post"}],"author":[{"embeddable":true,"href":"https:\/\/www.europesays.com\/fr\/wp-json\/wp\/v2\/users\/2"}],"replies":[{"embeddable":true,"href":"https:\/\/www.europesays.com\/fr\/wp-json\/wp\/v2\/comments?post=1159236"}],"version-history":[{"count":0,"href":"https:\/\/www.europesays.com\/fr\/wp-json\/wp\/v2\/posts\/1159236\/revisions"}],"wp:featuredmedia":[{"embeddable":true,"href":"https:\/\/www.europesays.com\/fr\/wp-json\/wp\/v2\/media\/1159237"}],"wp:attachment":[{"href":"https:\/\/www.europesays.com\/fr\/wp-json\/wp\/v2\/media?parent=1159236"}],"wp:term":[{"taxonomy":"category","embeddable":true,"href":"https:\/\/www.europesays.com\/fr\/wp-json\/wp\/v2\/categories?post=1159236"},{"taxonomy":"post_tag","embeddable":true,"href":"https:\/\/www.europesays.com\/fr\/wp-json\/wp\/v2\/tags?post=1159236"}],"curies":[{"name":"wp","href":"https:\/\/api.w.org\/{rel}","templated":true}]}}