{"id":1159248,"date":"2026-08-31T14:10:18","date_gmt":"2026-08-31T14:10:18","guid":{"rendered":"https:\/\/www.europesays.com\/fr\/1159248\/"},"modified":"2026-08-31T14:10:18","modified_gmt":"2026-08-31T14:10:18","slug":"la-russie-augmente-la-production-des-geran-4-et-5-bien-plus-efficaces-en-ukraine-que-les-geran-2","status":"publish","type":"post","link":"https:\/\/www.europesays.com\/fr\/1159248\/","title":{"rendered":"La Russie augmente la production des Geran-4 et 5 bien plus efficaces en Ukraine que les Geran-2"},"content":{"rendered":"<p class=\"wp-block-paragraph\">En ao\u00fbt 2026, les forces russes ont lanc\u00e9 <a href=\"https:\/\/united24media.com\/war-in-ukraine\/russia-floods-ukraine-with-record-number-of-jet-powered-shaheds-straight-from-factories-22063\/\" target=\"_blank\" rel=\"noopener nofollow\">plus de 2 500 drones Shahed \u00e0 r\u00e9action contre l\u2019Ukraine<\/a>, alors que Kyiv et ses partenaires europ\u00e9ens avaient concentr\u00e9 une part croissante de leurs moyens sur l\u2019interception du Geran-2 \u00e0 h\u00e9lice. Devenu tr\u00e8s peu efficace pour atteindre ses cibles, ce dernier reste pourtant engag\u00e9 en nombre. L\u2019arriv\u00e9e massive des Geran-4 et Geran-5, beaucoup plus rapides et dot\u00e9s de moyens de navigation et de communication perfectionn\u00e9s, place ainsi la d\u00e9fense a\u00e9rienne ukrainienne devant une menace diff\u00e9rente, sans faire dispara\u00eetre celle qu\u2019elle avait appris \u00e0 contenir.<\/p>\n<p>Geran-4 et Geran-5 : mont\u00e9e en production<\/p>\n<p class=\"wp-block-paragraph\">En juillet, environ 1 500 appareils \u00e0 r\u00e9action avaient \u00e9t\u00e9 employ\u00e9s, soit une progression d\u2019au moins 67% en un mois. Selon Serhii Beskrestnov, conseiller de la pr\u00e9sidence ukrainienne pour les technologies de d\u00e9fense, les <a href=\"https:\/\/united24media.com\/war-in-ukraine\/russia-floods-ukraine-with-record-number-of-jet-powered-shaheds-straight-from-factories-22063\/\" target=\"_blank\" rel=\"noopener nofollow\">drones nouvellement produits sont envoy\u00e9s au combat presque directement apr\u00e8s leur sortie d\u2019usine<\/a>. Le passage de la fabrication \u00e0 l\u2019emploi op\u00e9rationnel ne s\u2019accompagne donc pas de la constitution pr\u00e9alable d\u2019une r\u00e9serve importante. Lors d\u2019une attaque r\u00e9cente, ces variantes auraient d\u00e9j\u00e0 repr\u00e9sent\u00e9 50% de tous les drones lanc\u00e9s par les forces russes.<\/p>\n<p class=\"wp-block-paragraph\">Le 12 ao\u00fbt, la Direction principale du renseignement du minist\u00e8re ukrainien de la D\u00e9fense, dite HUR, estimait la production russe \u00e0 environ 3 000 Geran-4 et Geran-5 par mois. <a href=\"https:\/\/meta-defense.fr\/2026\/08\/13\/russie-geran-frappes-ukraine\/\" rel=\"nofollow noopener\" target=\"_blank\">Leur fabrication en s\u00e9rie est install\u00e9e \u00e0 Yelabuga<\/a>, dans la zone \u00e9conomique sp\u00e9ciale d\u2019Alabuga, au Tatarstan. Il avait fallu pr\u00e8s de 3 ans \u00e0 l\u2019industrie russe pour d\u00e9passer 2 500 Geran-2 mensuels. Quelques mois lui ont suffi pour atteindre un volume comparable avec les mod\u00e8les \u00e0 r\u00e9action, dont la production aurait d\u00e9pass\u00e9 celle du Geran-2 durant le mois d\u2019ao\u00fbt.<\/p>\n<p class=\"wp-block-paragraph\">Avec environ 185 km\/h, le Geran-2 demeure nettement plus lent que le Geran-4, donn\u00e9 pour 500 km\/h, et le Geran-5, susceptible d\u2019atteindre 600 km\/h. Les documents diffus\u00e9s le 9 mai par le minist\u00e8re russe de la D\u00e9fense attribuent au Geran-5 une longueur de 6 m\u00e8tres, une envergure de 5,5 m\u00e8tres, une charge militaire de 90 kg et une port\u00e9e pouvant atteindre 1 000 km. Les mod\u00e8les \u00e0 r\u00e9action re\u00e7oivent \u00e9galement des \u00e9quipements de communication en r\u00e9seau maill\u00e9, con\u00e7us pour mieux r\u00e9sister aux moyens ukrainiens de guerre \u00e9lectronique.<\/p>\n","protected":false},"excerpt":{"rendered":"En ao\u00fbt 2026, les forces russes ont lanc\u00e9 plus de 2 500 drones Shahed \u00e0 r\u00e9action contre l\u2019Ukraine,&hellip;\n","protected":false},"author":2,"featured_media":1024422,"comment_status":"","ping_status":"","sticky":false,"template":"","format":"standard","meta":{"footnotes":"","_share_on_mastodon":"0"},"categories":[1591],"tags":[11,1887,12,1885,1886,132],"class_list":["post-1159248","post","type-post","status-publish","format-standard","has-post-thumbnail","category-russie","tag-actualites","tag-federation-de-russie","tag-news","tag-russia","tag-russian-federation","tag-russie"],"share_on_mastodon":{"url":"https:\/\/pubeurope.com\/@fr\/117190526829367060","error":""},"_links":{"self":[{"href":"https:\/\/www.europesays.com\/fr\/wp-json\/wp\/v2\/posts\/1159248","targetHints":{"allow":["GET"]}}],"collection":[{"href":"https:\/\/www.europesays.com\/fr\/wp-json\/wp\/v2\/posts"}],"about":[{"href":"https:\/\/www.europesays.com\/fr\/wp-json\/wp\/v2\/types\/post"}],"author":[{"embeddable":true,"href":"https:\/\/www.europesays.com\/fr\/wp-json\/wp\/v2\/users\/2"}],"replies":[{"embeddable":true,"href":"https:\/\/www.europesays.com\/fr\/wp-json\/wp\/v2\/comments?post=1159248"}],"version-history":[{"count":0,"href":"https:\/\/www.europesays.com\/fr\/wp-json\/wp\/v2\/posts\/1159248\/revisions"}],"wp:featuredmedia":[{"embeddable":true,"href":"https:\/\/www.europesays.com\/fr\/wp-json\/wp\/v2\/media\/1024422"}],"wp:attachment":[{"href":"https:\/\/www.europesays.com\/fr\/wp-json\/wp\/v2\/media?parent=1159248"}],"wp:term":[{"taxonomy":"category","embeddable":true,"href":"https:\/\/www.europesays.com\/fr\/wp-json\/wp\/v2\/categories?post=1159248"},{"taxonomy":"post_tag","embeddable":true,"href":"https:\/\/www.europesays.com\/fr\/wp-json\/wp\/v2\/tags?post=1159248"}],"curies":[{"name":"wp","href":"https:\/\/api.w.org\/{rel}","templated":true}]}}