{"id":115925,"date":"2025-05-21T03:58:10","date_gmt":"2025-05-21T03:58:10","guid":{"rendered":"https:\/\/www.europesays.com\/fr\/115925\/"},"modified":"2025-05-21T03:58:10","modified_gmt":"2025-05-21T03:58:10","slug":"la-salle-a-ete-menacee","status":"publish","type":"post","link":"https:\/\/www.europesays.com\/fr\/115925\/","title":{"rendered":"La salle a \u00e9t\u00e9 menac\u00e9e"},"content":{"rendered":"<p>            Par<br \/>\n        <strong><br \/>\n            <a href=\"https:\/\/actu.fr\/auteur\/thibault-nadal-actu-fr\" title=\"Consulter tous les articles de Thibault Nadal\" target=\"_blank\" rel=\"noopener\">Thibault Nadal<\/a><br \/>\n        <\/strong><\/p>\n<p>        Publi\u00e9 le<\/p>\n<p>            20 mai 2025 \u00e0 17h12        <\/p>\n<p>\u00ab\u2009Cette d\u00e9cision est une victoire pour toutes les survivantes\u2009\u00bb. Ce sont par ces mots que les militantes du collectif Nous Toutes Aubagne ont r\u00e9agi \u00e0 l\u2019annulation du concert de <a href=\"https:\/\/actu.fr\/tag\/jean-luc-lahaye\" target=\"_blank\" rel=\"noopener\">Jean-Luc Lahaye<\/a>, pr\u00e9vu le samedi 14\u00a0juin prochain \u00e0 <a href=\"https:\/\/actu.fr\/provence-alpes-cote-d-azur\/la-penne-sur-huveaune_13070\" target=\"_blank\" rel=\"noopener\">La Penne-sur-Huveaune<\/a>. Apr\u00e8s l\u2019annonce en avril\u00a02025 de sa venue au Cherrydon, une petite salle de concert des Bouches-du-Rh\u00f4ne, <a href=\"https:\/\/www.change.org\/p\/exigeons-la-d%C3%A9programmation-du-concert-de-jean-luc-lahaye\" target=\"_blank\" rel=\"noopener\">une p\u00e9tition avait \u00e9t\u00e9 lanc\u00e9e<\/a> pour \u00ab\u2009d\u00e9noncer <strong>une programmation inacceptable et scandaleuse pour les victimes<\/strong>\u2009\u00bb, rappelant le lourd passif judiciaire du chanteur.<\/p>\n<p class=\" wall-content\">Jean-Luc Lahaye a notamment \u00e9t\u00e9 condamn\u00e9 en 2007 pour \u00ab\u2009atteinte sexuelle sur mineur de 15\u00a0ans\u2009\u00bb et en 2015 pour \u00ab\u2009corruption de mineur de 15\u00a0ans\u2009\u00bb. Il est \u00e9galement mis en examen en 2021 pour \u00ab\u2009viol et agression sexuelle de mineurs de plus de 15\u00a0ans\u2009\u00bb sur deux adolescentes. Des faits qui remontent \u00e0\u00a02013 et\u00a02014.<\/p>\n<p>L\u2019\u00e9tablissement menac\u00e9<\/p>\n<p class=\" wall-content\">Contact\u00e9 par actu Marseille, le g\u00e9rant du Cherrydon, Denis Durand, explique avoir pris cette d\u00e9cision \u00ab\u2009pour le bien de tout le monde\u2009\u00bb et pour <strong>\u00ab\u2009\u00e9viter des d\u00e9bordements\u2009\u00bb<\/strong>.<\/p>\n<p class=\" wall-content\"><a href=\"https:\/\/www.instagram.com\/p\/DJvuyMZq99y\/embed\" title=\"Ouvrir le lien sur Instagram\" target=\"_blank\" rel=\"noopener\">Visualiser le contenu sur Instagram<\/a><\/p>\n<p class=\" wall-content\">Depuis l\u2019annonce de sa venue en avril dernier, Denis Durand affirme \u00ab\u2009avoir <strong>re\u00e7u des menaces sur les r\u00e9seaux sociaux et des coups de fil anonymes<\/strong>\u2009\u00bb. M\u00eame s\u2019il assure qu\u2019il ne d\u00e9posera pas plainte pour ces faits.<\/p>\n<blockquote class=\"ac-article-quote wall-content\">\n<p>Il y a eu beaucoup de pression sur ce concert, de la part des associations notamment. Nous n\u2019avions pas \u00e9valu\u00e9 la gravit\u00e9 de la chose quand on l\u2019a programm\u00e9.<\/p>\n<p>    <strong>Denis Durand<\/strong><br \/>\n        G\u00e9rant du Cherrydon \u00e0 La Penne-sur-Huveaune    <\/p><\/blockquote>\n<p>La salle \u00e9tait \u00ab\u2009quasiment compl\u00e8te\u2009\u00bb<\/p>\n<p class=\" wall-content\">Denis Durand raconte avoir \u00e9t\u00e9 contact\u00e9 il y a plus d\u2019un mois par l\u2019agent de Jean-Luc Lahaye. <strong>\u00ab\u2009Nous n\u2019ignorions pas ce qu\u2019il avait fait\u2009\u00bb<\/strong>, assure le g\u00e9rant de la salle de spectacles.<\/p>\n<p class=\" wall-content\">Malgr\u00e9 le lourd passif du chanteur de 72\u00a0ans, Denis Durant n\u2019imaginait \u00ab\u2009l\u2019ampleur que \u00e7a allait atteindre\u2009\u00bb. Pour ces raisons et afin d\u2019\u00e9viter des <a href=\"https:\/\/actu.fr\/tag\/manifestations\" target=\"_blank\" rel=\"noopener\">manifestations<\/a> d\u00e9j\u00e0 programm\u00e9es devant sa salle, le choix a \u00e9t\u00e9 fait d\u2019annuler la venue de Jean-Luc Lahaye. Une d\u00e9cision comprise accept\u00e9e par ce dernier, selon le g\u00e9rant du Cherrydon.<\/p>\n<p class=\" wall-content\">Pourtant, la soir\u00e9e affichait \u00ab\u2009quasiment complet\u2009\u00bb, selon Denis Durand qui regrette l\u2019ampleur de la mobilisation. \u00ab\u2009\u00c7a reste de la musique, du spectacle. <strong>\u00c7a m\u2019aurait fait plaisir de l\u2019avoir dans ma salle<\/strong>, qu\u2019il chante ses tubes durant une heure et qu\u2019il rentre chez lui et qu\u2019on passe \u00e0 autre chose\u2009\u00bb.<\/p>\n<p class=\" wall-content\">\u00c0 la place, le Cherrydon a programm\u00e9 une soir\u00e9e karaok\u00e9.<\/p>\n<p class=\" wall-content\">Suivez toute l\u2019actualit\u00e9 de vos villes et m\u00e9dias favoris en vous inscrivant \u00e0 <a href=\"https:\/\/moncompte.actu.fr\" title=\"D\u00e9couvez Mon Actu\" rel=\"nofollow noopener\" data-trk=\"{&quot;cta&quot;:{&quot;action&quot;:&quot;https:\\\/\\\/moncompte.actu.fr&quot;,&quot;category&quot;:&quot;mon compte&quot;,&quot;from&quot;:&quot;article footer&quot;,&quot;name&quot;:&quot;Mon actu&quot;,&quot;type&quot;:&quot;cta&quot;}}\" target=\"_blank\">Mon Actu<\/a>.<\/p>\n<p>                    <script async src=\"\/\/www.instagram.com\/embed.js\"><\/script><\/p>\n","protected":false},"excerpt":{"rendered":"Par Thibault Nadal Publi\u00e9 le 20 mai 2025 \u00e0 17h12 \u00ab\u2009Cette d\u00e9cision est une victoire pour toutes les&hellip;\n","protected":false},"author":2,"featured_media":115926,"comment_status":"","ping_status":"","sticky":false,"template":"","format":"standard","meta":{"footnotes":""},"categories":[2814],"tags":[1111,11,1697,1777,674,1011,27,9415,303,1652,884,12,882,25],"class_list":{"0":"post-115925","1":"post","2":"type-post","3":"status-publish","4":"format-standard","5":"has-post-thumbnail","7":"category-marseille","8":"tag-actu","9":"tag-actualites","10":"tag-concert","11":"tag-eu","12":"tag-europe","13":"tag-fr","14":"tag-france","15":"tag-jean-luc-lahaye","16":"tag-justice","17":"tag-loisirs-culture","18":"tag-marseille","19":"tag-news","20":"tag-provence-alpes-cote-dazur","21":"tag-republique-francaise"},"share_on_mastodon":{"url":"https:\/\/pubeurope.com\/@fr\/114543821086322485","error":""},"_links":{"self":[{"href":"https:\/\/www.europesays.com\/fr\/wp-json\/wp\/v2\/posts\/115925","targetHints":{"allow":["GET"]}}],"collection":[{"href":"https:\/\/www.europesays.com\/fr\/wp-json\/wp\/v2\/posts"}],"about":[{"href":"https:\/\/www.europesays.com\/fr\/wp-json\/wp\/v2\/types\/post"}],"author":[{"embeddable":true,"href":"https:\/\/www.europesays.com\/fr\/wp-json\/wp\/v2\/users\/2"}],"replies":[{"embeddable":true,"href":"https:\/\/www.europesays.com\/fr\/wp-json\/wp\/v2\/comments?post=115925"}],"version-history":[{"count":0,"href":"https:\/\/www.europesays.com\/fr\/wp-json\/wp\/v2\/posts\/115925\/revisions"}],"wp:featuredmedia":[{"embeddable":true,"href":"https:\/\/www.europesays.com\/fr\/wp-json\/wp\/v2\/media\/115926"}],"wp:attachment":[{"href":"https:\/\/www.europesays.com\/fr\/wp-json\/wp\/v2\/media?parent=115925"}],"wp:term":[{"taxonomy":"category","embeddable":true,"href":"https:\/\/www.europesays.com\/fr\/wp-json\/wp\/v2\/categories?post=115925"},{"taxonomy":"post_tag","embeddable":true,"href":"https:\/\/www.europesays.com\/fr\/wp-json\/wp\/v2\/tags?post=115925"}],"curies":[{"name":"wp","href":"https:\/\/api.w.org\/{rel}","templated":true}]}}