{"id":1159258,"date":"2026-08-31T14:19:25","date_gmt":"2026-08-31T14:19:25","guid":{"rendered":"https:\/\/www.europesays.com\/fr\/1159258\/"},"modified":"2026-08-31T14:19:25","modified_gmt":"2026-08-31T14:19:25","slug":"bybit-eu-sallie-a-mexc-pour-assurer-une-transition-fluide-des-utilisateurs-neerlandais","status":"publish","type":"post","link":"https:\/\/www.europesays.com\/fr\/1159258\/","title":{"rendered":"Bybit EU s\u2019allie \u00e0 MEXC pour assurer une transition fluide des utilisateurs n\u00e9erlandais"},"content":{"rendered":"<p>Vienne, Autriche \u2014 31 ao\u00fbt 2026 \u2014 <a href=\"https:\/\/i.bybit.eu\/2Cab4md1\" target=\"_blank\" rel=\"nofollow noopener\">Bybit EU<\/a>, dont le si\u00e8ge est \u00e0 Vienne et qui op\u00e8re sous une autorisation MiCAR d\u00e9livr\u00e9e par l\u2019Autorit\u00e9 autrichienne des march\u00e9s financiers (FMA), a \u00e9t\u00e9 d\u00e9sign\u00e9e comme alternative recommand\u00e9e pour les utilisateurs de MEXC bas\u00e9s aux Pays-Bas. Ce choix fait suite \u00e0 la d\u00e9cision de MEXC de cesser ses activit\u00e9s aux Pays-Bas afin de se conformer aux exigences r\u00e9glementaires europ\u00e9ennes.<\/p>\n<p>\u00ab Nous sommes heureux d\u2019accueillir les utilisateurs n\u00e9erlandais \u00e0 la recherche d\u2019une plateforme r\u00e9glement\u00e9e et conforme pour poursuivre leur parcours dans les crypto-actifs \u00bb, d\u00e9clare Nazar Tymoshchuk, Regional Country Manager chez Bybit. \u00ab Le cadre MiCAR a \u00e9t\u00e9 mis en place pour prot\u00e9ger les investisseurs europ\u00e9ens, et nous nous engageons \u00e0 offrir une exp\u00e9rience s\u00e9curis\u00e9e et fluide \u00e0 tous ceux qui migrent vers Bybit EU. \u00bb<\/p>\n<p>MEXC a annonc\u00e9 qu\u2019elle ne servira plus les clients r\u00e9sidant aux Pays-Bas en raison de l\u2019entr\u00e9e en application du r\u00e8glement sur les march\u00e9s de crypto-actifs (MiCAR), qui impose \u00e0 tous les prestataires de services sur crypto-actifs op\u00e9rant dans l\u2019UE de d\u00e9tenir une autorisation ad\u00e9quate.<\/p>\n<p>\u00ab Ce partenariat avec Bybit constitue une \u00e9tape cl\u00e9 pour garantir \u00e0 nos utilisateurs une transition s\u00e9curis\u00e9e, conforme et aussi fluide que possible \u00bb, souligne Robert MacDonald, Chief Compliance Officer de MEXC. \u00ab Le cadre r\u00e9glementaire solide de Bybit et son engagement en faveur de la protection des utilisateurs nous permettent d\u2019\u00eatre confiants quant au maintien de services fiables et d\u2019un haut niveau d\u2019accompagnement tout au long de cette transition. \u00bb<\/p>\n<p>Ce que cela implique pour les utilisateurs n\u00e9erlandais<\/p>\n<p>Les clients de MEXC aux Pays-Bas recevront une communication directe de MEXC d\u00e9taillant les prochaines \u00e9tapes et le calendrier. Ceux qui choisiront de rejoindre Bybit EU devront ouvrir et v\u00e9rifier un nouveau compte par eux-m\u00eames : aucun compte ni aucun actif ne sera transf\u00e9r\u00e9 automatiquement.<\/p>\n<p>Il est recommand\u00e9 aux utilisateurs de finaliser leur transition d\u2019ici au 31 octobre 2026, la cl\u00f4ture d\u00e9finitive des relations avec MEXC \u00e9tant pr\u00e9vue pour le 16 novembre 2026.<\/p>\n<p>\u00c0 propos de Bybit EU<\/p>\n<p>Bybit EU op\u00e8re depuis mai 2025 sous une autorisation MiCAR accord\u00e9e par l\u2019Autorit\u00e9 autrichienne des march\u00e9s financiers (FMA). Conform\u00e9ment \u00e0 la r\u00e9glementation, la plateforme s\u00e9pare strictement les fonds des clients des actifs de la soci\u00e9t\u00e9, prend en charge les d\u00e9p\u00f4ts et retraits en EUR via SEPA et iDEAL, et propose plus de 115 tokens sur 135 paires de n\u00e9gociation libell\u00e9es en USDC et en EUR. La plateforme est disponible en n\u00e9erlandais.<\/p>\n<p>Accompagnement de la transition<\/p>\n<p>Pour faciliter la transition, Bybit EU propose un pack de bienvenue aux nouveaux inscrits \u00e9ligibles, comprenant des bonus, des frais de trading pr\u00e9f\u00e9rentiels et du cashback sur la Bybit Card. Tous les d\u00e9tails et conditions sont disponibles sur la <a href=\"https:\/\/partner.bybit.eu\/b\/mexcmove\" target=\"_blank\" rel=\"nofollow noopener\">page d\u2019accueil d\u00e9di\u00e9e<\/a>.<\/p>\n<p>Une page d\u2019accueil sp\u00e9cifique est mise \u00e0 disposition des utilisateurs n\u00e9erlandais, avec un guide pas-\u00e0-pas, une foire aux questions et des liens vers le service client.<\/p>\n<p>Les utilisateurs peuvent \u00e9galement rejoindre la communaut\u00e9 Bybit n\u00e9erlandophone pour obtenir une assistance lors du transfert :<br \/>\nTelegram : <a href=\"https:\/\/t.me\/Bybit_NL\" target=\"_blank\" rel=\"nofollow noopener\">https:\/\/t.me\/Bybit_NL<\/a><br \/>\nX (Twitter) : <a href=\"https:\/\/x.com\/BybitNL\" target=\"_blank\" rel=\"nofollow noopener\">https:\/\/x.com\/BybitNL<\/a><\/p>\n<p>Bybit EU<\/p>\n<p>Bybit EU GmbH est un prestataire de services sur crypto-actifs (CASP) autrichien autoris\u00e9 au titre du r\u00e8glement sur les march\u00e9s de crypto-actifs (MiCAR) en Autriche. Bybit EU dessert les clients dans l\u2019ensemble de l\u2019Espace \u00e9conomique europ\u00e9en (EEE) \u2013 \u00e0 l\u2019exception de Malte \u2013 via la plateforme bybit.eu.<\/p>\n<p>Bybit EU GmbH est autoris\u00e9e \u00e0 fournir les services suivants :<\/p>\n<ul>\n<li>conservation et administration de crypto-actifs pour le compte de clients ;<\/li>\n<li>\u00e9change de crypto-actifs contre des fonds ;<\/li>\n<li>\u00e9change de crypto-actifs contre d\u2019autres crypto-actifs ;<\/li>\n<li>placement de crypto-actifs ; et<\/li>\n<li>services de transfert de crypto-actifs pour le compte de clients.<\/li>\n<\/ul>\n<p>Bybit EU GmbH n\u2019exploite pas de plateforme de n\u00e9gociation pour crypto-actifs et ne fournit pas de conseil en investissement.<\/p>\n<p>Contact presse : <a href=\"https:\/\/yellow.com\/fr\/press-releases\/press@bybit.eu\" target=\"_blank\" rel=\"nofollow noopener\">[email\u00a0protected]<\/a><\/p>\n<p><a href=\"https:\/\/i.bybit.eu\/2Cab4md1\" target=\"_blank\" rel=\"nofollow noopener\">www.bybit.eu<br \/>\n<\/a><\/p>\n<p>Avertissement : Ce communiqu\u00e9 de presse est fourni \u00e0 titre purement informatif et ne constitue ni un conseil en investissement ni une offre d\u2019achat ou de vente de crypto-actifs. Investir dans les crypto-actifs comporte des risques, notamment une forte volatilit\u00e9 et la possibilit\u00e9 de pertes en capital. Informez-vous soigneusement sur les risques avant de prendre toute d\u00e9cision d\u2019investissement. Les produits et services mentionn\u00e9s dans le pr\u00e9sent document sont soumis aux lois et r\u00e9glementations applicables dans les juridictions concern\u00e9es et peuvent ne pas \u00eatre disponibles dans certaines r\u00e9gions.<\/p>\n","protected":false},"excerpt":{"rendered":"Vienne, Autriche \u2014 31 ao\u00fbt 2026 \u2014 Bybit EU, dont le si\u00e8ge est \u00e0 Vienne et qui op\u00e8re&hellip;\n","protected":false},"author":2,"featured_media":1159259,"comment_status":"","ping_status":"","sticky":false,"template":"","format":"standard","meta":{"footnotes":"","_share_on_mastodon":"0"},"categories":[1586],"tags":[11,1777,674,1779,1011,27,12,25,1778,364],"class_list":["post-1159258","post","type-post","status-publish","format-standard","has-post-thumbnail","category-europe","tag-actualites","tag-eu","tag-europe","tag-european-union","tag-fr","tag-france","tag-news","tag-republique-francaise","tag-ue","tag-union-europeenne"],"share_on_mastodon":{"url":"","error":""},"_links":{"self":[{"href":"https:\/\/www.europesays.com\/fr\/wp-json\/wp\/v2\/posts\/1159258","targetHints":{"allow":["GET"]}}],"collection":[{"href":"https:\/\/www.europesays.com\/fr\/wp-json\/wp\/v2\/posts"}],"about":[{"href":"https:\/\/www.europesays.com\/fr\/wp-json\/wp\/v2\/types\/post"}],"author":[{"embeddable":true,"href":"https:\/\/www.europesays.com\/fr\/wp-json\/wp\/v2\/users\/2"}],"replies":[{"embeddable":true,"href":"https:\/\/www.europesays.com\/fr\/wp-json\/wp\/v2\/comments?post=1159258"}],"version-history":[{"count":0,"href":"https:\/\/www.europesays.com\/fr\/wp-json\/wp\/v2\/posts\/1159258\/revisions"}],"wp:featuredmedia":[{"embeddable":true,"href":"https:\/\/www.europesays.com\/fr\/wp-json\/wp\/v2\/media\/1159259"}],"wp:attachment":[{"href":"https:\/\/www.europesays.com\/fr\/wp-json\/wp\/v2\/media?parent=1159258"}],"wp:term":[{"taxonomy":"category","embeddable":true,"href":"https:\/\/www.europesays.com\/fr\/wp-json\/wp\/v2\/categories?post=1159258"},{"taxonomy":"post_tag","embeddable":true,"href":"https:\/\/www.europesays.com\/fr\/wp-json\/wp\/v2\/tags?post=1159258"}],"curies":[{"name":"wp","href":"https:\/\/api.w.org\/{rel}","templated":true}]}}