{"id":1159270,"date":"2026-08-31T14:33:17","date_gmt":"2026-08-31T14:33:17","guid":{"rendered":"https:\/\/www.europesays.com\/fr\/1159270\/"},"modified":"2026-08-31T14:33:17","modified_gmt":"2026-08-31T14:33:17","slug":"vuelta-enric-mas-se-mefie-surtout-de-primoz-roglic-actualite","status":"publish","type":"post","link":"https:\/\/www.europesays.com\/fr\/1159270\/","title":{"rendered":"Vuelta : Enric Mas se m\u00e9fie surtout de\u2026 Primoz Roglic &#8211; Actualit\u00e9"},"content":{"rendered":"<p dir=\"ltr\">La premi\u00e8re semaine du Tour d\u2019Espagne a \u00e9t\u00e9 longue et riche en \u00e9motions comme en rebondissements. Qui aurait pu imaginer, il y a encore trois jours de cela, qu\u2019<strong><a style=\"color: #000000; text-decoration: underline;\" href=\"https:\/\/www.directvelo.com\/actualite\/131583\/tour-despagne-et-9-classements\" target=\"_blank\" rel=\"noopener nofollow\">Enric Mas l\u2019emporterait en patron, maillot rouge sur le dos, sur les hauteurs de l\u2019Alto de Aitana<\/a><\/strong> ? Bien s\u00fbr, la lourde chute et <strong><a style=\"color: #000000; text-decoration: underline;\" href=\"https:\/\/www.directvelo.com\/actualite\/131570\/bilan-medical-devoile-pour-tadej-pogacar\" target=\"_blank\" rel=\"noopener nofollow\">l\u2019abandon de l\u2019ultra-favori Tadej Pogacar<\/a><\/strong> ont totalement redistribu\u00e9 les cartes et ils sont au moins cinq ou six \u00e0 pouvoir r\u00eaver de remporter cette Vuelta. Mais \u00e0 l\u2019instant-T, le mieux plac\u00e9 pour y parvenir est donc Enric Mas. D\u00e9j\u00e0 trois fois 2e de l\u2019\u00e9preuve &#8211; <strong><a style=\"color: #000000; text-decoration: underline;\" href=\"https:\/\/www.directvelo.com\/epreuve\/33432\/tour-d-espagne-2022\" target=\"_blank\" rel=\"noopener nofollow\">la derni\u00e8re fois en 2022, derri\u00e8re Remco Evenepoel<\/a><\/strong> -, le leader de la Movistar s\u2019est montr\u00e9 serein face \u00e0 la presse, ce lundi \u00e0 l\u2019occasion de la premi\u00e8re journ\u00e9e de repos, \u00e0 Albacete dans la r\u00e9gion de Castille-La Manche.<\/p>\n<p dir=\"ltr\">Apr\u00e8s des moments difficiles, l\u2019athl\u00e8te de 31 ans savoure de se retrouver dans une pareille situation. \u201cJ\u2019ai travers\u00e9 des moments compliqu\u00e9s, mais j\u2019en avais d\u00e9j\u00e0 connu d\u2019autres par le pass\u00e9. Il faut passer par l\u00e0, \u00e7a fait partie d\u2019une carri\u00e8re de coureur cycliste. Le plus important, c\u2019est d\u2019avoir retrouv\u00e9 une grande condition, et le sourire, sur cette Vuelta\u201d, se r\u00e9jouit-il <strong><a style=\"color: #000000; text-decoration: underline;\" href=\"https:\/\/www.esciclismo.com\/actualidad\/carretera\/92781.html\" target=\"_blank\" rel=\"noopener nofollow\">dans des propos relay\u00e9s par nos confr\u00e8res de EsCiclismo.<\/a><\/strong>\u00a0<\/p>\n<p dir=\"ltr\"><strong>\u00ab ON AURA S\u00dbREMENT DE L\u2019AIDE \u00bb <\/strong><strong><br \/><\/strong><strong><br \/><\/strong>Enric Mas confirme que le maillot rouge \u201cdonne des ailes\u201d et d\u00e9signe un certain Primoz Roglic comme son adversaire N\u00b01 dans la course \u00e0 la victoire finale. Le Slov\u00e8ne, qui avait pourtant de gros doutes quant \u00e0 sa condition physique en arrivant \u00e0 Monaco, et qui avait m\u00eame longtemps craint de ne pas pouvoir prendre le d\u00e9part, se montre en effet tr\u00e8s solide et pourrait (devrait ?) monter en pression au fil des \u00e9tapes.<\/p>\n<p>L\u2019Hispanique a-t-il confiance en ses co\u00e9quipiers et en une formation Movistar souvent d\u00e9cri\u00e9e pour ses strat\u00e9gies de course, alors qu\u2019il va falloir tenir pendant deux semaines ? Enric Mas est persuad\u00e9 de trouver des alli\u00e9s de circonstance au fil des \u00e9tapes. \u201cOn aura s\u00fbrement de l\u2019aide de pas mal d\u2019\u00e9quipes, que ce soit pour les \u00e9tapes promises aux sprinteurs ou pour celles qui doivent se jouer entre baroudeurs\u201d, imagine le leader de la course. Se voit-il en rouge \u00e0 Grenade ? \u201cJe n\u2019ai pas peur, mais je n\u2019y pense pas trop. Ce serait accumuler du stress pour pas grand-chose\u201d. Il conc\u00e8de d\u2019ailleurs ne pas avoir encore particuli\u00e8rement analys\u00e9 le livre de route et les profils pr\u00e9cis des \u00e9tapes \u00e0 venir. \u00ab\u00a0Je n&rsquo;en ai pas eu trop le temps\u00a0\u00bb.\u00a0<\/p>\n","protected":false},"excerpt":{"rendered":"La premi\u00e8re semaine du Tour d\u2019Espagne a \u00e9t\u00e9 longue et riche en \u00e9motions comme en rebondissements. Qui aurait&hellip;\n","protected":false},"author":2,"featured_media":1159271,"comment_status":"","ping_status":"","sticky":false,"template":"","format":"standard","meta":{"footnotes":"","_share_on_mastodon":"0"},"categories":[1411],"tags":[834,828,836,829,837,827,83,826,824,823,1154,207,814,817,815,816,822,821,832,211,839,1011,27,820,818,819,835,831,830,833,838,60,212,208,825],"class_list":["post-1159270","post","type-post","status-publish","format-standard","has-post-thumbnail","category-cyclisme","tag-attaque","tag-belgique","tag-braquet","tag-bretagne","tag-chute","tag-competition","tag-coupe-de-france","tag-coureur","tag-course-cyclisme","tag-course-cycliste","tag-cycling","tag-cyclisme","tag-direct","tag-direct-velo","tag-directvelo","tag-directvelo-com","tag-epreuve","tag-epreuve-cycliste","tag-federation-francaise-de-cyclisme","tag-ffc","tag-flandres","tag-fr","tag-france","tag-live","tag-live-course","tag-live-epreuve","tag-peloton","tag-radio-peloton","tag-radio-tour","tag-ravitaillement","tag-relance","tag-sports","tag-uci","tag-velo","tag-velos"],"share_on_mastodon":{"url":"https:\/\/pubeurope.com\/@fr\/117190617252474644","error":""},"_links":{"self":[{"href":"https:\/\/www.europesays.com\/fr\/wp-json\/wp\/v2\/posts\/1159270","targetHints":{"allow":["GET"]}}],"collection":[{"href":"https:\/\/www.europesays.com\/fr\/wp-json\/wp\/v2\/posts"}],"about":[{"href":"https:\/\/www.europesays.com\/fr\/wp-json\/wp\/v2\/types\/post"}],"author":[{"embeddable":true,"href":"https:\/\/www.europesays.com\/fr\/wp-json\/wp\/v2\/users\/2"}],"replies":[{"embeddable":true,"href":"https:\/\/www.europesays.com\/fr\/wp-json\/wp\/v2\/comments?post=1159270"}],"version-history":[{"count":0,"href":"https:\/\/www.europesays.com\/fr\/wp-json\/wp\/v2\/posts\/1159270\/revisions"}],"wp:featuredmedia":[{"embeddable":true,"href":"https:\/\/www.europesays.com\/fr\/wp-json\/wp\/v2\/media\/1159271"}],"wp:attachment":[{"href":"https:\/\/www.europesays.com\/fr\/wp-json\/wp\/v2\/media?parent=1159270"}],"wp:term":[{"taxonomy":"category","embeddable":true,"href":"https:\/\/www.europesays.com\/fr\/wp-json\/wp\/v2\/categories?post=1159270"},{"taxonomy":"post_tag","embeddable":true,"href":"https:\/\/www.europesays.com\/fr\/wp-json\/wp\/v2\/tags?post=1159270"}],"curies":[{"name":"wp","href":"https:\/\/api.w.org\/{rel}","templated":true}]}}