{"id":1159280,"date":"2026-08-31T14:40:16","date_gmt":"2026-08-31T14:40:16","guid":{"rendered":"https:\/\/www.europesays.com\/fr\/1159280\/"},"modified":"2026-08-31T14:40:16","modified_gmt":"2026-08-31T14:40:16","slug":"lartiste-soprano-rejoint-la-programmation-du-festival-ici-live-la-ciotat-pour-la-soiree-ce-jeudi-3-septembre","status":"publish","type":"post","link":"https:\/\/www.europesays.com\/fr\/1159280\/","title":{"rendered":"L&rsquo;artiste Soprano rejoint la programmation du festival ICI Live La Ciotat pour la soir\u00e9e ce jeudi 3 septembre"},"content":{"rendered":"<p>Le myst\u00e8re est enfin lev\u00e9. Soprano sera l\u2019invit\u00e9 surprise de la premi\u00e8re soir\u00e9e d\u2019ICI Live La Ciotat, ce jeudi 3\u00a0septembre 2026. Apr\u00e8s <a href=\"https:\/\/www.laprovence.com\/article\/culture-loisirs\/41987334465691\/charlotte-cardin-annule-son-passage-au-festival-ici-live-a-la-ciotat\" target=\"_self\" rel=\"nofollow noopener\">l\u2019annulation de Charlotte Cardin<\/a> pour des raisons de sant\u00e9, le festival avait annonc\u00e9 la venue d\u2019un artiste myst\u00e8re aux c\u00f4t\u00e9s de DJ Djel. Le nom est d\u00e9sormais connu\u00a0: c\u2019est le rappeur et chanteur marseillais qui montera sur la sc\u00e8ne flottante du Port Vieux \u00e0 partir de 20h30.<\/p>\n<p>L\u2019artiste, qui compte plusieurs r\u00e9compenses et des millions d\u2019albums vendus, partagera la sc\u00e8ne avec DJ Djel pour un show in\u00e9dit de trois titres en live. Une association qui promet de faire monter d\u2019un cran l\u2019ambiance sur le port. Entre ses hymnes populaires, les sonorit\u00e9s urbaines et l\u2019\u00e9nergie du DJ marseillais, les organisateurs annoncent une v\u00e9ritable piste de danse \u00e0 ciel ouvert.<\/p>\n<p>Avant eux, la chanteuse Oria ouvrira <a href=\"https:\/\/www.laprovence.com\/article\/culture-loisirs\/41987334465691\/charlotte-cardin-annule-son-passage-au-festival-ici-live-a-la-ciotat\" target=\"_blank\" rel=\"nofollow noopener\">cette cinqui\u00e8me \u00e9dition d\u2019ICI Live La Ciotat<\/a>. Originaire de Nice, la chanteuse franco-tunisienne avait \u00e9t\u00e9 annonc\u00e9e la semaine derni\u00e8re pour remplacer Charlotte Cardin. Elle sera suivie de Boulevard des Airs, initialement pr\u00e9vu en premi\u00e8re partie de la soir\u00e9e. DJ Djel et Soprano cl\u00f4tureront ensuite ce premier set.<\/p>\n<p>Pour cette nouvelle \u00e9dition, le festival conservera son d\u00e9cor si particulier\u00a0: une sc\u00e8ne install\u00e9e sur l\u2019eau, au c\u0153ur du Port Vieux, au milieu des barquettes traditionnelles. Les festivit\u00e9s se poursuivront vendredi 4\u00a0septembre avec Jenifer puis <a href=\"https:\/\/www.laprovence.com\/article\/region\/1597588483292814\/le-dj-yann-muller-repute-pour-ses-reprises-de-tubes-va-envouter-le-domaine-skiable-de-serre-chevalier\" target=\"_blank\" rel=\"nofollow noopener\">Yann Muller<\/a>, avant une derni\u00e8re soir\u00e9e samedi 5\u00a0septembre avec Marine, laur\u00e9ate de la Star Academy, et Benjamin Biolay.<\/p>\n<p>Le festival est gratuit sur invitation. Les places sont \u00e0 gagner en \u00e9coutant ICI Provence et sur les sites indiqu\u00e9s par les organisateurs. Un \u00e9cran g\u00e9ant sera \u00e9galement install\u00e9 place du Barom\u00e8tre pour permettre au public &#8211; sans places &#8211; de suivre les concerts.<\/p>\n","protected":false},"excerpt":{"rendered":"Le myst\u00e8re est enfin lev\u00e9. Soprano sera l\u2019invit\u00e9 surprise de la premi\u00e8re soir\u00e9e d\u2019ICI Live La Ciotat, ce&hellip;\n","protected":false},"author":2,"featured_media":1159281,"comment_status":"","ping_status":"","sticky":false,"template":"","format":"standard","meta":{"footnotes":"","_share_on_mastodon":"0"},"categories":[1355],"tags":[5734,251,58,59,849,1011,27,9103,12420,820,1361,873,3551,17939,10826],"class_list":["post-1159280","post","type-post","status-publish","format-standard","has-post-thumbnail","category-musique","tag-5734","tag-culture","tag-divertissement","tag-entertainment","tag-festival","tag-fr","tag-france","tag-ici","tag-lartiste","tag-live","tag-music","tag-musique","tag-programmation","tag-rejoint","tag-soprano"],"share_on_mastodon":{"url":"https:\/\/pubeurope.com\/@fr\/117190644773381242","error":""},"_links":{"self":[{"href":"https:\/\/www.europesays.com\/fr\/wp-json\/wp\/v2\/posts\/1159280","targetHints":{"allow":["GET"]}}],"collection":[{"href":"https:\/\/www.europesays.com\/fr\/wp-json\/wp\/v2\/posts"}],"about":[{"href":"https:\/\/www.europesays.com\/fr\/wp-json\/wp\/v2\/types\/post"}],"author":[{"embeddable":true,"href":"https:\/\/www.europesays.com\/fr\/wp-json\/wp\/v2\/users\/2"}],"replies":[{"embeddable":true,"href":"https:\/\/www.europesays.com\/fr\/wp-json\/wp\/v2\/comments?post=1159280"}],"version-history":[{"count":0,"href":"https:\/\/www.europesays.com\/fr\/wp-json\/wp\/v2\/posts\/1159280\/revisions"}],"wp:featuredmedia":[{"embeddable":true,"href":"https:\/\/www.europesays.com\/fr\/wp-json\/wp\/v2\/media\/1159281"}],"wp:attachment":[{"href":"https:\/\/www.europesays.com\/fr\/wp-json\/wp\/v2\/media?parent=1159280"}],"wp:term":[{"taxonomy":"category","embeddable":true,"href":"https:\/\/www.europesays.com\/fr\/wp-json\/wp\/v2\/categories?post=1159280"},{"taxonomy":"post_tag","embeddable":true,"href":"https:\/\/www.europesays.com\/fr\/wp-json\/wp\/v2\/tags?post=1159280"}],"curies":[{"name":"wp","href":"https:\/\/api.w.org\/{rel}","templated":true}]}}