{"id":1159294,"date":"2026-08-31T14:47:34","date_gmt":"2026-08-31T14:47:34","guid":{"rendered":"https:\/\/www.europesays.com\/fr\/1159294\/"},"modified":"2026-08-31T14:47:34","modified_gmt":"2026-08-31T14:47:34","slug":"espagne-la-piste-du-double-accident-privilegiee-apres-la-mort-de-touristes-irlandais-dans-un-jacuzzi","status":"publish","type":"post","link":"https:\/\/www.europesays.com\/fr\/1159294\/","title":{"rendered":"Espagne\u00a0: La piste du double accident privil\u00e9gi\u00e9e apr\u00e8s la mort de touristes irlandais dans un jacuzzi"},"content":{"rendered":"<p>C\u2019\u00e9tait un bien \u00e9trange myst\u00e8re qui entourait le d\u00e9c\u00e8s d\u2019un couple de vacanciers irlandais, retrouv\u00e9s <a href=\"https:\/\/www.20minutes.fr\/monde\/4241272-20260827-espagne-couple-touristes-irlandais-retrouve-nu-mort-jacuzzi-enfants\" class=\"c-link c-link--is-underlined\" rel=\"nofollow noopener\" target=\"_blank\">mort pr\u00e8s du jacuzzi<\/a> d\u2019une villa de Cullera dans la province de <a href=\"https:\/\/www.20minutes.fr\/monde\/4212097-20260316-inondations-meurtrieres-espagne-ex-president-region-valence-poursuivi-justice\" target=\"_blank\" class=\"c-link c-link--is-underlined\" rel=\"nofollow noopener\">Valence <\/a>en <a href=\"https:\/\/www.20minutes.fr\/monde\/espagne\/4241893-20260831-crise-migratoire-ceuta-premier-ministre-espagnol-assure-maroc-responsable-enquete-poursuit\" target=\"_blank\" class=\"c-link c-link--is-underlined\" rel=\"nofollow noopener\">Espagne<\/a>, le 25\u00a0ao\u00fbt. Mais le myst\u00e8re est r\u00e9solu.<\/p>\n<p>Alors qu\u2019une piste criminelle avait \u00e9t\u00e9 un temps \u00e9tudi\u00e9e, les investigations men\u00e9es par la Guardia Civil s\u2019orientent d\u00e9sormais de fa\u00e7on d\u00e9finitive vers la th\u00e8se d\u2019un tragique accident domestique, indiquent les m\u00e9dias espagnols.<\/p>\n<\/p>\n<p>En effet, selon le journal <a href=\"https:\/\/www.marca.com\/tiramillas\/sucesos\/2026\/08\/29\/autopsia-confirma-muerte-accidental-turistas-irlandeses-cullera-sistema-succion-electricidad-jacuzzi.html\" rel=\"nofollow noopener\" target=\"_blank\" class=\"c-link c-link--is-underlined\">Marca<\/a>, les autopsies r\u00e9alis\u00e9es par l\u2019Institut de m\u00e9decine l\u00e9gale de Valence ont totalement \u00e9cart\u00e9 l\u2019intervention d\u2019un tiers ou une quelconque trace de lutte. Les enqu\u00eateurs privil\u00e9gient le sc\u00e9nario d\u2019un encha\u00eenement d\u2019erreurs techniques et de mouvements d\u00e9sesp\u00e9r\u00e9s pour sauver une vie.<\/p>\n<p>L\u2019\u00e9poux pi\u00e9g\u00e9 par l\u2019a\u00e9ration, la femme victime d\u2019une \u00e9lectrocution<\/p>\n<p>Le drame aurait d\u00e9but\u00e9 par le ph\u00e9nom\u00e8ne du \u00ab\u00a0pi\u00e8ge par aspiration\u00a0\u00bb. Comme le d\u00e9taille <a href=\"https:\/\/www.telecinco.es\/noticias\/sucesos\/20260829\/desgracia-matrimonio-muerto-cullera-fallo-sistema-absorcion-jacuzzi-electrocucion_18_020041602.html\" rel=\"nofollow noopener\" target=\"_blank\" class=\"c-link c-link--is-underlined\">Telecinco<\/a>, ce ph\u00e9nom\u00e8ne survient lorsqu\u2019un corps vient obstruer la grille de filtration ou la bouche de reprise d\u2019eau du jacuzzi. L\u2019homme de 48 ans, Patrick Joseph Tobin, se serait retrouv\u00e9 bloqu\u00e9 sous l\u2019eau par la puissance de la pompe. Les l\u00e9gistes ont en effet constat\u00e9 des blessures et des marques particuli\u00e8rement profondes sur son corps, correspondant aux grilles d\u2019\u00e9vacuation de la structure.<\/p>\n<p>C\u2019est en tentant de lui porter secours que son \u00e9pouse, Thomasina Tobin, 51 ans, aurait \u00e0 son tour trouv\u00e9 la mort. Selon Marca, les enqu\u00eateurs soup\u00e7onnent une d\u00e9faillance \u00e9lectrique du syst\u00e8me. En manipulant le m\u00e9canisme avec les mains et le corps mouill\u00e9 pour couper le moteur et lib\u00e9rer son conjoint, la quinquag\u00e9naire aurait \u00e9t\u00e9 \u00e9lectrocut\u00e9e.<\/p>\n","protected":false},"excerpt":{"rendered":"C\u2019\u00e9tait un bien \u00e9trange myst\u00e8re qui entourait le d\u00e9c\u00e8s d\u2019un couple de vacanciers irlandais, retrouv\u00e9s mort pr\u00e8s du&hellip;\n","protected":false},"author":2,"featured_media":1159295,"comment_status":"","ping_status":"","sticky":false,"template":"","format":"standard","meta":{"footnotes":"","_share_on_mastodon":"0"},"categories":[5],"tags":[119,47,11,1067,123,1011,27,14,516,74,12,117060,7825,28],"class_list":["post-1159294","post","type-post","status-publish","format-standard","has-post-thumbnail","category-international","tag-accident","tag-actualite","tag-actualites","tag-enquete","tag-espagne","tag-fr","tag-france","tag-international","tag-irlande","tag-monde","tag-news","tag-valence-espagne","tag-villa","tag-world"],"share_on_mastodon":{"url":"https:\/\/pubeurope.com\/@fr\/117190671959213536","error":""},"_links":{"self":[{"href":"https:\/\/www.europesays.com\/fr\/wp-json\/wp\/v2\/posts\/1159294","targetHints":{"allow":["GET"]}}],"collection":[{"href":"https:\/\/www.europesays.com\/fr\/wp-json\/wp\/v2\/posts"}],"about":[{"href":"https:\/\/www.europesays.com\/fr\/wp-json\/wp\/v2\/types\/post"}],"author":[{"embeddable":true,"href":"https:\/\/www.europesays.com\/fr\/wp-json\/wp\/v2\/users\/2"}],"replies":[{"embeddable":true,"href":"https:\/\/www.europesays.com\/fr\/wp-json\/wp\/v2\/comments?post=1159294"}],"version-history":[{"count":0,"href":"https:\/\/www.europesays.com\/fr\/wp-json\/wp\/v2\/posts\/1159294\/revisions"}],"wp:featuredmedia":[{"embeddable":true,"href":"https:\/\/www.europesays.com\/fr\/wp-json\/wp\/v2\/media\/1159295"}],"wp:attachment":[{"href":"https:\/\/www.europesays.com\/fr\/wp-json\/wp\/v2\/media?parent=1159294"}],"wp:term":[{"taxonomy":"category","embeddable":true,"href":"https:\/\/www.europesays.com\/fr\/wp-json\/wp\/v2\/categories?post=1159294"},{"taxonomy":"post_tag","embeddable":true,"href":"https:\/\/www.europesays.com\/fr\/wp-json\/wp\/v2\/tags?post=1159294"}],"curies":[{"name":"wp","href":"https:\/\/api.w.org\/{rel}","templated":true}]}}