{"id":11593,"date":"2025-04-09T02:11:15","date_gmt":"2025-04-09T02:11:15","guid":{"rendered":"https:\/\/www.europesays.com\/fr\/11593\/"},"modified":"2025-04-09T02:11:15","modified_gmt":"2025-04-09T02:11:15","slug":"risque-t-on-vraiment-la-mort-subite","status":"publish","type":"post","link":"https:\/\/www.europesays.com\/fr\/11593\/","title":{"rendered":"risque-t-on vraiment la mort subite ?"},"content":{"rendered":"<p>             <a href=\"https:\/\/ma-sante.news\/wp-content\/uploads\/2025\/04\/risque-mort-subite-crise-cardiaque-multiplie-par-deux-a-cause-des-antidepresseurs-Ma-Sante-.jpeg\" data-caption=\"Les antid\u00e9presseurs agissent sur la s\u00e9rotonine et la noradr\u00e9naline, ce qui peut aussi perturber l\u2019activit\u00e9 \u00e9lectrique du c\u0153ur et favoriser des troubles du rythme cardiaque. \u00a9 Adobe Stock\" target=\"_blank\" rel=\"noopener\"><img loading=\"lazy\" decoding=\"async\" width=\"696\" height=\"464\" class=\"entry-thumb td-modal-image\" src=\"data:image\/svg+xml,%3Csvg%20xmlns=\" http:=\"\" data-lazy- data-lazy- alt=\"Une femme touch\u00e9e par une mort subite \u00e0 cause de sa prise d'antid\u00e9presseurs\" title=\"risque mort subite crise cardiaque multiplie\u0301 par deux a\u0300 cause des antide\u0301presseurs Ma Sante\u0301\" data-lazy-src=\"https:\/\/www.europesays.com\/fr\/wp-content\/uploads\/2025\/04\/risque-mort-subite-crise-cardiaque-multiplie-par-deux-a-cause-des-antidepresseurs-Ma-Sante--696x464..jpeg\"\/><\/a>Les antid\u00e9presseurs agissent sur la s\u00e9rotonine et la noradr\u00e9naline, ce qui peut aussi perturber l\u2019activit\u00e9 \u00e9lectrique du c\u0153ur et favoriser des troubles du rythme cardiaque. \u00a9 Adobe Stock                                    \t\t\t             <a class=\"gofollow\" data-track=\"MjgsMCwxLDYw\" href=\"https:\/\/ma-sante.news\/inscrivez-vous-a-notre-newsletter\/\" target=\"_blank\" rel=\"noopener\"><img loading=\"lazy\" decoding=\"async\" width=\"1068\" height=\"131\" src=\"data:image\/svg+xml,%3Csvg%20xmlns=\" http:=\"\" data-lazy-src=\"https:\/\/www.europesays.com\/fr\/wp-content\/uploads\/2025\/03\/banniere-newsletter.png\"\/><\/a> <\/p>\n<p>On les conna\u00eet bien : Prozac, Deroxat, Seroplex ou encore Effexor\u2026<a href=\"https:\/\/ma-sante.news\/lyon-utiles-dangereux-le-vrai-du-faux-sur-les-antidepresseurs\/\" target=\"_blank\" rel=\"noopener\"> Les antid\u00e9presseurs font partie du quotidien de millions de Fran\u00e7ais<\/a>, et <a href=\"https:\/\/ma-sante.news\/bienfaits-et-limites-des-antidepresseurs-391784\/\" target=\"_blank\" rel=\"noopener\">leur prescription a explos\u00e9 ces derni\u00e8res ann\u00e9es<\/a>. Entre 2010 et 2021, leur consommation a augment\u00e9 de 62 %, selon les donn\u00e9es de l\u2019Assurance maladie.<\/p>\n<p>Ils sont utiles, parfois indispensables. Mais faut-il s\u2019en m\u00e9fier ? Depuis peu, une s\u00e9rie d\u2019\u00e9tudes pointe du doigt leur impact potentiel sur le rythme cardiaque, et surtout, <a href=\"https:\/\/ma-sante.news\/crise-cardiaque-infarctus-temoignage-159852\/\" target=\"_blank\" rel=\"noopener\">le risque de mort cardiaque subite<\/a>.\u00a0<\/p>\n<p>        Le lien entre antid\u00e9presseurs et mort subite : ce que disent les \u00e9tudes    <strong>Une surmortalit\u00e9 cardiaque bien document\u00e9e<\/strong>    <\/p>\n<p>Selon une m\u00e9ta-analyse publi\u00e9e dans le British Journal of Psychiatry, la prise prolong\u00e9e d\u2019antid\u00e9presseurs est associ\u00e9e \u00e0 une augmentation du risque de mortalit\u00e9 toutes causes confondues de 33 %, et \u00e0 une hausse de 14 % de<a href=\"https:\/\/ma-sante.news\/academie-nationale-medecine-alerte-inegalites-maladies-cardiovasculaires\/\" target=\"_blank\" rel=\"noopener\"> la mortalit\u00e9 cardiovasculaire.<\/a><\/p>\n<p>Plus r\u00e9cemment, une \u00e9tude finlandaise relay\u00e9e par Le Quotidien du Pharmacien a montr\u00e9 que certains antid\u00e9presseurs, notamment les tricycliques et les ISRS (inhibiteurs s\u00e9lectifs de la recapture de la s\u00e9rotonine), pouvaient perturber l\u2019activit\u00e9 \u00e9lectrique du c\u0153ur, favorisant les troubles du rythme cardiaque, comme la tachycardie ventriculaire, pouvant mener \u00e0 une mort subite.<\/p>\n<p>Ces risques concernent surtout les personnes souffrant de comorbidit\u00e9s cardiovasculaires, ou celles prenant plusieurs traitements en parall\u00e8le.<\/p>\n<p>        <strong>Quels m\u00e9dicaments sont concern\u00e9s ?<\/strong>    <\/p>\n<p>Les antid\u00e9presseurs les plus souvent mis en cause sont :<\/p>\n<ul class=\"wp-block-list\">\n<li>Les tricycliques (comme l\u2019Anafranil ou Laroxyl) : efficacit\u00e9 prouv\u00e9e, mais de lourds effets secondaires.<\/li>\n<li>Les ISRS (comme Seroplex, Prozac) : mieux tol\u00e9r\u00e9s mais pas sans risques.<\/li>\n<li>Les IRSN (comme Effexor) : associ\u00e9s \u00e0 une augmentation du risque de QT long, un trouble \u00e9lectrique cardiaque pouvant <a href=\"https:\/\/ma-sante.news\/crises-cardiaques-il-est-essentiel-de-reagir-vite\/\" target=\"_blank\" rel=\"noopener\">provoquer un arr\u00eat cardiaque soudain<\/a>.<\/li>\n<\/ul>\n<p>Selon l\u2019\u00e9tude publi\u00e9e par Melty.fr, la prise de certains antid\u00e9presseurs doublerait le risque de mort subite, particuli\u00e8rement en cas de surdosage ou de consommation prolong\u00e9e.<\/p>\n<p>        Pourquoi ces m\u00e9dicaments peuvent-ils \u00eatre dangereux pour le c\u0153ur ?    <strong>Une question\u00a0de gestion des neurotransmetteurs<\/strong>    <\/p>\n<p>Les antid\u00e9presseurs modifient les taux de neurotransmetteurs comme la s\u00e9rotonine ou la noradr\u00e9naline. Ces substances ont des effets sur le cerveau, mais aussi sur le c\u0153ur. En perturbant la transmission des signaux \u00e9lectriques, ces mol\u00e9cules peuvent induire :<\/p>\n<ul class=\"wp-block-list\">\n<li>Un allongement de l\u2019intervalle QT \u00e0 l\u2019ECG (\u00e9lectrocardiogramme)<\/li>\n<li>Des arythmies (battements irr\u00e9guliers)<\/li>\n<li>Une bradycardie (ralentissement du rythme cardiaque)<\/li>\n<\/ul>\n<p>Ces troubles peuvent, dans certains cas, provoquer une fibrillation ventriculaire, une arythmie fatale si elle n\u2019est pas prise en charge imm\u00e9diatement.<\/p>\n<p>        <strong>Qui est le plus \u00e0 risque ?<\/strong>    <\/p>\n<p>Bien \u00e9videmment, ceux qui en prennent. Mais certaines populations sont particuli\u00e8rement vuln\u00e9rables aux effets secondaires des antid\u00e9presseurs.<\/p>\n<ul class=\"wp-block-list\">\n<li>Les personnes \u00e2g\u00e9es (m\u00e9tabolisme plus lent, c\u0153ur fragile)<\/li>\n<li>Celles souffrant d\u00e9j\u00e0 de probl\u00e8mes cardiaques<\/li>\n<li>Les patients polym\u00e9diqu\u00e9s (interactions m\u00e9dicamenteuses fr\u00e9quentes)<\/li>\n<li>Les personnes sujettes aux troubles du rythme cardiaque (m\u00eame mineurs)<\/li>\n<\/ul>\n<p>Toujours demander un bilan cardiaque avant de commencer un traitement antid\u00e9presseur, surtout si vous avez des ant\u00e9c\u00e9dents familiaux.<\/p>\n<p>        Que faire si vous prenez des antid\u00e9presseurs ?    <\/p>\n<p>Pas de panique. Il ne s\u2019agit pas d\u2019arr\u00eater votre traitement du jour au lendemain. Le danger, c\u2019est surtout de banaliser ces m\u00e9dicaments. <\/p>\n<ul class=\"wp-block-list\">\n<li>Ne jamais arr\u00eater sans avis m\u00e9dical.<\/li>\n<li>Parler \u00e0 votre m\u00e9decin des effets secondaires \u00e9ventuels.<\/li>\n<li>Demander un \u00e9lectrocardiogramme de contr\u00f4le r\u00e9gulier.<\/li>\n<li>\u00c9viter l\u2019autom\u00e9dication ou les m\u00e9langes de psychotropes sans suivi.<\/li>\n<\/ul>\n<p>        Les alternatives et les solutions douces    <\/p>\n<p>Pour les formes mod\u00e9r\u00e9es de d\u00e9pression, ou en accompagnement d\u2019un traitement m\u00e9dicamenteux, d\u2019autres solutions existent :<\/p>\n<p>Les antid\u00e9presseurs sauvent des vies. Mais comme tout m\u00e9dicament, ils comportent des effets secondaires, parfois graves. La mort subite m\u00e9dicamenteuse n\u2019est pas une fiction, mais un risque rare qu\u2019il faut conna\u00eetre, pour mieux l\u2019\u00e9viter.<\/p>\n<p>Rester inform\u00e9, poser les bonnes questions \u00e0 son m\u00e9decin, et surveiller sa sant\u00e9 cardiaque.<\/p>\n<blockquote class=\"wp-block-quote is-layout-flow wp-block-quote-is-layout-flow\">\n<p><strong>\u00c0 SAVOIR\u00a0<\/strong><\/p>\n<p>Les antid\u00e9presseurs ont \u00e9t\u00e9 d\u00e9couverts par accident, l\u2019iproniazide en 1957 et imipramine en 1955. Autrefois r\u00e9serv\u00e9s \u00e0 la d\u00e9pression s\u00e9v\u00e8re, les antid\u00e9presseurs sont aujourd\u2019hui prescrits pour les troubles anxieux.<\/p>\n<\/blockquote>\n<p>  <a class=\"gofollow\" data-track=\"MTIsMCwxLDYw\" href=\"https:\/\/ma-sante.news\/annonceurs\/\" target=\"_blank\" rel=\"noopener\"><img loading=\"lazy\" decoding=\"async\" width=\"2560\" height=\"2133\" src=\"data:image\/svg+xml,%3Csvg%20xmlns=\" http:=\"\" data-lazy-src=\"https:\/\/www.europesays.com\/fr\/wp-content\/uploads\/2025\/03\/pub-annonceurs-4-scaled.jpg\"\/><\/a>    <img loading=\"lazy\" decoding=\"async\" width=\"755\" height=\"495\" src=\"data:image\/svg+xml,%3Csvg%20xmlns=\" http:=\"\" data-lazy-src=\"https:\/\/www.europesays.com\/fr\/wp-content\/uploads\/2025\/03\/Image1.jpg\"\/>Inscrivez-vous \u00e0 notre newsletter <br \/>Ma Sant\u00e9                      <\/p>\n","protected":false},"excerpt":{"rendered":"Les antid\u00e9presseurs agissent sur la s\u00e9rotonine et la noradr\u00e9naline, ce qui peut aussi perturber l\u2019activit\u00e9 \u00e9lectrique du c\u0153ur&hellip;\n","protected":false},"author":2,"featured_media":11594,"comment_status":"","ping_status":"","sticky":false,"template":"","format":"standard","meta":{"footnotes":""},"categories":[10],"tags":[869,5506,1011,27,72,5507,71],"class_list":{"0":"post-11593","1":"post","2":"type-post","3":"status-publish","4":"format-standard","5":"has-post-thumbnail","7":"category-sante","8":"tag-crise-cardiaque","9":"tag-du00e9pression","10":"tag-fr","11":"tag-france","12":"tag-health","13":"tag-mu00e9dicaments","14":"tag-sante"},"share_on_mastodon":{"url":"https:\/\/pubeurope.com\/@fr\/114305583325675298","error":""},"_links":{"self":[{"href":"https:\/\/www.europesays.com\/fr\/wp-json\/wp\/v2\/posts\/11593","targetHints":{"allow":["GET"]}}],"collection":[{"href":"https:\/\/www.europesays.com\/fr\/wp-json\/wp\/v2\/posts"}],"about":[{"href":"https:\/\/www.europesays.com\/fr\/wp-json\/wp\/v2\/types\/post"}],"author":[{"embeddable":true,"href":"https:\/\/www.europesays.com\/fr\/wp-json\/wp\/v2\/users\/2"}],"replies":[{"embeddable":true,"href":"https:\/\/www.europesays.com\/fr\/wp-json\/wp\/v2\/comments?post=11593"}],"version-history":[{"count":0,"href":"https:\/\/www.europesays.com\/fr\/wp-json\/wp\/v2\/posts\/11593\/revisions"}],"wp:featuredmedia":[{"embeddable":true,"href":"https:\/\/www.europesays.com\/fr\/wp-json\/wp\/v2\/media\/11594"}],"wp:attachment":[{"href":"https:\/\/www.europesays.com\/fr\/wp-json\/wp\/v2\/media?parent=11593"}],"wp:term":[{"taxonomy":"category","embeddable":true,"href":"https:\/\/www.europesays.com\/fr\/wp-json\/wp\/v2\/categories?post=11593"},{"taxonomy":"post_tag","embeddable":true,"href":"https:\/\/www.europesays.com\/fr\/wp-json\/wp\/v2\/tags?post=11593"}],"curies":[{"name":"wp","href":"https:\/\/api.w.org\/{rel}","templated":true}]}}