{"id":115931,"date":"2025-05-21T04:01:17","date_gmt":"2025-05-21T04:01:17","guid":{"rendered":"https:\/\/www.europesays.com\/fr\/115931\/"},"modified":"2025-05-21T04:01:17","modified_gmt":"2025-05-21T04:01:17","slug":"un-suspect-tente-dechapper-a-la-police-en-se-jetant-dans-la-saone","status":"publish","type":"post","link":"https:\/\/www.europesays.com\/fr\/115931\/","title":{"rendered":"un suspect tente d\u2019\u00e9chapper \u00e0 la police en se jetant dans la Sa\u00f4ne"},"content":{"rendered":"<p>Un jeune homme pass\u00e9 \u00e0 tabac, trois interpellations apr\u00e8s une course-poursuite &#8211; LyonMag<\/p>\n<p itemprop=\"description\"><strong>Coups de poings, coups de pieds, puis une fuite en pleine ville.<\/strong><\/p>\n<p>L\u2019agression s\u2019est produite peu apr\u00e8s 6 heures du matin, ce samedi 17 mai, sur le quai Saint-Antoine, dans le 2e arrondissement de Lyon.<\/p>\n<p>Un homme de 24 ans a \u00e9t\u00e9 violemment frapp\u00e9 \u00e0 coups de poing, puis \u00e0 coups de pied au visage alors qu\u2019il \u00e9tait au sol, devant la buvette Saint-Antoine, \u00e0 proximit\u00e9 de la passerelle du palais de Justice.<\/p>\n<p>Alert\u00e9e aux alentours de 6h20, la police met rapidement en place un dispositif pour retrouver les auteurs pr\u00e9sum\u00e9s, rapporte Actu.fr. \u00a0<\/p>\n<p>Le secteur tr\u00e8s fr\u00e9quent\u00e9 des quais de Sa\u00f4ne, entre Presqu\u2019\u00eele et Vieux-Lyon, est scrut\u00e9 par les cam\u00e9ras de vid\u00e9osurveillance. Trois individus sont rep\u00e9r\u00e9s sur le pont Mar\u00e9chal Juin, dans le 5e arrondissement. Deux d\u2019entre eux sont interpell\u00e9s sur place.<\/p>\n<p>Le troisi\u00e8me suspect, consid\u00e9r\u00e9 comme le principal auteur, prend la fuite. Il est localis\u00e9 peu avant 7h30 \u00e0 proximit\u00e9 du quai Romain-Rolland. L\u2019homme se jette alors dans la Sa\u00f4ne avant de se dissimuler sous les fondations d\u2019un parking du Vieux-Lyon.<\/p>\n<p>Un bateau des sapeurs-pompiers est mobilis\u00e9. Sur le coup des 8 heures, les agents de la BAC parviennent \u00e0 l\u2019appr\u00e9hender alors qu\u2019il s\u2019\u00e9tait retranch\u00e9 sous l\u2019ouvrage.<\/p>\n<p>\u00c2g\u00e9s de 18, 20 et 21 ans, les trois suspects ont \u00e9t\u00e9 plac\u00e9s en garde \u00e0 vue. Ils ont \u00e9t\u00e9 pr\u00e9sent\u00e9s au parquet de Lyon ce lundi 20 mai pour une comparution imm\u00e9diate.<\/p>\n","protected":false},"excerpt":{"rendered":"Un jeune homme pass\u00e9 \u00e0 tabac, trois interpellations apr\u00e8s une course-poursuite &#8211; LyonMag Coups de poings, coups de&hellip;\n","protected":false},"author":2,"featured_media":115932,"comment_status":"","ping_status":"","sticky":false,"template":"","format":"standard","meta":{"footnotes":""},"categories":[1889],"tags":[1111,11,2813,2190,2430,1109,251,1112,2811,1777,674,118,1011,27,1922,1110,1114,2428,2810,12,241,316,25,2812,517,800],"class_list":{"0":"post-115931","1":"post","2":"type-post","3":"status-publish","4":"format-standard","5":"has-post-thumbnail","7":"category-lyon","8":"tag-actu","9":"tag-actualites","10":"tag-article","11":"tag-asvel","12":"tag-auvergne-rhone-alpes","13":"tag-breves","14":"tag-culture","15":"tag-depeches","16":"tag-economique","17":"tag-eu","18":"tag-europe","19":"tag-faits-divers","20":"tag-fr","21":"tag-france","22":"tag-info","23":"tag-informations","24":"tag-infos","25":"tag-lyon","26":"tag-lyonmag","27":"tag-news","28":"tag-ol","29":"tag-politique","30":"tag-republique-francaise","31":"tag-sociale","32":"tag-sport","33":"tag-transports"},"share_on_mastodon":{"url":"https:\/\/pubeurope.com\/@fr\/114543832923382045","error":""},"_links":{"self":[{"href":"https:\/\/www.europesays.com\/fr\/wp-json\/wp\/v2\/posts\/115931","targetHints":{"allow":["GET"]}}],"collection":[{"href":"https:\/\/www.europesays.com\/fr\/wp-json\/wp\/v2\/posts"}],"about":[{"href":"https:\/\/www.europesays.com\/fr\/wp-json\/wp\/v2\/types\/post"}],"author":[{"embeddable":true,"href":"https:\/\/www.europesays.com\/fr\/wp-json\/wp\/v2\/users\/2"}],"replies":[{"embeddable":true,"href":"https:\/\/www.europesays.com\/fr\/wp-json\/wp\/v2\/comments?post=115931"}],"version-history":[{"count":0,"href":"https:\/\/www.europesays.com\/fr\/wp-json\/wp\/v2\/posts\/115931\/revisions"}],"wp:featuredmedia":[{"embeddable":true,"href":"https:\/\/www.europesays.com\/fr\/wp-json\/wp\/v2\/media\/115932"}],"wp:attachment":[{"href":"https:\/\/www.europesays.com\/fr\/wp-json\/wp\/v2\/media?parent=115931"}],"wp:term":[{"taxonomy":"category","embeddable":true,"href":"https:\/\/www.europesays.com\/fr\/wp-json\/wp\/v2\/categories?post=115931"},{"taxonomy":"post_tag","embeddable":true,"href":"https:\/\/www.europesays.com\/fr\/wp-json\/wp\/v2\/tags?post=115931"}],"curies":[{"name":"wp","href":"https:\/\/api.w.org\/{rel}","templated":true}]}}