{"id":1159312,"date":"2026-08-31T14:59:37","date_gmt":"2026-08-31T14:59:37","guid":{"rendered":"https:\/\/www.europesays.com\/fr\/1159312\/"},"modified":"2026-08-31T14:59:37","modified_gmt":"2026-08-31T14:59:37","slug":"concert-feu-dartifice-et-bon-repas-la-fete-de-ce-village-de-seine-maritime-se-prepare","status":"publish","type":"post","link":"https:\/\/www.europesays.com\/fr\/1159312\/","title":{"rendered":"Concert, feu d\u2019artifice et bon repas : la f\u00eate de ce village de Seine-Maritime se pr\u00e9pare"},"content":{"rendered":"<p>                    Par<br \/>\n        <strong><br \/>\n            <a href=\"https:\/\/actu.fr\/auteur\/informations-dieppoises\" title=\"Consulter tous les articles de R\u00e9daction Dieppe\" rel=\"nofollow noopener\" target=\"_blank\">R\u00e9daction Dieppe<\/a><br \/>\n                    <\/strong><\/p>\n<p>        Publi\u00e9 le<\/p>\n<p>            30 ao\u00fbt 2026 \u00e0 15h00        <\/p>\n<p>La f\u00eate du village de <a href=\"https:\/\/actu.fr\/normandie\/sainte-foy_76577\" rel=\"nofollow noopener\" target=\"_blank\">Sainte-Foy (Seine-Maritime)<\/a> revient pour une troisi\u00e8me \u00e9dition. Le samedi 5\u00a0septembre 2026, le parking de la salle des f\u00eates accueillera le public pour une soir\u00e9e organis\u00e9e par le comit\u00e9 des f\u00eates, avec le soutien de la commune. Un rendez-vous d\u00e9sormais bien install\u00e9 dans la vie du village.<\/p>\n<p>Rendez-vous \u00e0 19\u2009h<\/p>\n<p class=\" wall-content\">Les festivit\u00e9s d\u00e9buteront \u00e0 <b>19\u2009h<\/b> avec une buvette et de la restauration sur place. Les participants pourront notamment profiter d\u2019un <b>repas <\/b>saucisse-frites, mais aussi simplement venir partager un verre en famille ou entre amis. L\u2019occasion de se retrouver avant le d\u00e9but des animations de la soir\u00e9e.<\/p>\n<p class=\" wall-content\">\u00c0 21\u2009h, place \u00e0 la <b>musique <\/b>avec Jully 3D. Le groupe donnera un <b>concert gratuit <\/b>et proposera des chansons revisit\u00e9es \u00e0 sa mani\u00e8re, avec un univers qui m\u00eale rock, jazz et d\u2019autres styles musicaux.<\/p>\n<p class=\" wall-content\">La programmation entend ainsi proposer un moment musical accessible \u00e0 tous au c\u0153ur de la f\u00eate.<\/p>\n<p>Vid\u00e9os : en ce moment sur Actu<\/p>\n<p class=\" wall-content\">La soir\u00e9e se poursuivra \u00e0 22\u2009h\u200930 avec le <a href=\"https:\/\/actu.fr\/tag\/feu-dartifice\" rel=\"nofollow noopener\" target=\"_blank\">feu d\u2019artifice<\/a>, qui viendra cl\u00f4turer cette troisi\u00e8me \u00e9dition. Apr\u00e8s le repas et le concert, ce spectacle constituera le dernier temps fort de la soir\u00e9e.<\/p>\n<p class=\" wall-content\">Personnalisez votre actualit\u00e9 en ajoutant vos villes et m\u00e9dias en favori avec <a href=\"https:\/\/moncompte.actu.fr\" title=\"D\u00e9couvez Mon Actu\" rel=\"nofollow noopener\" data-trk=\"{&quot;cta&quot;:{&quot;action&quot;:&quot;https:\\\/\\\/moncompte.actu.fr&quot;,&quot;category&quot;:&quot;mon compte&quot;,&quot;from&quot;:&quot;article footer&quot;,&quot;name&quot;:&quot;Mon actu&quot;,&quot;type&quot;:&quot;cta&quot;}}\" target=\"_blank\">Mon Actu<\/a>.<\/p>\n","protected":false},"excerpt":{"rendered":"Par R\u00e9daction Dieppe Publi\u00e9 le 30 ao\u00fbt 2026 \u00e0 15h00 La f\u00eate du village de Sainte-Foy (Seine-Maritime) revient&hellip;\n","protected":false},"author":2,"featured_media":1159313,"comment_status":"","ping_status":"","sticky":false,"template":"","format":"standard","meta":{"footnotes":"","_share_on_mastodon":"0"},"categories":[9587],"tags":[1111,11,1063,1697,1777,674,16701,1011,27,1652,12,5161,25,9590],"class_list":["post-1159312","post","type-post","status-publish","format-standard","has-post-thumbnail","category-rouen","tag-actu","tag-actualites","tag-animations","tag-concert","tag-eu","tag-europe","tag-feu-dartifice","tag-fr","tag-france","tag-loisirs-culture","tag-news","tag-normandie","tag-republique-francaise","tag-rouen"],"share_on_mastodon":{"url":"https:\/\/pubeurope.com\/@fr\/117190719104409099","error":""},"_links":{"self":[{"href":"https:\/\/www.europesays.com\/fr\/wp-json\/wp\/v2\/posts\/1159312","targetHints":{"allow":["GET"]}}],"collection":[{"href":"https:\/\/www.europesays.com\/fr\/wp-json\/wp\/v2\/posts"}],"about":[{"href":"https:\/\/www.europesays.com\/fr\/wp-json\/wp\/v2\/types\/post"}],"author":[{"embeddable":true,"href":"https:\/\/www.europesays.com\/fr\/wp-json\/wp\/v2\/users\/2"}],"replies":[{"embeddable":true,"href":"https:\/\/www.europesays.com\/fr\/wp-json\/wp\/v2\/comments?post=1159312"}],"version-history":[{"count":0,"href":"https:\/\/www.europesays.com\/fr\/wp-json\/wp\/v2\/posts\/1159312\/revisions"}],"wp:featuredmedia":[{"embeddable":true,"href":"https:\/\/www.europesays.com\/fr\/wp-json\/wp\/v2\/media\/1159313"}],"wp:attachment":[{"href":"https:\/\/www.europesays.com\/fr\/wp-json\/wp\/v2\/media?parent=1159312"}],"wp:term":[{"taxonomy":"category","embeddable":true,"href":"https:\/\/www.europesays.com\/fr\/wp-json\/wp\/v2\/categories?post=1159312"},{"taxonomy":"post_tag","embeddable":true,"href":"https:\/\/www.europesays.com\/fr\/wp-json\/wp\/v2\/tags?post=1159312"}],"curies":[{"name":"wp","href":"https:\/\/api.w.org\/{rel}","templated":true}]}}