{"id":1159316,"date":"2026-08-31T15:02:17","date_gmt":"2026-08-31T15:02:17","guid":{"rendered":"https:\/\/www.europesays.com\/fr\/1159316\/"},"modified":"2026-08-31T15:02:17","modified_gmt":"2026-08-31T15:02:17","slug":"grenoble-rencontres-nationales-de-loutdoor","status":"publish","type":"post","link":"https:\/\/www.europesays.com\/fr\/1159316\/","title":{"rendered":"Grenoble. Rencontres nationales de l\u2019outdoor"},"content":{"rendered":"<p>La 10e\u00a0 \u00e9dition des Rencontres nationales de l\u2019outdoor se d\u00e9roulera jeudi 17\u00a0septembre, \u00e0 Grenoble (Alpexpo). Pr\u00e8s de 400\u00a0professionnels sont attendus. Les organisateurs (Outdoor Experts avec le soutien de Grenoble Alpes M\u00e9trople) listent les questions auxquelles tenteront de r\u00e9pondre les intervenants au cours des conf\u00e9rences\u00a0: \u00ab\u00a0\u00c0 quoi ressemblera l\u2019outdoor de demain\u00a0? Comment adapter les sports de nature au changement climatique\u00a0? Quel avenir pour le v\u00e9lo, l\u2019itin\u00e9rance, l\u2019ultra-endurance ou encore l\u2019innovation textile\u00a0?\u00a0\u00bb<\/p>\n","protected":false},"excerpt":{"rendered":"La 10e\u00a0 \u00e9dition des Rencontres nationales de l\u2019outdoor se d\u00e9roulera jeudi 17\u00a0septembre, \u00e0 Grenoble (Alpexpo). Pr\u00e8s de 400\u00a0professionnels&hellip;\n","protected":false},"author":2,"featured_media":1159317,"comment_status":"","ping_status":"","sticky":false,"template":"","format":"standard","meta":{"footnotes":"","_share_on_mastodon":"0"},"categories":[9566],"tags":[1111,11,2430,130,33,112,1777,674,1795,1011,27,2731,2732,4522,4638,881,693,108,5324,12,25,602,216],"class_list":["post-1159316","post","type-post","status-publish","format-standard","has-post-thumbnail","category-grenoble","tag-actu","tag-actualites","tag-auvergne-rhone-alpes","tag-consommation","tag-economie","tag-edition-grenoble-agglomeration","tag-eu","tag-europe","tag-fil-web","tag-fr","tag-france","tag-grenoble","tag-grenoble-bassin","tag-haute-provence","tag-haute-savoie","tag-hautes-alpes","tag-industrie","tag-isere","tag-montagne","tag-news","tag-republique-francaise","tag-tourisme","tag-vie-des-entreprises"],"share_on_mastodon":{"url":"https:\/\/pubeurope.com\/@fr\/117190731189214399","error":""},"_links":{"self":[{"href":"https:\/\/www.europesays.com\/fr\/wp-json\/wp\/v2\/posts\/1159316","targetHints":{"allow":["GET"]}}],"collection":[{"href":"https:\/\/www.europesays.com\/fr\/wp-json\/wp\/v2\/posts"}],"about":[{"href":"https:\/\/www.europesays.com\/fr\/wp-json\/wp\/v2\/types\/post"}],"author":[{"embeddable":true,"href":"https:\/\/www.europesays.com\/fr\/wp-json\/wp\/v2\/users\/2"}],"replies":[{"embeddable":true,"href":"https:\/\/www.europesays.com\/fr\/wp-json\/wp\/v2\/comments?post=1159316"}],"version-history":[{"count":0,"href":"https:\/\/www.europesays.com\/fr\/wp-json\/wp\/v2\/posts\/1159316\/revisions"}],"wp:featuredmedia":[{"embeddable":true,"href":"https:\/\/www.europesays.com\/fr\/wp-json\/wp\/v2\/media\/1159317"}],"wp:attachment":[{"href":"https:\/\/www.europesays.com\/fr\/wp-json\/wp\/v2\/media?parent=1159316"}],"wp:term":[{"taxonomy":"category","embeddable":true,"href":"https:\/\/www.europesays.com\/fr\/wp-json\/wp\/v2\/categories?post=1159316"},{"taxonomy":"post_tag","embeddable":true,"href":"https:\/\/www.europesays.com\/fr\/wp-json\/wp\/v2\/tags?post=1159316"}],"curies":[{"name":"wp","href":"https:\/\/api.w.org\/{rel}","templated":true}]}}