{"id":1159324,"date":"2026-08-31T15:06:15","date_gmt":"2026-08-31T15:06:15","guid":{"rendered":"https:\/\/www.europesays.com\/fr\/1159324\/"},"modified":"2026-08-31T15:06:15","modified_gmt":"2026-08-31T15:06:15","slug":"strasbourg-une-route-du-quartier-gare-barree-pendant-trois-semaines-a-cause-de-travaux-voici-laquelle","status":"publish","type":"post","link":"https:\/\/www.europesays.com\/fr\/1159324\/","title":{"rendered":"Strasbourg : une route du quartier Gare barr\u00e9e pendant trois semaines \u00e0 cause de travaux, voici laquelle"},"content":{"rendered":"<p>                    Par<br \/>\n        <strong><br \/>\n            <a href=\"https:\/\/actu.fr\/auteur\/lucas-poirot\" title=\"Consulter tous les articles de Lucas Poirot\" rel=\"nofollow noopener\" target=\"_blank\">Lucas Poirot<\/a><br \/>\n                    <\/strong><\/p>\n<p>        Publi\u00e9 le<\/p>\n<p>            31 ao\u00fbt 2026 \u00e0 16h56        <\/p>\n<p>Si vous devez prochainement circuler dans ce secteur, il faudra prendre votre mal en patience et anticiper vos d\u00e9placements.<\/p>\n<p class=\" wall-content\">Des travaux <strong>d\u2019extension du r\u00e9seau de chaleur<\/strong> ont <strong>d\u00e9marr\u00e9 lundi 31 ao\u00fbt<\/strong> dans le <a href=\"https:\/\/actu.fr\/grand-est\/strasbourg_67482\/strasbourg-la-transformation-du-secteur-des-halles-arrive-a-son-terme-voici-ce-qu-il-reste-a-faire_63457857.html\" rel=\"nofollow noopener\" target=\"_blank\">quartier des Halles<\/a> \u00e0 <a href=\"https:\/\/actu.fr\/strasbourg\/\" rel=\"nofollow noopener\" target=\"_blank\">Strasbourg<\/a>. Ils doivent se poursuivre jusqu\u2019\u00e0 <strong>fin septembre.<\/strong> Voici le d\u00e9tail des perturbations.\u00a0<\/p>\n<p>Trois semaines de travaux jusqu\u2019au 25 septembre\u00a0<\/p>\n<p class=\" wall-content\">Le chantier, d\u2019une dur\u00e9e pr\u00e9visionnelle de <strong>trois semaines<\/strong>, impactera la circulation automobile. La route sera <strong>barr\u00e9e<\/strong> au <strong>croisement du boulevard du pr\u00e9sident Wilson avec la rue de Bouxwiller.\u00a0<\/strong><\/p>\n<p class=\" wall-content\">Durant toute la p\u00e9riode de <a href=\"https:\/\/actu.fr\/tag\/travaux\" rel=\"nofollow noopener\" target=\"_blank\">travaux<\/a>, une <strong>d\u00e9viation<\/strong> sera <strong>mise en place<\/strong> dans les <strong>deux sens de circulation.<\/strong> Il faudra emprunter la <strong>rue de Haguenau<\/strong> et le boulevard du <strong>Pr\u00e9sident Poincar\u00e9<\/strong> en <strong>venant<\/strong> ou <strong>allant vers la place de Haguenau.<\/strong><\/p>\n<p class=\" wall-content\">Pour toute question ou probl\u00e8me \u00e0 signaler, vous pouvez joindre le <strong>03.88.75.22.10.<\/strong><\/p>\n<p class=\" wall-content\">Personnalisez votre actualit\u00e9 en ajoutant vos villes et m\u00e9dias en favori avec <a href=\"https:\/\/moncompte.actu.fr\" title=\"D\u00e9couvez Mon Actu\" rel=\"nofollow noopener\" data-trk=\"{&quot;cta&quot;:{&quot;action&quot;:&quot;https:\\\/\\\/moncompte.actu.fr&quot;,&quot;category&quot;:&quot;mon compte&quot;,&quot;from&quot;:&quot;article footer&quot;,&quot;name&quot;:&quot;Mon actu&quot;,&quot;type&quot;:&quot;cta&quot;}}\" target=\"_blank\">Mon Actu<\/a>.<\/p>\n","protected":false},"excerpt":{"rendered":"Par Lucas Poirot Publi\u00e9 le 31 ao\u00fbt 2026 \u00e0 16h56 Si vous devez prochainement circuler dans ce secteur,&hellip;\n","protected":false},"author":2,"featured_media":1159325,"comment_status":"","ping_status":"","sticky":false,"template":"","format":"standard","meta":{"footnotes":"","_share_on_mastodon":"0"},"categories":[2820],"tags":[1111,11,3542,1777,674,1011,27,775,12,25,104,640,2086],"class_list":["post-1159324","post","type-post","status-publish","format-standard","has-post-thumbnail","category-strasbourg","tag-actu","tag-actualites","tag-circulation","tag-eu","tag-europe","tag-fr","tag-france","tag-grand-est","tag-news","tag-republique-francaise","tag-societe","tag-strasbourg","tag-travaux"],"share_on_mastodon":{"url":"https:\/\/pubeurope.com\/@fr\/117190746826198506","error":""},"_links":{"self":[{"href":"https:\/\/www.europesays.com\/fr\/wp-json\/wp\/v2\/posts\/1159324","targetHints":{"allow":["GET"]}}],"collection":[{"href":"https:\/\/www.europesays.com\/fr\/wp-json\/wp\/v2\/posts"}],"about":[{"href":"https:\/\/www.europesays.com\/fr\/wp-json\/wp\/v2\/types\/post"}],"author":[{"embeddable":true,"href":"https:\/\/www.europesays.com\/fr\/wp-json\/wp\/v2\/users\/2"}],"replies":[{"embeddable":true,"href":"https:\/\/www.europesays.com\/fr\/wp-json\/wp\/v2\/comments?post=1159324"}],"version-history":[{"count":0,"href":"https:\/\/www.europesays.com\/fr\/wp-json\/wp\/v2\/posts\/1159324\/revisions"}],"wp:featuredmedia":[{"embeddable":true,"href":"https:\/\/www.europesays.com\/fr\/wp-json\/wp\/v2\/media\/1159325"}],"wp:attachment":[{"href":"https:\/\/www.europesays.com\/fr\/wp-json\/wp\/v2\/media?parent=1159324"}],"wp:term":[{"taxonomy":"category","embeddable":true,"href":"https:\/\/www.europesays.com\/fr\/wp-json\/wp\/v2\/categories?post=1159324"},{"taxonomy":"post_tag","embeddable":true,"href":"https:\/\/www.europesays.com\/fr\/wp-json\/wp\/v2\/tags?post=1159324"}],"curies":[{"name":"wp","href":"https:\/\/api.w.org\/{rel}","templated":true}]}}