{"id":1159326,"date":"2026-08-31T15:07:20","date_gmt":"2026-08-31T15:07:20","guid":{"rendered":"https:\/\/www.europesays.com\/fr\/1159326\/"},"modified":"2026-08-31T15:07:20","modified_gmt":"2026-08-31T15:07:20","slug":"alsace-hebergement-durgence-a-strasbourg-les-associations-mettent-la-pression-sur-letat-et-la-ville","status":"publish","type":"post","link":"https:\/\/www.europesays.com\/fr\/1159326\/","title":{"rendered":"Alsace. H\u00e9bergement d\u2019urgence \u00e0 Strasbourg\u00a0: les associations mettent la pression sur l\u2019\u00c9tat et la Ville"},"content":{"rendered":"<p>  \u00ab\u00a0La mise \u00e0 l\u2019abri inconditionnelle\u00a0\u00bb demand\u00e9e<\/p>\n<p>Plusieurs associations caritatives (*) soulignent dans un communiqu\u00e9 que la comp\u00e9tence de l\u2019\u00c9tat en mati\u00e8re d\u2019h\u00e9bergement d\u2019urgence n\u2019emp\u00eache pas l\u2019intervention de la Ville et du CCAS de Strasbourg, mais celle-ci a un caract\u00e8re \u00ab\u00a0suppl\u00e9tif\u00a0\u00bb dans l\u2019hypoth\u00e8se o\u00f9 l\u2019\u00c9tat \u00ab\u00a0n\u2019aurait pas accompli les diligences qui lui reviennent\u00a0\u00bb. Ces associations, si elles se f\u00e9licitent de la d\u00e9cision du tribunal administratif, constatent n\u00e9anmoins que celle-ci \u00ab\u00a0reste sans effet\u00a0\u00bb\u00a0: \u00ab\u00a0Des centaines de personnes et d\u2019enfants vivant dans des campements \u00e0 Strasbourg restent abandonn\u00e9es des pouvoirs publics.\u00a0\u00bb<\/p>\n<p>Dans le m\u00eame temps, elles d\u00e9plorent la politique de suppressions de places d\u2019h\u00e9bergement d\u2019urgence men\u00e9e par l\u2019\u00c9tat \u2013 elles avancent de chiffre de 822 places supprim\u00e9es d\u2019ici \u00e0 la fin de l\u2019ann\u00e9e.<\/p>\n<p>Les associations demandent donc la mise en \u0153uvre par les services de l\u2019\u00c9tat de la d\u00e9cision du tribunal administratif, c\u2019est-\u00e0-dire \u00ab\u00a0l\u2019arr\u00eat des remises \u00e0 la rue des personnes\u00a0\u00bb et \u00ab\u00a0l\u2019\u00e9vacuation des campements\u00a0\u00bb avec \u00ab\u00a0mise \u00e0 l\u2019abri inconditionnelle de toutes les personnes y vivant\u00a0\u00bb. Elles ajoutent qu\u2019\u00e0 d\u00e9faut de cette mise en \u0153uvre, c\u2019est \u00e0 la Ville de Strasbourg \u00ab\u00a0d\u2019y proc\u00e9der imm\u00e9diatement, comme cette d\u00e9cision de justice le pr\u00e9voit\u00a0\u00bb.<\/p>\n<p class=\"note\">(*) Abribus, Archipel des sans-voix, Casas, CSP, Cimade, Grains de sable, JRS Strasbourg, L\u2019\u00celot, M\u00e9decins du monde Alsace, Les Petites Roues, Migrations sant\u00e9 Alsace, Secours populaire, Respir.<\/p>\n","protected":false},"excerpt":{"rendered":"\u00ab\u00a0La mise \u00e0 l\u2019abri inconditionnelle\u00a0\u00bb demand\u00e9e Plusieurs associations caritatives (*) soulignent dans un communiqu\u00e9 que la comp\u00e9tence de&hellip;\n","protected":false},"author":2,"featured_media":1159327,"comment_status":"","ping_status":"","sticky":false,"template":"","format":"standard","meta":{"footnotes":"","_share_on_mastodon":"0"},"categories":[2820],"tags":[1111,11,2389,2649,6084,2880,1777,674,107,1011,27,775,12,25,801,104,640,2879,1631],"class_list":["post-1159326","post","type-post","status-publish","format-standard","has-post-thumbnail","category-strasbourg","tag-actu","tag-actualites","tag-alsace","tag-bas-rhin","tag-droit","tag-edition-strasbourg","tag-eu","tag-europe","tag-fil-info","tag-fr","tag-france","tag-grand-est","tag-news","tag-republique-francaise","tag-social","tag-societe","tag-strasbourg","tag-strasbourg-ville","tag-vie-associative"],"share_on_mastodon":{"url":"https:\/\/pubeurope.com\/@fr\/117190750858812167","error":""},"_links":{"self":[{"href":"https:\/\/www.europesays.com\/fr\/wp-json\/wp\/v2\/posts\/1159326","targetHints":{"allow":["GET"]}}],"collection":[{"href":"https:\/\/www.europesays.com\/fr\/wp-json\/wp\/v2\/posts"}],"about":[{"href":"https:\/\/www.europesays.com\/fr\/wp-json\/wp\/v2\/types\/post"}],"author":[{"embeddable":true,"href":"https:\/\/www.europesays.com\/fr\/wp-json\/wp\/v2\/users\/2"}],"replies":[{"embeddable":true,"href":"https:\/\/www.europesays.com\/fr\/wp-json\/wp\/v2\/comments?post=1159326"}],"version-history":[{"count":0,"href":"https:\/\/www.europesays.com\/fr\/wp-json\/wp\/v2\/posts\/1159326\/revisions"}],"wp:featuredmedia":[{"embeddable":true,"href":"https:\/\/www.europesays.com\/fr\/wp-json\/wp\/v2\/media\/1159327"}],"wp:attachment":[{"href":"https:\/\/www.europesays.com\/fr\/wp-json\/wp\/v2\/media?parent=1159326"}],"wp:term":[{"taxonomy":"category","embeddable":true,"href":"https:\/\/www.europesays.com\/fr\/wp-json\/wp\/v2\/categories?post=1159326"},{"taxonomy":"post_tag","embeddable":true,"href":"https:\/\/www.europesays.com\/fr\/wp-json\/wp\/v2\/tags?post=1159326"}],"curies":[{"name":"wp","href":"https:\/\/api.w.org\/{rel}","templated":true}]}}