{"id":1159340,"date":"2026-08-31T15:19:16","date_gmt":"2026-08-31T15:19:16","guid":{"rendered":"https:\/\/www.europesays.com\/fr\/1159340\/"},"modified":"2026-08-31T15:19:16","modified_gmt":"2026-08-31T15:19:16","slug":"un-camion-se-couche-sur-la-chaussee-pres-de-toulouse-une-route-tres-frequentee-fermee-pendant-plusieurs-heures","status":"publish","type":"post","link":"https:\/\/www.europesays.com\/fr\/1159340\/","title":{"rendered":"Un camion se couche sur la chauss\u00e9e pr\u00e8s de Toulouse : une route tr\u00e8s fr\u00e9quent\u00e9e ferm\u00e9e pendant plusieurs heures"},"content":{"rendered":"<p>                    Par<br \/>\n        <strong><br \/>\n            <a href=\"https:\/\/actu.fr\/auteur\/david-saint-sernin\" title=\"Consulter tous les articles de David Saint-Sernin\" rel=\"nofollow noopener\" target=\"_blank\">David Saint-Sernin<\/a><br \/>\n                    <\/strong><\/p>\n<p>        Publi\u00e9 le<\/p>\n<p>            31 ao\u00fbt 2026 \u00e0 16h00        <\/p>\n<p>Lundi 31\u00a0ao\u00fbt 2026, un<strong> accident de la route<\/strong> s\u2019est produit sur la commune <a href=\"https:\/\/actu.fr\/occitanie\/pibrac_31417\" rel=\"nofollow noopener\" target=\"_blank\">de Pibrac<\/a>, pr\u00e8s de Toulouse.<\/p>\n<p>Un camion couch\u00e9 au bord de la chauss\u00e9e<\/p>\n<p class=\" wall-content\">Pour une raison qui reste inconnue au moment d\u2019\u00e9crire ses lignes, un camion s\u2019est couch\u00e9 sur la voirie, en pleine ligne droite, \u00e0 la sortie de Pibrac, route de L\u00e9vignac.<\/p>\n<p class=\" wall-content\">\u00ab\u00a0Suite \u00e0 un accident de voirie, la route de L\u00e9vignac est ferm\u00e9e \u00e0 la circulation dans les deux sens <strong>de 15h30 \u00e0 18h30.<\/strong><\/p>\n<p>    <a href=\"https:\/\/www.facebook.com\/plugins\/post.php?href=https%3A%2F%2Fwww.facebook.com%2Fvillepibrac%2Fposts%2Fpfbid02Tsvp7AWwdqwEVyQZCf7yGS33PfnzbnyfB1wotpdmSeBmYK4CV32wi6rcKnjgYASVl&amp;show_text=true&amp;width=350\" title=\"Ouvrie le lien\" rel=\"nofollow noopener\" target=\"_blank\">Cliquez ici pour visualiser le contenu<\/a><\/p>\n<p>Une d\u00e9viation<\/p>\n<p class=\" wall-content\">Une d\u00e9viation est mise en place par l\u2019avenue Fran\u00e7ois-Verdier (D37) et l\u2019ancien chemin de Lasserre\u00a0\u00bb, indique la Ville de Pibrac.<\/p>\n<p class=\" wall-content\">Les services de la ville et de Toulouse m\u00e9tropole sont sur place.<\/p>\n<p>Vid\u00e9os : en ce moment sur Actu<\/p>\n<p class=\" wall-content\">Plus d\u2019information \u00e0 venir<\/p>\n<p>    <a href=\"https:\/\/www.google.com\/maps\/embed?pb=!1m17!1m12!1m3!1d109925.02779467001!2d1.2732676172741142!3d43.614634106645866!2m3!1f0!2f0!3f0!3m2!1i1024!2i768!4f13.1!3m2!1m1!2zNDPCsDM3JzE1LjMiTiAxwrAxNCc1OC45IkU!5e0!3m2!1sfr!2sfr!4v1788184751207!5m2!1sfr!2sfr\" title=\"Ouvrie le lien\" rel=\"nofollow noopener\" target=\"_blank\">Cliquez ici pour visualiser le contenu<\/a><\/p>\n<p class=\" wall-content\">Personnalisez votre actualit\u00e9 en ajoutant vos villes et m\u00e9dias en favori avec <a href=\"https:\/\/moncompte.actu.fr\" title=\"D\u00e9couvez Mon Actu\" rel=\"nofollow noopener\" data-trk=\"{&quot;cta&quot;:{&quot;action&quot;:&quot;https:\\\/\\\/moncompte.actu.fr&quot;,&quot;category&quot;:&quot;mon compte&quot;,&quot;from&quot;:&quot;article footer&quot;,&quot;name&quot;:&quot;Mon actu&quot;,&quot;type&quot;:&quot;cta&quot;}}\" target=\"_blank\">Mon Actu<\/a>.<\/p>\n","protected":false},"excerpt":{"rendered":"Par David Saint-Sernin Publi\u00e9 le 31 ao\u00fbt 2026 \u00e0 16h00 Lundi 31\u00a0ao\u00fbt 2026, un accident de la route&hellip;\n","protected":false},"author":2,"featured_media":1159341,"comment_status":"","ping_status":"","sticky":false,"template":"","format":"standard","meta":{"footnotes":"","_share_on_mastodon":"0"},"categories":[2816],"tags":[119,1111,11,3542,1777,674,118,1011,27,12,2680,25,2312],"class_list":["post-1159340","post","type-post","status-publish","format-standard","has-post-thumbnail","category-toulouse","tag-accident","tag-actu","tag-actualites","tag-circulation","tag-eu","tag-europe","tag-faits-divers","tag-fr","tag-france","tag-news","tag-occitanie","tag-republique-francaise","tag-toulouse"],"share_on_mastodon":{"url":"https:\/\/pubeurope.com\/@fr\/117190797845913065","error":""},"_links":{"self":[{"href":"https:\/\/www.europesays.com\/fr\/wp-json\/wp\/v2\/posts\/1159340","targetHints":{"allow":["GET"]}}],"collection":[{"href":"https:\/\/www.europesays.com\/fr\/wp-json\/wp\/v2\/posts"}],"about":[{"href":"https:\/\/www.europesays.com\/fr\/wp-json\/wp\/v2\/types\/post"}],"author":[{"embeddable":true,"href":"https:\/\/www.europesays.com\/fr\/wp-json\/wp\/v2\/users\/2"}],"replies":[{"embeddable":true,"href":"https:\/\/www.europesays.com\/fr\/wp-json\/wp\/v2\/comments?post=1159340"}],"version-history":[{"count":0,"href":"https:\/\/www.europesays.com\/fr\/wp-json\/wp\/v2\/posts\/1159340\/revisions"}],"wp:featuredmedia":[{"embeddable":true,"href":"https:\/\/www.europesays.com\/fr\/wp-json\/wp\/v2\/media\/1159341"}],"wp:attachment":[{"href":"https:\/\/www.europesays.com\/fr\/wp-json\/wp\/v2\/media?parent=1159340"}],"wp:term":[{"taxonomy":"category","embeddable":true,"href":"https:\/\/www.europesays.com\/fr\/wp-json\/wp\/v2\/categories?post=1159340"},{"taxonomy":"post_tag","embeddable":true,"href":"https:\/\/www.europesays.com\/fr\/wp-json\/wp\/v2\/tags?post=1159340"}],"curies":[{"name":"wp","href":"https:\/\/api.w.org\/{rel}","templated":true}]}}