{"id":1159349,"date":"2026-08-31T15:25:19","date_gmt":"2026-08-31T15:25:19","guid":{"rendered":"https:\/\/www.europesays.com\/fr\/1159349\/"},"modified":"2026-08-31T15:25:19","modified_gmt":"2026-08-31T15:25:19","slug":"un-nouveau-club-house-et-techno-debarque-a-lyon-des-ce-week-end","status":"publish","type":"post","link":"https:\/\/www.europesays.com\/fr\/1159349\/","title":{"rendered":"Un nouveau club house et techno d\u00e9barque \u00e0 Lyon d\u00e8s ce week-end\u00a0!"},"content":{"rendered":"<p class=\"isSelectedEnd\"><strong>La sc\u00e8ne \u00e9lectronique lyonnaise accueille une nouvelle adresse avec Obe, un club qui entend remettre la f\u00eate et la culture au centre du jeu.<\/strong> Install\u00e9 dans le quartier de la Confluence, le nouveau lieu a d\u00e9voil\u00e9 les dates de son premier week-end d\u2019ouverture\u00a0:<strong> rendez-vous les vendredi 4 et samedi 5 septembre <\/strong>pour d\u00e9couvrir ce nouveau venu de la nuit lyonnaise.<\/p>\n<p>&#13;<br \/>\n<strong>Un club de 500 personnes qui veut rester humain<\/strong>&#13;<\/p>\n<p class=\"isSelectedEnd\"><strong>Cette ouverture intervient dans un contexte plut\u00f4t mouvement\u00e9 pour les lieux festifs de Lyon.<\/strong> La liquidation judiciaire de la p\u00e9niche La Marquise et la fermeture annonc\u00e9e du <a href=\"https:\/\/www.lebonbon.fr\/lyon\/news\/groom-bar-club-lyon-fermeture-definitive\/\" rel=\"nofollow noopener\" target=\"_blank\">Groom<\/a> en novembre ont encore r\u00e9duit le nombre d\u2019espaces capables de faire vivre les musiques \u00e9lectroniques dans la ville.<strong> Dans ce paysage, l\u2019arriv\u00e9e d\u2019Obe ressemble forc\u00e9ment \u00e0 une petite bouff\u00e9e d\u2019air frais.<\/strong><\/p>\n<p>&#13;<\/p>\n<blockquote class=\"instagram-media\" data-instgrm-permalink=\"https:\/\/www.instagram.com\/p\/DcjGRsUCAFT\/?utm_source=ig_embed&amp;utm_campaign=loading\" data-instgrm-version=\"14\" style=\"background: #FFF; border: 0; border-radius: 3px; box-shadow: 0 0 1px 0 rgba(0,0,0,0.5),0 1px 10px 0 rgba(0,0,0,0.15); margin: 1px; max-width: 540px; min-width: 326px; padding: 0; width: calc(100% - 2px);\"><p>&#13;<br \/>\n&#13;\n<\/p><\/blockquote>\n<p>&#13;<br \/>\n&#13;<br \/>\n&#13;<\/p>\n<p class=\"isSelectedEnd\">Obe mise d\u2019abord sur un <strong>format volontairement raisonnable, avec une capacit\u00e9 annonc\u00e9e de 500 personnes.<\/strong> L\u2019id\u00e9e est de cr\u00e9er un lieu modulable pouvant passer du concert \u00e0 la soir\u00e9e club, mais aussi accueillir des pop-ups et diff\u00e9rents formats \u00e9v\u00e9nementiels. C\u00f4t\u00e9 musique, le nouveau club entend surtout \u00e9viter de s\u2019enfermer dans une seule chapelle \u00e9lectronique. <strong>House, tech house, techno ou encore indie<\/strong> devraient ainsi se partager les platines, avec une programmation annonc\u00e9e comme \u00e9clectique. Une approche qui pourrait s\u00e9duire ceux qui aiment danser sans forc\u00e9ment devoir choisir leur camp entre quatre BPM et trois sous-genres incompr\u00e9hensibles.<\/p>\n<p>&#13;<br \/>\n<strong>Une ouverture avec une programmation XXL<\/strong>&#13;<\/p>\n<p class=\"isSelectedEnd\"><strong>Pour son premier week-end, Obe frappe d\u00e9j\u00e0 fort avec une programmation qui donne le ton de ses ambitions.<\/strong> Automatic Writing, Popof, Electric Rescue et Jolene Records seront notamment \u00e0 l\u2019affiche des deux soir\u00e9es inaugurales.<\/p>\n<p>&#13;<\/p>\n<blockquote class=\"instagram-media\" data-instgrm-permalink=\"https:\/\/www.instagram.com\/p\/DcjM51NjHJ7\/?utm_source=ig_embed&amp;utm_campaign=loading\" data-instgrm-version=\"14\" style=\"background: #FFF; border: 0; border-radius: 3px; box-shadow: 0 0 1px 0 rgba(0,0,0,0.5),0 1px 10px 0 rgba(0,0,0,0.15); margin: 1px; max-width: 540px; min-width: 326px; padding: 0; width: calc(100% - 2px);\"><p>&#13;<br \/>\n&#13;\n<\/p><\/blockquote>\n<p>&#13;<br \/>\n&#13;<br \/>\n&#13;<\/p>\n<p><strong>Le club devra d\u00e9sormais transformer cette promesse en v\u00e9ritable rendez-vous pour les noctambules lyonnais.<\/strong> Dans une ville o\u00f9 plusieurs lieux embl\u00e9matiques ont r\u00e9cemment disparu ou s\u2019appr\u00eatent \u00e0 tirer leur r\u00e9v\u00e9rence, l\u2019ouverture d\u2019Obe arrive \u00e0 point nomm\u00e9. La Confluence pourrait donc bien devenir l\u2019un des nouveaux terrains de jeu de la nuit lyonnaise. Reste \u00e0 voir si les Lyonnais r\u00e9pondront pr\u00e9sent\u00a0: premi\u00e8re r\u00e9ponse les 4 et 5 septembre.<\/p>\n<p>&#13;<\/p>\n<p><strong>45 quai Rambaud &#8211; Lyon 2e<\/strong><br \/><strong>Ouverture le 4 septembre 2026<\/strong><br \/><strong>R\u00e9servation <a href=\"https:\/\/shotgun.live\/fr\/events\/obe-opening\" rel=\"nofollow noopener noreferrer\" target=\"_blank\">ici<\/a><\/strong><\/p>\n<p><script async src=\"\/\/www.instagram.com\/embed.js\"><\/script><\/p>\n","protected":false},"excerpt":{"rendered":"La sc\u00e8ne \u00e9lectronique lyonnaise accueille une nouvelle adresse avec Obe, un club qui entend remettre la f\u00eate et&hellip;\n","protected":false},"author":2,"featured_media":1159350,"comment_status":"","ping_status":"","sticky":false,"template":"","format":"standard","meta":{"footnotes":"","_share_on_mastodon":"0"},"categories":[1889],"tags":[1111,11,2430,1777,674,1011,27,2428,12,25],"class_list":["post-1159349","post","type-post","status-publish","format-standard","has-post-thumbnail","category-lyon","tag-actu","tag-actualites","tag-auvergne-rhone-alpes","tag-eu","tag-europe","tag-fr","tag-france","tag-lyon","tag-news","tag-republique-francaise"],"share_on_mastodon":{"url":"https:\/\/pubeurope.com\/@fr\/117190821808176334","error":""},"_links":{"self":[{"href":"https:\/\/www.europesays.com\/fr\/wp-json\/wp\/v2\/posts\/1159349","targetHints":{"allow":["GET"]}}],"collection":[{"href":"https:\/\/www.europesays.com\/fr\/wp-json\/wp\/v2\/posts"}],"about":[{"href":"https:\/\/www.europesays.com\/fr\/wp-json\/wp\/v2\/types\/post"}],"author":[{"embeddable":true,"href":"https:\/\/www.europesays.com\/fr\/wp-json\/wp\/v2\/users\/2"}],"replies":[{"embeddable":true,"href":"https:\/\/www.europesays.com\/fr\/wp-json\/wp\/v2\/comments?post=1159349"}],"version-history":[{"count":0,"href":"https:\/\/www.europesays.com\/fr\/wp-json\/wp\/v2\/posts\/1159349\/revisions"}],"wp:featuredmedia":[{"embeddable":true,"href":"https:\/\/www.europesays.com\/fr\/wp-json\/wp\/v2\/media\/1159350"}],"wp:attachment":[{"href":"https:\/\/www.europesays.com\/fr\/wp-json\/wp\/v2\/media?parent=1159349"}],"wp:term":[{"taxonomy":"category","embeddable":true,"href":"https:\/\/www.europesays.com\/fr\/wp-json\/wp\/v2\/categories?post=1159349"},{"taxonomy":"post_tag","embeddable":true,"href":"https:\/\/www.europesays.com\/fr\/wp-json\/wp\/v2\/tags?post=1159349"}],"curies":[{"name":"wp","href":"https:\/\/api.w.org\/{rel}","templated":true}]}}