{"id":1159351,"date":"2026-08-31T15:26:24","date_gmt":"2026-08-31T15:26:24","guid":{"rendered":"https:\/\/www.europesays.com\/fr\/1159351\/"},"modified":"2026-08-31T15:26:24","modified_gmt":"2026-08-31T15:26:24","slug":"la-crise-du-logement-etudiant-saggrave-a-lyon-alerte-cette-association","status":"publish","type":"post","link":"https:\/\/www.europesays.com\/fr\/1159351\/","title":{"rendered":"La crise du logement \u00e9tudiant s&rsquo;aggrave \u00e0 Lyon alerte cette association"},"content":{"rendered":"<p>A l&rsquo;heure de la rentr\u00e9e, faute d&rsquo;une offre suffisante, <strong>de nombreux \u00e9tudiants sont mal log\u00e9s dans la m\u00e9tropole lyonnaise<\/strong>, ou <a href=\"https:\/\/mesinfos.fr\/69000-lyon\/crise-du-logement-a-lyon-les-etudiants-auront-ils-un-toit-en-septembre-333660.html\" rel=\"nofollow noopener\" target=\"_blank\">n&rsquo;ont pas encore de solution stable<\/a>. Certains doivent parfois louer des meubl\u00e9s de tourisme sur les plateformes au risque de voir s&rsquo;accro\u00eetre leur <a href=\"https:\/\/mesinfos.fr\/69000-lyon\/a-lyon-des-initiatives-pour-contrer-la-precarite-etudiante-183155.html\" rel=\"nofollow noopener\" target=\"_blank\">pr\u00e9carit\u00e9<\/a> en mati\u00e8re d&rsquo;alimentation et de vie quotidienne. <\/p>\n<p>Fin f\u00e9vrier dernier <strong>l&rsquo;association Gaelis<\/strong><strong>(1)<\/strong> publiait <a href=\"https:\/\/gaelis.fr\/4533-2\/\" rel=\"noopener nofollow\" target=\"_blank\">une enqu\u00eate tr\u00e8s document\u00e9e<\/a> sur le logement \u00e9tudiant dans la m\u00e9tropole de Lyon. <\/p>\n<p>La m\u00e9tropole lyonnaise compte 200 000 \u00e9tudiants pour 10 000 logements Crous <\/p>\n<p>Six mois plus tard, nous avons voulu prendre le pouls du logement \u00e9tudiant aupr\u00e8s de la pr\u00e9sidente de Gaelis,<strong> Lola Montaclair <\/strong>et du vice-pr\u00e9sident pour les affaires sociales, <strong>Robin Collin-Stiak<\/strong>. <\/p>\n<blockquote>\n<p>\u00ab\u00a0Le logement \u00e0 la rentr\u00e9e est d\u00e9j\u00e0 tr\u00e8s compliqu\u00e9 depuis plusieurs ann\u00e9es, mais la situation semble encore s&rsquo;aggraver. \u00c0 Lyon, la tension locative est plus forte que la moyenne nationale et se rapproche de celle de Paris : on est autour d\u2019un logement Crous, pour 20 demandes\u00a0\u00bb, informe Robin Collin-Stiak. <\/p>\n<\/blockquote>\n<p>Le prix d&rsquo;un<strong> logement Crous sur la zone de Lyon m\u00e9tropole<\/strong> s&rsquo;\u00e9l\u00e8ve<strong> en moyenne \u00e0 379 euros mensuels<\/strong> lorsque le montant en <strong>colocation priv\u00e9e<\/strong> avoisine 519 euros et <strong>602 euros pour un logement individuel en appartement seul<\/strong>. \u00ab\u00a0On d\u00e9passe vite les 750 \u00e0 800 euros pour avoir un 20m2 correct et confortable\u00a0\u00bb, affirme Lola Montaclair. <\/p>\n<p>La m\u00e9tropole compte un peu plus de <strong>200 000 \u00e9tudiants tous \u00e9tablissements confondus<\/strong>, pour<strong> seulement quelque 10 000 logements Crous<\/strong>, soit environ 5 % des besoins. Les autres \u00e9tudiants doivent donc se tourner vers le parc priv\u00e9, avec des loyers sup\u00e9rieurs de 200 euros par mois \u00e0 ceux du logement social ou universitaire.<\/p>\n<p>\u00ab\u00a0Il faut parfois compter trois mois pour trouver un logement, souligne Lola Montaclair, pr\u00e9sidente de Gaelis. Le calendrier de Parcoursup accentue le ph\u00e9nom\u00e8ne : les r\u00e9sultats commencent \u00e0 tomber en juin et les \u00e9tudiants arrivent progressivement sur le march\u00e9 pendant tout l\u2019\u00e9t\u00e9. Certains, notamment ceux qui obtiennent tardivement leur affectation, arrivent \u00e0 Lyon en ao\u00fbt et encha\u00eenent parfois plus de 10 visites dans la journ\u00e9e. La plupart des r\u00e9sidences sont d\u00e9j\u00e0 pleines, il ne reste que les loyers les plus \u00e9lev\u00e9s\u00a0\u00bb. <\/p>\n<p>L&rsquo;association lyonnaise essaie de trouver des solutions pour certains \u00e9tudiants qui peuvent contacter cette derni\u00e8re <a href=\"http:\/\/mesinfos.fr\/cdn-cgi\/l\/email-protection#274a42544355484e5354674046424b4e54094155\" rel=\"noopener nofollow\" target=\"_blank\">par mail<\/a>. Des dispositifs existent comme la <strong>garantie Visale<\/strong>. \u00ab\u00a0L&rsquo;\u00c9tat peut se porter garant pour un locataire qui ne dispose pas de garant personnel\u00a0\u00bb, rappelle Lola Montaclair. <\/p>\n<p> Encadrement des loyers : une fin annonc\u00e9e \u00e0 Lyon et des contournements constat\u00e9s <\/p>\n<p>Alors que l<strong>\u2019exp\u00e9rimentation de l\u2019encadrement des loyers dans la m\u00e9tropole de Lyon, la ville centre et \u00e0 Villeurbanne <\/strong>doit prendre fin d\u00e9but novembre 2026 &#8211; <a href=\"https:\/\/mesinfos.fr\/69000-lyon\/veronique-sarselli-veut-en-finir-avec-l-encadrement-des-loyers-a-lyon-et-villeurbanne-334312.html\" rel=\"nofollow noopener\" target=\"_blank\">la nouvelle majorit\u00e9 rue du Lac ne souhaitant pas la reconduire<\/a><strong><a href=\"https:\/\/mesinfos.fr\/69000-lyon\/veronique-sarselli-veut-en-finir-avec-l-encadrement-des-loyers-a-lyon-et-villeurbanne-334312.html\" rel=\"nofollow noopener\" target=\"_blank\"><\/strong>-, le dispositif est pr\u00e9sent\u00e9 par Gaelis comme un acquis social important, particuli\u00e8rement pour les \u00e9tudiants, qui constituent l\u2019une des populations les plus pr\u00e9caris\u00e9es. <\/p>\n<p><strong>M\u00eame un d\u00e9passement de 50 euros par mois peut repr\u00e9senter une somme consid\u00e9rable<\/strong> pour un \u00e9tudiant. \u00ab\u00a0Des contournements ont \u00e9t\u00e9 constat\u00e9s\u00a0notamment avec les compl\u00e9ments de loyer, souligne Robin Collin-Stak. Certains \u00e9quipements ou meubles peuvent \u00eatre invoqu\u00e9s pour justifier un suppl\u00e9ment. Cela peut \u00eatre une simple bouilloire !\u00a0\u00bb.<\/p>\n<p>Interrog\u00e9e en juin par l&rsquo;association lyonnaise des \u00e9tudiants,<strong> Claire Pouzin<\/strong>, vice-pr\u00e9sidente d\u00e9l\u00e9gu\u00e9e \u00e0 l&rsquo;offre de logement \u00e0 la M\u00e9tropole de Lyon, <a href=\"https:\/\/mesinfos.fr\/auvergne-rhone-alpes\/elections-metropolitaines-2026-qui-sont-les-150-nouveaux-elus-a-la-metropole-de-lyon-243133.html\" rel=\"nofollow noopener\" target=\"_blank\">\u00e9lue en mars dernier<\/a>, n&rsquo;a pas donn\u00e9 beaucoup d&rsquo;espoirs \u00e0 Gaelis : \u00ab\u00a0La M\u00e9tropole envisage notamment la transformation de bureaux en logements, nous a indiqu\u00e9 Claire Pouzin, pr\u00e9cise la pr\u00e9sidente de Gaelis. Mais il n\u2019existe pas aujourd\u2019hui de v\u00e9ritable r\u00e9ponse \u00e0 la fin annonc\u00e9e de l\u2019encadrement des loyers ni de programme visant sp\u00e9cifiquement \u00e0 accro\u00eetre l\u2019offre de logements \u00e9tudiants.\u00a0\u00bb <\/p>\n<p> D&rsquo;apr\u00e8s Gaelis, le Crous devrait investir davantage pour le logement \u00e9tudiant \u00e0 Lyon\u00a0 <img decoding=\"async\" alt=\"\" class=\"img-align-center\" data-zoomable=\"\" loading=\"lazy\" src=\"https:\/\/www.europesays.com\/fr\/wp-content\/uploads\/2026\/08\/residence-etudiante-alasa-lyon-credit-eric-seveyrat.jpg\"\/> La m\u00e9tropole de Lyon compte de nombreuses r\u00e9sidences \u00e9tudiantes mais l&rsquo;offre est encore insuffisantes. &#8211; \u00a9 Eric S\u00e9veyrat <\/p>\n<p>Les repr\u00e9sentants \u00e9tudiants demandent <strong>une augmentation massive de l\u2019offre de logements universitaires<\/strong>. Leur proposition lors des derni\u00e8res \u00e9lections au Crous \u00e9tait de<strong> construire 12 000 logements en cinq ans<\/strong>, soit plus que doubler la capacit\u00e9 actuelle. <\/p>\n<blockquote>\n<p>\u00ab\u00a0Le Crous de Lyon dispose actuellement d\u2019une capacit\u00e9 d\u2019investissement relativement importante, souligne Robin Collin-Stak qui si\u00e8ge au conseil d&rsquo;administration. Il fait partie des rares Crous \u00e0 avoir enregistr\u00e9 un bilan positif sur le dernier exercice. Un gros obstacle reste le temps de construction. Pour une nouvelle r\u00e9sidence ou un restaurant universitaire, il faut compter au minimum quatre ans entre la validation du projet et sa r\u00e9alisation.\u00a0\u00bb <\/p>\n<\/blockquote>\n<p>Les \u00e9tudiants demandent donc \u00e9galement <strong>une acc\u00e9l\u00e9ration des proc\u00e9dures administratives<\/strong>. \u00ab\u00a0Le Crous va augmenter de 100 lits sa r\u00e9sidence de Debourg par r\u00e9novation et sur\u00e9l\u00e9vation, on peut donc passer par de l&rsquo;existant pour augmenter l&rsquo;offre de logements face au manque de foncier.\u00a0\u00bb <\/p>\n<p>Le statut de r\u00e9sidence \u00e9tudiante jug\u00e9 insuffisamment encadr\u00e9 selon Gaelis <\/p>\n<p>Les \u00e9tudiants d\u00e9plorent l\u2019absence d\u2019un v\u00e9ritable <strong>statut de r\u00e9sidence \u00e9tudiante dans le priv\u00e9, <\/strong>d\u00e9finissant un cahier des charges pr\u00e9cis. \u00ab\u00a0On colle le mot \u00e9tudiant pour rassurer les familles, explique Lola Montaclair. Mais aujourd\u2019hui, l\u2019appellation peut recouvrir des r\u00e9alit\u00e9s tr\u00e8s diff\u00e9rentes. On a des r\u00e9sidences avec salle de cin\u00e9ma, salle de sport, etc.\u00a0\u00bb <\/p>\n<p>En revanche, \u00ab\u00a0comme cela peut \u00eatre le cas dans les r\u00e9sidences Crous\u00a0\u00bb, il n&rsquo;existe <strong>pas de garantie concernant le niveau des loyers<\/strong>, les services propos\u00e9s ou l\u2019accompagnement des \u00e9tudiants avec des personnels d\u00e9di\u00e9s. Pour les repr\u00e9sentants \u00e9tudiants, les priorit\u00e9s ne sont pas toujours les bonnes : ils pr\u00e9f\u00e9reraient des loyers inf\u00e9rieurs de 200 euros et davantage de logements plut\u00f4t que des \u00e9quipements co\u00fbteux. Le d\u00e9veloppement du march\u00e9 priv\u00e9 est ainsi per\u00e7u comme une forme de concurrence au logement Crous, sans les m\u00eames obligations de service.<\/p>\n<p>  Des mobilisations pr\u00e9vues le 15 septembre pour alerter sur la situation des \u00e9tudiants <\/p>\n<p>Les futurs <strong>Jeux olympiques d\u2019hiver de 2030 \u00e0 Lyon<\/strong> soul\u00e8vent deux questions. Les \u00e9tudiants craignent d&rsquo;une part que des logements Crous soient r\u00e9quisitionn\u00e9s, comme \u00e0 Paris, pour l&rsquo;accueil des d\u00e9l\u00e9gations. Par ailleurs, ils demandent \u00e0 ce que les logements du futur <a href=\"https:\/\/mesinfos.fr\/69600-oullins\/jo-2030-oullins-pierre-benite-accueillera-le-village-olympique-des-sports-de-glace-336580.html\" rel=\"nofollow noopener\" target=\"_blank\">village olympique d&rsquo;Oullins-Pierre B\u00e9nite<\/a>, soient pens\u00e9s d\u00e8s leur conception pour <strong>\u00eatre reconvertis<\/strong> apr\u00e8s les Jeux en logements \u00e9tudiants ou en logements sociaux. <\/p>\n<p>Une <strong>mobilisation nationale <\/strong>est annonc\u00e9e le 15 septembre, notamment autour de la<strong> situation des \u00e9tudiants extra-communautaires <\/strong>et de la politique gouvernementale concernant les <strong>APL<\/strong> (aides personnelles au logement) et les <strong>frais d\u2019inscription<\/strong>. <\/p>\n<p class=\"note_article\">(1). Groupement des associations et \u00e9lu.e.s \u00e9tudiant.e.s de Lyon ind\u00e9pendant et solidaire.<\/p>\n","protected":false},"excerpt":{"rendered":"A l&rsquo;heure de la rentr\u00e9e, faute d&rsquo;une offre suffisante, de nombreux \u00e9tudiants sont mal log\u00e9s dans la m\u00e9tropole&hellip;\n","protected":false},"author":2,"featured_media":1159352,"comment_status":"","ping_status":"","sticky":false,"template":"","format":"standard","meta":{"footnotes":"","_share_on_mastodon":"0"},"categories":[1889],"tags":[1111,11,2430,22743,13684,1777,674,1011,27,2428,13099,12,25,10503],"class_list":["post-1159351","post","type-post","status-publish","format-standard","has-post-thumbnail","category-lyon","tag-actu","tag-actualites","tag-auvergne-rhone-alpes","tag-crise-du-logement","tag-crous","tag-eu","tag-europe","tag-fr","tag-france","tag-lyon","tag-mu00e9tropole-de-lyon","tag-news","tag-republique-francaise","tag-u00c9tudiants"],"share_on_mastodon":{"url":"https:\/\/pubeurope.com\/@fr\/117190827218749721","error":""},"_links":{"self":[{"href":"https:\/\/www.europesays.com\/fr\/wp-json\/wp\/v2\/posts\/1159351","targetHints":{"allow":["GET"]}}],"collection":[{"href":"https:\/\/www.europesays.com\/fr\/wp-json\/wp\/v2\/posts"}],"about":[{"href":"https:\/\/www.europesays.com\/fr\/wp-json\/wp\/v2\/types\/post"}],"author":[{"embeddable":true,"href":"https:\/\/www.europesays.com\/fr\/wp-json\/wp\/v2\/users\/2"}],"replies":[{"embeddable":true,"href":"https:\/\/www.europesays.com\/fr\/wp-json\/wp\/v2\/comments?post=1159351"}],"version-history":[{"count":0,"href":"https:\/\/www.europesays.com\/fr\/wp-json\/wp\/v2\/posts\/1159351\/revisions"}],"wp:featuredmedia":[{"embeddable":true,"href":"https:\/\/www.europesays.com\/fr\/wp-json\/wp\/v2\/media\/1159352"}],"wp:attachment":[{"href":"https:\/\/www.europesays.com\/fr\/wp-json\/wp\/v2\/media?parent=1159351"}],"wp:term":[{"taxonomy":"category","embeddable":true,"href":"https:\/\/www.europesays.com\/fr\/wp-json\/wp\/v2\/categories?post=1159351"},{"taxonomy":"post_tag","embeddable":true,"href":"https:\/\/www.europesays.com\/fr\/wp-json\/wp\/v2\/tags?post=1159351"}],"curies":[{"name":"wp","href":"https:\/\/api.w.org\/{rel}","templated":true}]}}