{"id":1159362,"date":"2026-08-31T15:33:21","date_gmt":"2026-08-31T15:33:21","guid":{"rendered":"https:\/\/www.europesays.com\/fr\/1159362\/"},"modified":"2026-08-31T15:33:21","modified_gmt":"2026-08-31T15:33:21","slug":"guerre-en-ukraine-les-hommes-russes-fuient-le-pays-pour-echapper-a-la-menace-dune-nouvelle-mobilisation-franceinfo","status":"publish","type":"post","link":"https:\/\/www.europesays.com\/fr\/1159362\/","title":{"rendered":"Guerre en Ukraine : les hommes russes fuient le pays pour \u00e9chapper \u00e0 la menace d&rsquo;une nouvelle mobilisation \u2013 franceinfo"},"content":{"rendered":"<p class=\"c-chapo \">\n  Face \u00e0 la peur d&rsquo;un appel massif des hommes pour le conflit, de nombreux Russes ont d\u00e9j\u00e0 pris la fuite. Ils souhaitent \u00e9viter le front o\u00f9, selon certaines estimations, la dur\u00e9e de vie d\u2019un soldat ne d\u00e9passerait pas 20 minutes.\n<\/p>\n<p>    Publi\u00e9 le 31\/08\/2026 17:23<\/p>\n<p>        Temps de lecture : 1min<\/p>\n<p>    <img decoding=\"async\"  alt=\"Des soldats russes dans la r\u00e9gion de Koursk (Russie), le 14 mars 2025. (RUSSIAN DEFENCE MINISTRY PRESS SERVICE HANDOUT \/ MAXPPP)\" width=\"432\" height=\"243\" src=\"https:\/\/www.europesays.com\/fr\/wp-content\/uploads\/2026\/08\/maxnewsfrfive963901-67d7d7e47e3dc184141255.jpg\" fetchpriority=\"high\"\/><\/p>\n<p>      Des soldats russes dans la r\u00e9gion de Koursk (Russie), le 14 mars 2025. (RUSSIAN DEFENCE MINISTRY PRESS SERVICE HANDOUT \/ MAXPPP)<\/p>\n<p>C\u2019est une rumeur persistante en Russie. Vladimir Poutine attendrait la fin septembre, apr\u00e8s les \u00e9lections l\u00e9gislatives, <a href=\"https:\/\/www.franceinfo.fr\/replay-jt\/franceinfo\/21h-minuit\/23-heures\/guerre-en-ukraine-de-nouvelles-menaces-de-la-russie_8170241.html\" target=\"_blank\" rel=\"noopener nofollow\" data-tooltip-url=\"https:\/\/www.franceinfo.fr\/replay-jt\/franceinfo\/21h-minuit\/23-heures\/guerre-en-ukraine-de-nouvelles-menaces-de-la-russie_8170241.html\">pour annoncer une nouvelle mobilisation.<\/a> Pas de confirmation officielle, mais le chef du Kremlin pourrait l&rsquo;\u00e9voquer lundi 31 ao\u00fbt lors d&rsquo;un d\u00e9placement au Kirghizistan.<\/p>\n<p>Sur le terrain, les d\u00e9parts se multiplient, comme le constatent de nombreuses organisations des droits de l&rsquo;Homme. Yvan, repr\u00e9sentant d&rsquo;une association russe exil\u00e9e en Europe, t\u00e9moigne de l&rsquo;afflux de demandes d&rsquo;aide au d\u00e9part ces derni\u00e8res semaines. \u00ab\u00a0On est submerg\u00e9. On a re\u00e7u pr\u00e8s de 1\u00a0000 demandes par jour en juillet. C&rsquo;est \u00e9norme. C&rsquo;est un pic. En ao\u00fbt, on a eu pr\u00e8s de 10\u00a0000 demandes.\u00a0\u00bb<\/p>\n<p>La multiplication des arrestations d&rsquo;hommes pour les contraindre \u00e0 signer des contrats militaires expliquerait l&rsquo;explosion des demandes selon l&rsquo;association. La crainte serait \u00e9galement li\u00e9e \u00e0 l&rsquo;existence d&rsquo;un registre \u00e9lectronique qui recense les hommes aptes au combat.<\/p>\n<p>Arthur, avocat de l&rsquo;association Russie libert\u00e9 qui aide des d\u00e9serteurs \u00e0 quitter leur pays, explique ce ph\u00e9nom\u00e8ne. \u00ab\u00a0Si les autorit\u00e9s russes lancent une nouvelle mobilisation, les hommes, sur la liste craignent, que ce soit impossible de franchir la fronti\u00e8re russe s&rsquo;ils ne partent pas maintenant.\u00a0\u00bb<\/p>\n<p>Depuis 2022, les rumeurs de mobilisation circulent r\u00e9guli\u00e8rement en Russie, mais selon un expert, la r\u00e9quisition de troupes serait tr\u00e8s impopulaire et pourrait provoquer une nouvelle vague de d\u00e9part. Un coup dur pour l&rsquo;\u00e9conomie russe qui manque de plusieurs millions d&rsquo;hommes, morts au combat ou exil\u00e9s.<\/p>\n","protected":false},"excerpt":{"rendered":"Face \u00e0 la peur d&rsquo;un appel massif des hommes pour le conflit, de nombreux Russes ont d\u00e9j\u00e0 pris&hellip;\n","protected":false},"author":2,"featured_media":1159363,"comment_status":"","ping_status":"","sticky":false,"template":"","format":"standard","meta":{"footnotes":"","_share_on_mastodon":"0"},"categories":[1591],"tags":[11,1887,12,1885,1886,132],"class_list":["post-1159362","post","type-post","status-publish","format-standard","has-post-thumbnail","category-russie","tag-actualites","tag-federation-de-russie","tag-news","tag-russia","tag-russian-federation","tag-russie"],"share_on_mastodon":{"url":"https:\/\/pubeurope.com\/@fr\/117190854655051631","error":""},"_links":{"self":[{"href":"https:\/\/www.europesays.com\/fr\/wp-json\/wp\/v2\/posts\/1159362","targetHints":{"allow":["GET"]}}],"collection":[{"href":"https:\/\/www.europesays.com\/fr\/wp-json\/wp\/v2\/posts"}],"about":[{"href":"https:\/\/www.europesays.com\/fr\/wp-json\/wp\/v2\/types\/post"}],"author":[{"embeddable":true,"href":"https:\/\/www.europesays.com\/fr\/wp-json\/wp\/v2\/users\/2"}],"replies":[{"embeddable":true,"href":"https:\/\/www.europesays.com\/fr\/wp-json\/wp\/v2\/comments?post=1159362"}],"version-history":[{"count":0,"href":"https:\/\/www.europesays.com\/fr\/wp-json\/wp\/v2\/posts\/1159362\/revisions"}],"wp:featuredmedia":[{"embeddable":true,"href":"https:\/\/www.europesays.com\/fr\/wp-json\/wp\/v2\/media\/1159363"}],"wp:attachment":[{"href":"https:\/\/www.europesays.com\/fr\/wp-json\/wp\/v2\/media?parent=1159362"}],"wp:term":[{"taxonomy":"category","embeddable":true,"href":"https:\/\/www.europesays.com\/fr\/wp-json\/wp\/v2\/categories?post=1159362"},{"taxonomy":"post_tag","embeddable":true,"href":"https:\/\/www.europesays.com\/fr\/wp-json\/wp\/v2\/tags?post=1159362"}],"curies":[{"name":"wp","href":"https:\/\/api.w.org\/{rel}","templated":true}]}}