{"id":1159366,"date":"2026-08-31T15:36:29","date_gmt":"2026-08-31T15:36:29","guid":{"rendered":"https:\/\/www.europesays.com\/fr\/1159366\/"},"modified":"2026-08-31T15:36:29","modified_gmt":"2026-08-31T15:36:29","slug":"grand-canyon-les-images-impressionnantes-des-crues-soudaines-dans-louest-des-etats-unis","status":"publish","type":"post","link":"https:\/\/www.europesays.com\/fr\/1159366\/","title":{"rendered":"Grand Canyon : les images impressionnantes des crues soudaines dans l&rsquo;ouest des \u00c9tats-Unis"},"content":{"rendered":"<ul class=\"jsx-25100651 ArticleChapo__List\">\n<li class=\"jsx-25100651 ArticleChapo__List_Item flex\">Les touristes sont sous le choc apr\u00e8s une crue soudaine et d\u00e9vastatrice survenue ce samedi dans le Grand Canyon, aux \u00c9tats-Unis.<\/li>\n<li class=\"jsx-25100651 ArticleChapo__List_Item flex\">Une soixantaine d&rsquo;entre eux ont pu \u00eatre \u00e9vacu\u00e9s tandis qu&rsquo;au moins une personne est morte et une quinzaine d&rsquo;autres restent recherch\u00e9es.<\/li>\n<li class=\"jsx-25100651 ArticleChapo__List_Item flex\">Regardez les images marquantes de ces inondations \u00e9clair.<\/li>\n<\/ul>\n<p><a href=\"https:\/\/www.google.com\/preferences\/source?q=tf1info.fr\" class=\"jsx-2150648137 jsx-976369737 ActionButton ActionButton--withBorder\" rel=\"nofollow noopener\" target=\"_blank\"><\/p>\n<p> Ajoutez TF1info \u00e0 vos sources sur Google <\/p>\n<p><\/a><\/p>\n<p id=\"body-_R_17v7tm_-block-5\" data-module=\"article-paragraph\" class=\"jsx-2921227388 Paragraph\">Un torrent de boue a remplac\u00e9 les paysages arides, surprenant un groupe de randonneurs dans le Grand Canyon, en Arizona. \u00ab\u00a0Mince mec, on est foutus ! On est foutus !\u00a0\u00bb, lance l&rsquo;un d&rsquo;eux dans une s\u00e9quence vid\u00e9o \u00e0 retrouver ci-dessus. La crue a travers\u00e9 ce canyon samedi 29 ao\u00fbt dans l&rsquo;apr\u00e8s-midi.\u00a0<\/p>\n<p data-module=\"article-paragraph\" class=\"jsx-2921227388 Paragraph Paragraph__End\">Impuissants face \u00e0 la force du courant, les visiteurs sont oblig\u00e9s de se r\u00e9fugier en hauteur. Seul moyen de fuir le canyon, l&rsquo;h\u00e9licopt\u00e8re. Au total, 62 personnes sont \u00e9vacu\u00e9es. Parmi elles, Erica Viola et son mari, encore choqu\u00e9s par la mont\u00e9e des eaux si soudaine. \u00ab\u00a0Quand ils nous ont dit de courir, on a couru aussi vite qu&rsquo;on a pu. \u00c0 un moment, on a cru qu&rsquo;on n&rsquo;y arriverait pas\u00a0\u00bb, raconte cette rescap\u00e9e.\u00a0<\/p>\n<p>D&rsquo;autres orages annonc\u00e9s<\/p>\n<p id=\"body-_R_17v7tm_-block-8\" data-module=\"article-paragraph\" class=\"jsx-2921227388 Paragraph\">Un homme a \u00e9t\u00e9 retrouv\u00e9 mort et <a href=\"https:\/\/www.tf1info.fr\/international\/etats-unis-une-vingtaine-de-personnes-recherchees-apres-une-crue-soudaine-dans-le-grand-canyon-2461330.html\" rel=\"nofollow noopener\" target=\"_blank\">15 autres personnes sont toujours recherch\u00e9es<\/a> par les autorit\u00e9s. Si le ph\u00e9nom\u00e8ne est fr\u00e9quent entre juillet et septembre, il reste impr\u00e9visible. La crue a eu lieu dans une zone pris\u00e9e par les touristes. Mais il y a tout de m\u00eame certaines r\u00e8gles \u00e0 respecter avant de s&rsquo;y aventurer.\u00a0<\/p>\n<p data-module=\"article-paragraph\" class=\"jsx-2921227388 Paragraph\">\u00ab\u00a0Il faut bien distinguer deux choses. Pour les touristes en groupe, il suffit de suivre le guide parce que les guides sont habitu\u00e9s \u00e0 suivre tous les conseils et recommandations du National Park Service. Pour les visiteurs en individuel, il faut vraiment vous renseigner aupr\u00e8s du National Park Service avant la randonn\u00e9e, suivre la m\u00e9t\u00e9o et les conseils des rangers sur place\u00a0\u00bb, \u00e9num\u00e8re Didier Forray, fondateur des agences de voyages CFarWest et CNewYork.\u00a0<\/p>\n<p data-module=\"article-paragraph\" class=\"jsx-2921227388 Paragraph Paragraph__End\">Sur son passage, la coul\u00e9e de boue a emport\u00e9 plusieurs passerelles et endommag\u00e9 une canalisation, privant d&rsquo;eau potable tout le secteur. \u00c0 ce stade, tous les h\u00f4tels de la zone sont ferm\u00e9s, mais les visites restent autoris\u00e9es. D&rsquo;autres orages sont annonc\u00e9s, faisant craindre une nouvelle mont\u00e9e des eaux.<\/p>\n<p>La r\u00e9daction de TF1info | Reportage TF1 : Thomas ANCELIN, Robin MONJANEL<\/p>\n","protected":false},"excerpt":{"rendered":"Les touristes sont sous le choc apr\u00e8s une crue soudaine et d\u00e9vastatrice survenue ce samedi dans le Grand&hellip;\n","protected":false},"author":2,"featured_media":1159367,"comment_status":"","ping_status":"","sticky":false,"template":"","format":"standard","meta":{"footnotes":"","_share_on_mastodon":"0"},"categories":[1589],"tags":[1111,11,1921,73,1866,1922,2839,12,11008,1864,1865,1863,308,133,1920],"class_list":["post-1159366","post","type-post","status-publish","format-standard","has-post-thumbnail","category-etats-unis","tag-actu","tag-actualites","tag-article-video","tag-etats-unis","tag-etats-unis-damerique","tag-info","tag-inondations","tag-news","tag-phenomenes-meteo","tag-united-states","tag-united-states-of-america","tag-us","tag-usa","tag-video","tag-video-international"],"share_on_mastodon":{"url":"https:\/\/pubeurope.com\/@fr\/117190864990919457","error":""},"_links":{"self":[{"href":"https:\/\/www.europesays.com\/fr\/wp-json\/wp\/v2\/posts\/1159366","targetHints":{"allow":["GET"]}}],"collection":[{"href":"https:\/\/www.europesays.com\/fr\/wp-json\/wp\/v2\/posts"}],"about":[{"href":"https:\/\/www.europesays.com\/fr\/wp-json\/wp\/v2\/types\/post"}],"author":[{"embeddable":true,"href":"https:\/\/www.europesays.com\/fr\/wp-json\/wp\/v2\/users\/2"}],"replies":[{"embeddable":true,"href":"https:\/\/www.europesays.com\/fr\/wp-json\/wp\/v2\/comments?post=1159366"}],"version-history":[{"count":0,"href":"https:\/\/www.europesays.com\/fr\/wp-json\/wp\/v2\/posts\/1159366\/revisions"}],"wp:featuredmedia":[{"embeddable":true,"href":"https:\/\/www.europesays.com\/fr\/wp-json\/wp\/v2\/media\/1159367"}],"wp:attachment":[{"href":"https:\/\/www.europesays.com\/fr\/wp-json\/wp\/v2\/media?parent=1159366"}],"wp:term":[{"taxonomy":"category","embeddable":true,"href":"https:\/\/www.europesays.com\/fr\/wp-json\/wp\/v2\/categories?post=1159366"},{"taxonomy":"post_tag","embeddable":true,"href":"https:\/\/www.europesays.com\/fr\/wp-json\/wp\/v2\/tags?post=1159366"}],"curies":[{"name":"wp","href":"https:\/\/api.w.org\/{rel}","templated":true}]}}