{"id":1159374,"date":"2026-08-31T15:40:13","date_gmt":"2026-08-31T15:40:13","guid":{"rendered":"https:\/\/www.europesays.com\/fr\/1159374\/"},"modified":"2026-08-31T15:40:13","modified_gmt":"2026-08-31T15:40:13","slug":"le-constat-est-clair-lue-ne-fait-plus-rever-le-non-islandais-un-serieux-camouflet-pour-leurope-geopolitique","status":"publish","type":"post","link":"https:\/\/www.europesays.com\/fr\/1159374\/","title":{"rendered":"\u00ab Le constat est clair, l\u2019UE ne fait plus r\u00eaver \u00bb : le non islandais, un s\u00e9rieux camouflet pour l\u2019Europe g\u00e9opolitique"},"content":{"rendered":"<p>\n    <strong>ANALYSE<\/strong> &#8211; Bruxelles esp\u00e9rait un effet d\u2019entra\u00eenement pour le processus d\u2019\u00e9largissement de l\u2019UE enlis\u00e9.<\/p>\n<p class=\"fig-paragraph\">Circulez, il n\u2019y a rien \u00e0 voir\u00a0! \u00ab\u00a0La Commission europ\u00e9enne prend acte du r\u00e9f\u00e9rendum islandais\u00a0\u00bb et \u00ab\u00a0respecte le choix du peuple islandais\u00a0\u00bb, a sobrement comment\u00e9 l\u2019ex\u00e9cutif bruxellois par voie de communiqu\u00e9, dimanche, apr\u00e8s le\u00a0<a href=\"http:\/\/www.lefigaro.fr\/international\/en-islande-les-eurosceptiques-l-emportent-lors-du-referendum-sur-l-ue-apres-une-nuit-sous-tension-20260830\" data-fig-type=\"Article\" data-gtm-custom-categorie=\"navigation\" data-gtm-custom-action=\"crossclick\" data-gtm-custom-label=\"Contextuel\" data-gtm-event=\"customEventSPE\" data-fig-domain=\"LEFIGARO\" rel=\"nofollow noopener\" target=\"_blank\">rejet par 52,8\u00a0% des \u00e9lecteurs<\/a>\u00a0de ce pays d\u2019une reprise des n\u00e9gociations d\u2019adh\u00e9sion \u00e0 l\u2019Union europ\u00e9enne, lors d\u2019un scrutin organis\u00e9 samedi. Sa pr\u00e9sidente,\u00a0<a href=\"http:\/\/www.lefigaro.fr\/international\/von-der-leyen-contre-kaja-kallas-les-dysfonctionnements-de-la-diplomatie-europeenne-20260724\" data-fig-type=\"Article\" data-gtm-custom-categorie=\"navigation\" data-gtm-custom-action=\"crossclick\" data-gtm-custom-label=\"Contextuel\" data-gtm-event=\"customEventSPE\" data-fig-domain=\"LEFIGARO\" rel=\"nofollow noopener\" target=\"_blank\">Ursula von\u00a0der\u00a0Leyen<\/a>, pourtant rarement avare en commentaires sur l\u2019actualit\u00e9 internationale, fait profil bas. De son c\u00f4t\u00e9, le pr\u00e9sident du Conseil europ\u00e9en, Antonio Costa, a \u00ab\u00a0soulign\u00e9 que l\u2019UE respecte pleinement le choix d\u00e9mocratique du peuple islandais\u00a0\u00bb. Lors d\u2019un \u00e9change avec la premi\u00e8re ministre islandaise, Kristrun Frostadottir &#8211;\u00a0pour qui le r\u00e9sultat est un cinglant \u00e9chec\u00a0-, \u00ab\u00a0les deux dirigeants ont exprim\u00e9 leur volont\u00e9 de continuer \u00e0 renforcer la relation entre l\u2019UE et l\u2019Islande\u00a0\u00bb.<\/p>\n<p class=\"fig-paragraph\">Sur le papier, le refus d\u2019une \u00eele arctique de 400\u00a0000\u00a0habitants de rejoindre l\u2019Union europ\u00e9enne\u2026<\/p>\n<p class=\"fig-premium-paywall__infos\">\n        Cet article est r\u00e9serv\u00e9 aux abonn\u00e9s.        Il vous reste 79% \u00e0 d\u00e9couvrir.\n    <\/p>\n<p>                <img  data- alt=\"Le Figaro\" class=\"fig-img--complete fig-img\"\/><\/p>\n<p class=\"fig-premium-paywall__title\">Vous avez envie de lire la suite ?<\/p>\n<p class=\"fig-premium-paywall__subtitle\">D\u00e9bloquez tous les articles imm\u00e9diatement.<\/p>\n<p class=\"fig-premium-paywall__connect\">\n                D\u00e9j\u00e0 abonn\u00e9\u00a0?                <a class=\"fig-premium-paywall__connect-link\" href=\"https:\/\/connect.lefigaro.fr\/login?client=horizon_web&amp;type=main&amp;redirect_uri=https%3A%2F%2Fwww.lefigaro.fr%2Finternational%2Fle-constat-est-clair-l-ue-ne-fait-plus-rever-le-non-islandais-un-serieux-camouflet-pour-l-europe-geopolitique-20260831\" data-js-gtm=\"{&quot;event&quot;:&quot;customEventGA4&quot;,&quot;eventName&quot;:&quot;click_action&quot;,&quot;feature&quot;:&quot;paywall&quot;,&quot;location&quot;:&quot;paywall&quot;,&quot;button_action&quot;:&quot;connect&quot;,&quot;click_text&quot;:&quot;Connectez-vous&quot;}\" rel=\"nofollow noopener\" target=\"_blank\"><br \/>\n                    Connectez-vous<br \/>\n                <\/a>\n            <\/p>\n","protected":false},"excerpt":{"rendered":"ANALYSE &#8211; Bruxelles esp\u00e9rait un effet d\u2019entra\u00eenement pour le processus d\u2019\u00e9largissement de l\u2019UE enlis\u00e9. Circulez, il n\u2019y a&hellip;\n","protected":false},"author":2,"featured_media":1159375,"comment_status":"","ping_status":"","sticky":false,"template":"","format":"standard","meta":{"footnotes":"","_share_on_mastodon":"0"},"categories":[1586],"tags":[11,1777,674,1779,1011,27,12528,12,25,1778,364],"class_list":["post-1159374","post","type-post","status-publish","format-standard","has-post-thumbnail","category-europe","tag-actualites","tag-eu","tag-europe","tag-european-union","tag-fr","tag-france","tag-islande","tag-news","tag-republique-francaise","tag-ue","tag-union-europeenne"],"share_on_mastodon":{"url":"https:\/\/pubeurope.com\/@fr\/117190880781169322","error":""},"_links":{"self":[{"href":"https:\/\/www.europesays.com\/fr\/wp-json\/wp\/v2\/posts\/1159374","targetHints":{"allow":["GET"]}}],"collection":[{"href":"https:\/\/www.europesays.com\/fr\/wp-json\/wp\/v2\/posts"}],"about":[{"href":"https:\/\/www.europesays.com\/fr\/wp-json\/wp\/v2\/types\/post"}],"author":[{"embeddable":true,"href":"https:\/\/www.europesays.com\/fr\/wp-json\/wp\/v2\/users\/2"}],"replies":[{"embeddable":true,"href":"https:\/\/www.europesays.com\/fr\/wp-json\/wp\/v2\/comments?post=1159374"}],"version-history":[{"count":0,"href":"https:\/\/www.europesays.com\/fr\/wp-json\/wp\/v2\/posts\/1159374\/revisions"}],"wp:featuredmedia":[{"embeddable":true,"href":"https:\/\/www.europesays.com\/fr\/wp-json\/wp\/v2\/media\/1159375"}],"wp:attachment":[{"href":"https:\/\/www.europesays.com\/fr\/wp-json\/wp\/v2\/media?parent=1159374"}],"wp:term":[{"taxonomy":"category","embeddable":true,"href":"https:\/\/www.europesays.com\/fr\/wp-json\/wp\/v2\/categories?post=1159374"},{"taxonomy":"post_tag","embeddable":true,"href":"https:\/\/www.europesays.com\/fr\/wp-json\/wp\/v2\/tags?post=1159374"}],"curies":[{"name":"wp","href":"https:\/\/api.w.org\/{rel}","templated":true}]}}