{"id":1159388,"date":"2026-08-31T15:52:14","date_gmt":"2026-08-31T15:52:14","guid":{"rendered":"https:\/\/www.europesays.com\/fr\/1159388\/"},"modified":"2026-08-31T15:52:14","modified_gmt":"2026-08-31T15:52:14","slug":"pinarello-q36-5-recrute-un-grimpeur-espagnol-actualite","status":"publish","type":"post","link":"https:\/\/www.europesays.com\/fr\/1159388\/","title":{"rendered":"Pinarello-Q36.5 recrute un grimpeur espagnol &#8211; Actualit\u00e9"},"content":{"rendered":"<p>Pensionnaire de la ProTeam Caja Rural-Seguros RGA depuis 2025, <strong><a style=\"color: #000000; text-decoration: underline;\" href=\"https:\/\/www.directvelo.com\/coureur\/43691\/jan-castellon-ribalta\" target=\"_blank\" rel=\"noopener nofollow\">Jan Castellon<\/a><\/strong> va rejoindre la formation suisse Pinarello-Q36.5 pour les deux prochaines saisons, annonce la ProTeam suisse ce lundi en d\u00e9but d&rsquo;apr\u00e8s-midi.\u00a0<\/p>\n<p>Cette saison, l\u2019Espagnol de 23 ans s\u2019est illustr\u00e9 en Chine, sur le Tour du Lac Qinghai, en terminant 2e du classement g\u00e9n\u00e9ral, apr\u00e8s s\u2019\u00eatre class\u00e9 2e et 4e d\u2019\u00e9tapes. Il a \u00e9galement fini 9e de l\u2019AlUla Tour, en Arabie Saoudite, 10e du Tour des Asturies mais aussi et surtout <strong><a style=\"color: #000000; text-decoration: underline;\" href=\"https:\/\/www.directvelo.com\/epreuve\/48766\/tour-auvergne-rhone-alpes-2026\" target=\"_blank\" rel=\"noopener nofollow\">11e du Tour Auvergne-Rh\u00f4ne-Alpes.<\/a><\/strong><\/p>\n<p>Avant de passer professionnel, il avait d\u00e9fendu pendant trois saisons les couleurs de la r\u00e9serve de la Caja Rural-Seguros RGA, \u00e0 savoir Caja Rural-Alea.<\/p>\n<p>Retrouvez tous les transferts de l&rsquo;intersaison 2026-2027 <strong><a style=\"color: #000000; text-decoration: underline;\" href=\"https:\/\/www.directvelo.com\/mutations\/2027#pro-conti_pro\" target=\"_blank\" rel=\"noopener nofollow\">en cliquant ici<\/a><\/strong>.<\/p>\n","protected":false},"excerpt":{"rendered":"Pensionnaire de la ProTeam Caja Rural-Seguros RGA depuis 2025, Jan Castellon va rejoindre la formation suisse Pinarello-Q36.5 pour&hellip;\n","protected":false},"author":2,"featured_media":1159389,"comment_status":"","ping_status":"","sticky":false,"template":"","format":"standard","meta":{"footnotes":"","_share_on_mastodon":"0"},"categories":[1411],"tags":[834,828,836,829,837,827,83,826,824,823,1154,207,814,817,815,816,822,821,832,211,839,1011,27,820,818,819,835,831,830,833,838,60,212,208,825],"class_list":["post-1159388","post","type-post","status-publish","format-standard","has-post-thumbnail","category-cyclisme","tag-attaque","tag-belgique","tag-braquet","tag-bretagne","tag-chute","tag-competition","tag-coupe-de-france","tag-coureur","tag-course-cyclisme","tag-course-cycliste","tag-cycling","tag-cyclisme","tag-direct","tag-direct-velo","tag-directvelo","tag-directvelo-com","tag-epreuve","tag-epreuve-cycliste","tag-federation-francaise-de-cyclisme","tag-ffc","tag-flandres","tag-fr","tag-france","tag-live","tag-live-course","tag-live-epreuve","tag-peloton","tag-radio-peloton","tag-radio-tour","tag-ravitaillement","tag-relance","tag-sports","tag-uci","tag-velo","tag-velos"],"share_on_mastodon":{"url":"https:\/\/pubeurope.com\/@fr\/117190927475269035","error":""},"_links":{"self":[{"href":"https:\/\/www.europesays.com\/fr\/wp-json\/wp\/v2\/posts\/1159388","targetHints":{"allow":["GET"]}}],"collection":[{"href":"https:\/\/www.europesays.com\/fr\/wp-json\/wp\/v2\/posts"}],"about":[{"href":"https:\/\/www.europesays.com\/fr\/wp-json\/wp\/v2\/types\/post"}],"author":[{"embeddable":true,"href":"https:\/\/www.europesays.com\/fr\/wp-json\/wp\/v2\/users\/2"}],"replies":[{"embeddable":true,"href":"https:\/\/www.europesays.com\/fr\/wp-json\/wp\/v2\/comments?post=1159388"}],"version-history":[{"count":0,"href":"https:\/\/www.europesays.com\/fr\/wp-json\/wp\/v2\/posts\/1159388\/revisions"}],"wp:featuredmedia":[{"embeddable":true,"href":"https:\/\/www.europesays.com\/fr\/wp-json\/wp\/v2\/media\/1159389"}],"wp:attachment":[{"href":"https:\/\/www.europesays.com\/fr\/wp-json\/wp\/v2\/media?parent=1159388"}],"wp:term":[{"taxonomy":"category","embeddable":true,"href":"https:\/\/www.europesays.com\/fr\/wp-json\/wp\/v2\/categories?post=1159388"},{"taxonomy":"post_tag","embeddable":true,"href":"https:\/\/www.europesays.com\/fr\/wp-json\/wp\/v2\/tags?post=1159388"}],"curies":[{"name":"wp","href":"https:\/\/api.w.org\/{rel}","templated":true}]}}