{"id":115939,"date":"2025-05-21T04:07:19","date_gmt":"2025-05-21T04:07:19","guid":{"rendered":"https:\/\/www.europesays.com\/fr\/115939\/"},"modified":"2025-05-21T04:07:19","modified_gmt":"2025-05-21T04:07:19","slug":"la-societe-de-btp-condamnee","status":"publish","type":"post","link":"https:\/\/www.europesays.com\/fr\/115939\/","title":{"rendered":"la soci\u00e9t\u00e9 de BTP condamn\u00e9e"},"content":{"rendered":"<p>            Par<br \/>\n        <strong><br \/>\n            <a href=\"https:\/\/actu.fr\/auteur\/redaction-paris\" title=\"Consulter tous les articles de R\u00e9daction Paris\" target=\"_blank\" rel=\"noopener\">R\u00e9daction Paris<\/a><br \/>\n        <\/strong><\/p>\n<p>        Publi\u00e9 le<\/p>\n<p>            20 mai 2025 \u00e0 17h47        <\/p>\n<p>Les dirigeants d\u2019une soci\u00e9t\u00e9 de construction ont \u00e9t\u00e9 condamn\u00e9s, mardi 20 mai 2025, par le tribunal correctionnel de Bobigny (Seine-Saint-Denis) \u00e0 des peines allant jusqu\u2019\u00e0 deux ans de prison avec sursis pour <a href=\"https:\/\/actu.fr\/ile-de-france\/saint-denis_93066\/mort-d-un-ouvrier-sur-un-chantier-du-grand-paris-express-a-saint-denis_47703141.html\" target=\"_blank\" rel=\"noopener\"><strong>la mort d\u2019un ouvrier en 2022<\/strong> sur un chantier du Grand Paris Express<\/a>.\u00a0L\u2019actuel pr\u00e9sident de la soci\u00e9t\u00e9 Sampieri Construction, qui \u00e0 l\u2019\u00e9poque des faits \u00e9tait ouvrier de cette soci\u00e9t\u00e9, a \u00e9t\u00e9 condamn\u00e9 \u00e0 deux ans de prison avec sursis et 10 000 euros d\u2019amende. Le tribunal a consid\u00e9r\u00e9 que le d\u00e9boulonnage d\u2019une plaque en acier de 300 kg avait \u00e9t\u00e9 fait \u00e0 sa demande sur <a href=\"https:\/\/actu.fr\/ile-de-france\/saint-denis_93066\/c-est-une-revolution-pour-l-ile-de-france-la-ligne-14-du-metro-enfin-prolongee-jusqu-a-saint-denis-pleyel_61248227.html\" target=\"_blank\" rel=\"noopener\">ce chantier de la gare Saint-Denis-Pleyel<\/a>. Une de ses man\u0153uvres au volant d\u2019un monte-charge a entra\u00een\u00e9 la chute de cette plaque, tuant Joao Baptista Fernandes Miranda qui se trouvait \u00e0 l\u2019\u00e9tage inf\u00e9rieur.<\/p>\n<p class=\" wall-content\">Le p\u00e8re de ce premier pr\u00e9venu, dirigeant de la soci\u00e9t\u00e9 au moment des faits, a \u00e9t\u00e9 pour sa part condamn\u00e9 \u00e0 six mois avec sursis et 3 000 euros d\u2019amende pour homicide involontaire, bien qu\u2019absent des lieux le jour de l\u2019accident. La soci\u00e9t\u00e9 a \u00e9cop\u00e9 d\u2019une amende de 40 000 euros. Si les amendes inflig\u00e9es sont inf\u00e9rieures aux r\u00e9quisitions, <strong>le tribunal a suivi la demande du minist\u00e8re public<\/strong> concernant les peines de prison.<\/p>\n<p>Cinq ouvriers morts sur le chantier<\/p>\n<p class=\" wall-content\"><a href=\"https:\/\/actu.fr\/ile-de-france\/saint-denis_93066\/mort-d-un-ouvrier-sur-un-chantier-du-grand-paris-express-a-saint-denis_47703141.html\" target=\"_blank\" rel=\"noopener\">Le colossal chantier de la gare Saint-Denis Pleyel<\/a>, qui \u00e0 terme accueillera l\u2019enchev\u00eatrement de quatre lignes de m\u00e9tro, s\u2019\u00e9tendait sur neuf niveaux dont quatre souterrains. Au niveau -3, Joao Baptista Fernandes Miranda, salari\u00e9 d\u2019Eiffage, \u00ab\u00a0faisait son travail comme d\u2019habitude\u00a0\u00bb ce 5 janvier 2022, v\u00eatu de son \u00e9quipement de s\u00e9curit\u00e9, a rappel\u00e9 d\u00e9but avril, le procureur.<br \/>De l\u2019\u00e9tage sup\u00e9rieur, <strong>la plaque m\u00e9tallique le percute \u00e0 la t\u00eate.<\/strong> Le d\u00e9c\u00e8s de cet homme de 60 ans est constat\u00e9 \u00e0 12h34. <a href=\"https:\/\/actu.fr\/societe\/apres-cinq-morts-sur-ses-chantiers-le-grand-paris-express-muscle-sa-politique-de-securite_59617836.html\" target=\"_blank\" rel=\"noopener\">Il est l\u2019un des cinq ouvriers d\u00e9c\u00e9d\u00e9s<\/a> sur des chantiers du Grand Paris Express.<\/p>\n<p class=\" wall-content\">\u00ab\u00a0A la barre, j\u2019ai entendu venant des pr\u00e9venus \u2018c\u2019est un drame\u2019 mais \u00e0 aucun moment j\u2019ai entendu \u2018je suis d\u00e9sol\u00e9 pour vous de ce qui est arriv\u00e9&rsquo;\u00a0\u00bb, a regrett\u00e9 d\u00e9but avril l\u2019avocat des parties civiles. \u00ab\u00a0Il y a trois accidents mortels au travail par jour, toutes professions confondues\u00a0\u00bb, a rappel\u00e9 Marion M\u00e9nage, avocate de la CGT FNSCBA, repr\u00e9sentant les salari\u00e9s du b\u00e2timent.\u00a0\u00ab\u00a0<strong>C\u2019est quelque chose de syst\u00e9mique<\/strong> qui m\u00e9rite que ce soit su et dit\u00a0\u00bb, selon elle. Les ouvriers du b\u00e2timent \u00ab\u00a0ne sont pas des professionnels qui se plaignent mais des gens qui travaillent extr\u00eamement dur et dans des conditions extr\u00eamement difficiles\u00a0\u00bb.<\/p>\n<p class=\" wall-content\"><strong>Avec AFP<\/strong><\/p>\n<p class=\" wall-content\">Suivez toute l\u2019actualit\u00e9 de vos villes et m\u00e9dias favoris en vous inscrivant \u00e0 <a href=\"https:\/\/moncompte.actu.fr\" title=\"D\u00e9couvez Mon Actu\" rel=\"nofollow noopener\" data-trk=\"{&quot;cta&quot;:{&quot;action&quot;:&quot;https:\\\/\\\/moncompte.actu.fr&quot;,&quot;category&quot;:&quot;mon compte&quot;,&quot;from&quot;:&quot;article footer&quot;,&quot;name&quot;:&quot;Mon actu&quot;,&quot;type&quot;:&quot;cta&quot;}}\" target=\"_blank\">Mon Actu<\/a>.<\/p>\n<ul class=\"ac-article-tag wall-content\">\n<li><a href=\"https:\/\/actu.fr\/tag\/grand-paris-express\" data-trk=\"{&quot;cta&quot;:{&quot;action&quot;:&quot;Grand Paris Express&quot;,&quot;category&quot;:&quot;tag&quot;,&quot;from&quot;:&quot;article footer&quot;,&quot;name&quot;:&quot;Grand Paris Express&quot;,&quot;type&quot;:&quot;cta&quot;}}\" target=\"_blank\" rel=\"noopener\">#Grand Paris Express<\/a><\/li>\n<li><a href=\"https:\/\/actu.fr\/tag\/justice\" data-trk=\"{&quot;cta&quot;:{&quot;action&quot;:&quot;Justice&quot;,&quot;category&quot;:&quot;tag&quot;,&quot;from&quot;:&quot;article footer&quot;,&quot;name&quot;:&quot;Justice&quot;,&quot;type&quot;:&quot;cta&quot;}}\" target=\"_blank\" rel=\"noopener\">#Justice<\/a><\/li>\n<\/ul>\n","protected":false},"excerpt":{"rendered":"Par R\u00e9daction Paris Publi\u00e9 le 20 mai 2025 \u00e0 17h47 Les dirigeants d\u2019une soci\u00e9t\u00e9 de construction ont \u00e9t\u00e9&hellip;\n","protected":false},"author":2,"featured_media":115940,"comment_status":"","ping_status":"","sticky":false,"template":"","format":"standard","meta":{"footnotes":""},"categories":[1888],"tags":[11,1777,674,118,1011,27,12284,303,12,626,25],"class_list":{"0":"post-115939","1":"post","2":"type-post","3":"status-publish","4":"format-standard","5":"has-post-thumbnail","7":"category-paris","8":"tag-actualites","9":"tag-eu","10":"tag-europe","11":"tag-faits-divers","12":"tag-fr","13":"tag-france","14":"tag-grand-paris-express","15":"tag-justice","16":"tag-news","17":"tag-paris","18":"tag-republique-francaise"},"share_on_mastodon":{"url":"https:\/\/pubeurope.com\/@fr\/114543856372607078","error":""},"_links":{"self":[{"href":"https:\/\/www.europesays.com\/fr\/wp-json\/wp\/v2\/posts\/115939","targetHints":{"allow":["GET"]}}],"collection":[{"href":"https:\/\/www.europesays.com\/fr\/wp-json\/wp\/v2\/posts"}],"about":[{"href":"https:\/\/www.europesays.com\/fr\/wp-json\/wp\/v2\/types\/post"}],"author":[{"embeddable":true,"href":"https:\/\/www.europesays.com\/fr\/wp-json\/wp\/v2\/users\/2"}],"replies":[{"embeddable":true,"href":"https:\/\/www.europesays.com\/fr\/wp-json\/wp\/v2\/comments?post=115939"}],"version-history":[{"count":0,"href":"https:\/\/www.europesays.com\/fr\/wp-json\/wp\/v2\/posts\/115939\/revisions"}],"wp:featuredmedia":[{"embeddable":true,"href":"https:\/\/www.europesays.com\/fr\/wp-json\/wp\/v2\/media\/115940"}],"wp:attachment":[{"href":"https:\/\/www.europesays.com\/fr\/wp-json\/wp\/v2\/media?parent=115939"}],"wp:term":[{"taxonomy":"category","embeddable":true,"href":"https:\/\/www.europesays.com\/fr\/wp-json\/wp\/v2\/categories?post=115939"},{"taxonomy":"post_tag","embeddable":true,"href":"https:\/\/www.europesays.com\/fr\/wp-json\/wp\/v2\/tags?post=115939"}],"curies":[{"name":"wp","href":"https:\/\/api.w.org\/{rel}","templated":true}]}}