{"id":1159395,"date":"2026-08-31T15:58:26","date_gmt":"2026-08-31T15:58:26","guid":{"rendered":"https:\/\/www.europesays.com\/fr\/1159395\/"},"modified":"2026-08-31T15:58:26","modified_gmt":"2026-08-31T15:58:26","slug":"saison-1-episode-3-6-gomorra-les-origines-tele-2-semaines-tele-2-semaines","status":"publish","type":"post","link":"https:\/\/www.europesays.com\/fr\/1159395\/","title":{"rendered":"Saison 1 &#8211; Episode 3 \/ 6 &#8211; Gomorra : les origines &#8211; T\u00e9l\u00e9 2 semaines &#8211; T\u00e9l\u00e9 2 Semaines"},"content":{"rendered":"<ol>\n<li><a href=\"https:\/\/news.google.com\/rss\/articles\/CBMikgFBVV95cUxNdHRKeWJ0aGNweFJGT2JON01kZlZHaHlVcEpUTWd0WTNWNlh3OEFha29wOEhjZEZNaHZVYS01ZEpjVW9seW44WjV4SFVWTXA3UmtJZWVZT0UtcDRhdHVRTUpuWmhxTjFfQWpDQlpvTUVFQXRvamxwQ2t3ZkFjaG1RZmRPNmg0eFBNdlBOb1lpOFY0QQ?oc=5\" target=\"_blank\" rel=\"nofollow noopener\">Saison 1 &#8211; Episode 3 \/ 6 &#8211; Gomorra : les origines &#8211; T\u00e9l\u00e9 2 semaines<\/a>&nbsp;&nbsp;T\u00e9l\u00e9 2 Semaines<\/li>\n<li><a href=\"https:\/\/news.google.com\/rss\/articles\/CBMikgFBVV95cUxPbkVTMXpqdU1nX3ptdDdsY29rNm1UTXFxbzM5akg1bjNkQXliZ1JKOWpyMFpWa1V1Tm1FWWpyTlIwajBVaFZfa0VOV0ZiOElXRzZmVXZTOEpab0J1X1k0ektTNEs4MzRpNVEwVzNlcmpHOHVNRk91RVo3ZFI1Q01PZFFNWjhDZHJZc0xiUnN5dGdRdw?oc=5\" target=\"_blank\" rel=\"nofollow noopener\">Babita Singh Reporting sur Amazon Prime Vid\u00e9o : r\u00e9sum\u00e9 de l&rsquo;\u00e9pisode<\/a>&nbsp;&nbsp;Programme TV Ouest-France<\/li>\n<li><a href=\"https:\/\/news.google.com\/rss\/articles\/CBMib0FVX3lxTE40QUxnNkNRUzl4dWpoemNqZHRXMXpmS2xLUE5ERVpha2VKcG1NX3E4U2gyaHdVZHJSZjNVUGlzenN2TnFzNUVfZlZfM2c2bDEzX2RrTlladFlpSUU3YWZQSzlpZ2tTZVBURzlqWUpyTQ?oc=5\" target=\"_blank\" rel=\"nofollow noopener\">\u00ab Gomorra \u00bb, \u00ab Peaky Blinders \u00bb\u2026 8 s\u00e9ries incontournables sur la mafia<\/a>&nbsp;&nbsp;ELLE<\/li>\n<li><a href=\"https:\/\/news.google.com\/rss\/articles\/CBMi-wFBVV95cUxQU0ozU3pSZzRCTDVyMDBwYmx3Q0NBRTRFNDg1WXlyZmRPbEd5R2pvX2xrcnNOZldjSDYybmFfSFFneFVCRWJ2ODVXcWh6N0pFUW9hUVdweGc5eUgxcGx4c25hbmJ2ZWs1RTdvd3JrVzNvenlBZHRjUHN4LXVFZkZKTmh0OU1JTXQtRGJUS1lVam5GTG53Uy1zcEVTVW1YQzlhdDNBdTF3UVRpalJBaUFCcXFhZWg5ZlVoSUx5dWg2MmFtQmw4aENYbXpyRmFlMDdVYWg2TG1iYkpBY2VFODBPcGVPeW1DcmZUd2dSaTZJSEFibUV0YmljV0tBUQ?oc=5\" target=\"_blank\" rel=\"nofollow noopener\">\u00ab Gomorra, les origines \u00bb sur Canal+. Pourquoi faut-il rattraper le pr\u00e9quel de la s\u00e9rie sur la mafia napolitaine ?<\/a>&nbsp;&nbsp;MaVille.com<\/li>\n<li><a href=\"https:\/\/news.google.com\/rss\/articles\/CBMiekFVX3lxTE1vQTMxb3p2YWQ1TDNEVGVBb2tKQno0U3hrX0pEbW5JdkY4QTgyZGtTS2NaSlJ6WGtfQ0kyWmFNc1ROUUNLa0tzZnMtbFZvSExCLTJ1NTNzdzRfb3M3U3hDcy1aUlBrcGs3UmRyVk1RcWhFVy1aalhJbi1B?oc=5\" target=\"_blank\" rel=\"nofollow noopener\">S1E3 &#8211; Gomorra : les origines le samedi 5 septembre \u00e0 8h13 sur Canal+<\/a>&nbsp;&nbsp;CesoirTV<\/li>\n<\/ol>\n","protected":false},"excerpt":{"rendered":"Saison 1 &#8211; Episode 3 \/ 6 &#8211; Gomorra : les origines &#8211; T\u00e9l\u00e9 2 semaines&nbsp;&nbsp;T\u00e9l\u00e9 2 Semaines&hellip;\n","protected":false},"author":2,"featured_media":39176,"comment_status":"","ping_status":"","sticky":false,"template":"","format":"standard","meta":{"footnotes":"","_share_on_mastodon":"0"},"categories":[1356],"tags":[119094,119091,10474,119095,58,59,119093,1011,27,119087,119092,119082,119084,119085,119096,119086,119083,119097,5240,119089,119088,521,17831,252,119090,1364],"class_list":["post-1159395","post","type-post","status-publish","format-standard","has-post-thumbnail","category-television","tag-antonio-buono","tag-biagio-forestieri","tag-canal","tag-ciro-burzo","tag-divertissement","tag-entertainment","tag-flavio-furno","tag-fr","tag-france","tag-francesco-pellegrino","tag-giulio-greco","tag-gomorra-les-origines","tag-leonardo-fasoli","tag-luca-lubrano","tag-luigi-cardone","tag-maddalena-ravagli","tag-marco-damore","tag-mattia-francesco-cozzolino","tag-programme","tag-renato-russo","tag-roberto-saviano","tag-serie","tag-su00e9rie-policiu00e8re","tag-television","tag-tullia-venezia","tag-tv"],"share_on_mastodon":{"url":"https:\/\/pubeurope.com\/@fr\/117190951499161437","error":""},"_links":{"self":[{"href":"https:\/\/www.europesays.com\/fr\/wp-json\/wp\/v2\/posts\/1159395","targetHints":{"allow":["GET"]}}],"collection":[{"href":"https:\/\/www.europesays.com\/fr\/wp-json\/wp\/v2\/posts"}],"about":[{"href":"https:\/\/www.europesays.com\/fr\/wp-json\/wp\/v2\/types\/post"}],"author":[{"embeddable":true,"href":"https:\/\/www.europesays.com\/fr\/wp-json\/wp\/v2\/users\/2"}],"replies":[{"embeddable":true,"href":"https:\/\/www.europesays.com\/fr\/wp-json\/wp\/v2\/comments?post=1159395"}],"version-history":[{"count":0,"href":"https:\/\/www.europesays.com\/fr\/wp-json\/wp\/v2\/posts\/1159395\/revisions"}],"wp:featuredmedia":[{"embeddable":true,"href":"https:\/\/www.europesays.com\/fr\/wp-json\/wp\/v2\/media\/39176"}],"wp:attachment":[{"href":"https:\/\/www.europesays.com\/fr\/wp-json\/wp\/v2\/media?parent=1159395"}],"wp:term":[{"taxonomy":"category","embeddable":true,"href":"https:\/\/www.europesays.com\/fr\/wp-json\/wp\/v2\/categories?post=1159395"},{"taxonomy":"post_tag","embeddable":true,"href":"https:\/\/www.europesays.com\/fr\/wp-json\/wp\/v2\/tags?post=1159395"}],"curies":[{"name":"wp","href":"https:\/\/api.w.org\/{rel}","templated":true}]}}