{"id":1159406,"date":"2026-08-31T16:04:25","date_gmt":"2026-08-31T16:04:25","guid":{"rendered":"https:\/\/www.europesays.com\/fr\/1159406\/"},"modified":"2026-08-31T16:04:25","modified_gmt":"2026-08-31T16:04:25","slug":"windows-vous-indique-que-la-protection-antivirus-est-desactivee-cest-probablement-un-bug","status":"publish","type":"post","link":"https:\/\/www.europesays.com\/fr\/1159406\/","title":{"rendered":"Windows vous indique que \u201cla protection antivirus est d\u00e9sactiv\u00e9e\u201d\u00a0? C&rsquo;est probablement un bug"},"content":{"rendered":"<p>En bref<\/p>\n<ul class=\"ed__lists ed__bdy__l\">\n<li>Microsoft confirme qu&rsquo;un bug affecte Microsoft Defender\/S\u00e9curit\u00e9 Windows.<\/li>\n<li>Sur toutes les versions de l&rsquo;OS, l&rsquo;outil peut afficher une fausse notification d&rsquo;alerte concernant la d\u00e9sactivation de la protection antivirus.<\/li>\n<li>Microsoft travaille \u00e0 un correctif, et il est pr\u00e9f\u00e9rable malgr\u00e9 tout de v\u00e9rifier que Microsoft Defender est bien activ\u00e9.<\/li>\n<\/ul>\n<p class=\"ed__a-p ed__bdy__l\">La <a href=\"https:\/\/www.lesnumeriques.com\/informatique\/windows-11-la-grande-mise-a-jour-de-l-ete-2026-est-la-avec-7-changements-qu-on-n-attendait-plus-n261024.html\" title=\"Windows 11 : la grande mise \u00e0 jour de l&#039;\u00e9t\u00e9 2026 est l\u00e0, avec 7 changements qu&#039;on n&#039;attendait plus\" rel=\"nofollow noopener\" target=\"_blank\">derni\u00e8re mise \u00e0 jour majeure de Windows 11<\/a> n&rsquo;est, comme souvent, pas avare en bugs. Cependant, aujourd&rsquo;hui il est plus sp\u00e9cifiquement question de la derni\u00e8re version de Microsoft Defender, l&rsquo;outil de S\u00e9curit\u00e9 Windows par d\u00e9faut de Windows 11 et des pr\u00e9c\u00e9dentes moutures qui permet de se passer d&rsquo;un logiciel antivirus tiers.<\/p>\n<p class=\"ed__a-p ed__bdy__l\">Apr\u00e8s des retours utilisateurs remontant \u00e0 d\u00e9but ao\u00fbt, Microsoft a confirm\u00e9 qu&rsquo;un bug peut affecter certaines personnes et qu&rsquo;elle travaille \u00e0 un correctif. Ce bug n&rsquo;est heureusement pas une faille de s\u00e9curit\u00e9 (<a href=\"https:\/\/www.lesnumeriques.com\/appli-logiciel\/windows-11-malgre-le-patch-tuesday-une-nouvelle-faille-majeure-fait-surface-n257359.html\" title=\"Windows 11 : malgr\u00e9 le Patch Tuesday, une nouvelle faille majeure fait surface\" rel=\"nofollow noopener\" target=\"_blank\">cette fois<\/a>), mais peut malgr\u00e9 tout semer la confusion.<\/p>\n<p>Une fausse alerte de s\u00e9curit\u00e9 sur tous les Windows<\/p>\n<p class=\"ed__a-p ed__bdy__l\">Sur Windows 11, mais aussi les pr\u00e9c\u00e9dentes versions de l&rsquo;OS, une notification peut ainsi s&rsquo;afficher au d\u00e9marrage du PC ou de mani\u00e8re al\u00e9atoire, indiquant que \u00ab\u00a0La protection antivirus est d\u00e9sactiv\u00e9e\u00a0\u00bb. Cliquer dessus ouvre alors Microsoft Defender\/la S\u00e9curit\u00e9 Windows, o\u00f9 il est probable que ladite protection est pourtant bien activ\u00e9e. Microsoft confirme que ce souci est d\u00fb \u00e0 la derni\u00e8re mise \u00e0 jour du service, sans pr\u00e9ciser laquelle exactement.<\/p>\n<p class=\"ed__a-p ed__bdy__l\">En attendant que Microsoft d\u00e9ploie un correctif, qui arrivera probablement avec une future mise \u00e0 jour de Microsoft Defender, il est impossible de masquer cette notification, qui peut revenir m\u00eame en d\u00e9sactivant le syst\u00e8me de notification ou en activant le mode \u00ab\u00a0Ne pas d\u00e9ranger\u00a0\u00bb. Il faudra donc simplement se montrer patient.<\/p>\n<p>Une rapide v\u00e9rification s&rsquo;impose malgr\u00e9 tout<\/p>\n<p class=\"ed__a-p ed__bdy__l\">Pour v\u00e9rifier que l&rsquo;antivirus de Microsoft Defender est malgr\u00e9 tout bien activ\u00e9 et qu&rsquo;il s&rsquo;agit d&rsquo;une fausse alerte, c&rsquo;est simple. Ouvrez la S\u00e9curit\u00e9 Windows (depuis son ic\u00f4ne dans la barre d&rsquo;\u00e9tat syst\u00e8me en bas \u00e0 droite de votre \u00e9cran par exemple) et direction le menu \u00ab\u00a0Protection contre les virus et menaces\u00a0\u00bb. Cliquez sur \u00ab\u00a0G\u00e9rer les param\u00e8tres\u00a0\u00bb sous \u00ab\u00a0Param\u00e8tres de protection contre les virus et menaces\u00a0\u00bb. V\u00e9rifiez que toutes les cases sont coch\u00e9es.<\/p>\n","protected":false},"excerpt":{"rendered":"En bref Microsoft confirme qu&rsquo;un bug affecte Microsoft Defender\/S\u00e9curit\u00e9 Windows. Sur toutes les versions de l&rsquo;OS, l&rsquo;outil peut&hellip;\n","protected":false},"author":2,"featured_media":1159407,"comment_status":"","ping_status":"","sticky":false,"template":"","format":"standard","meta":{"footnotes":"","_share_on_mastodon":"0"},"categories":[7],"tags":[1011,27,43,40,41,39,42,44],"class_list":["post-1159406","post","type-post","status-publish","format-standard","has-post-thumbnail","category-sciences-et-technologies","tag-fr","tag-france","tag-science","tag-science-and-technology","tag-sciences","tag-sciences-et-technologies","tag-technologies","tag-technology"],"share_on_mastodon":{"url":"https:\/\/pubeurope.com\/@fr\/117190974998298776","error":""},"_links":{"self":[{"href":"https:\/\/www.europesays.com\/fr\/wp-json\/wp\/v2\/posts\/1159406","targetHints":{"allow":["GET"]}}],"collection":[{"href":"https:\/\/www.europesays.com\/fr\/wp-json\/wp\/v2\/posts"}],"about":[{"href":"https:\/\/www.europesays.com\/fr\/wp-json\/wp\/v2\/types\/post"}],"author":[{"embeddable":true,"href":"https:\/\/www.europesays.com\/fr\/wp-json\/wp\/v2\/users\/2"}],"replies":[{"embeddable":true,"href":"https:\/\/www.europesays.com\/fr\/wp-json\/wp\/v2\/comments?post=1159406"}],"version-history":[{"count":0,"href":"https:\/\/www.europesays.com\/fr\/wp-json\/wp\/v2\/posts\/1159406\/revisions"}],"wp:featuredmedia":[{"embeddable":true,"href":"https:\/\/www.europesays.com\/fr\/wp-json\/wp\/v2\/media\/1159407"}],"wp:attachment":[{"href":"https:\/\/www.europesays.com\/fr\/wp-json\/wp\/v2\/media?parent=1159406"}],"wp:term":[{"taxonomy":"category","embeddable":true,"href":"https:\/\/www.europesays.com\/fr\/wp-json\/wp\/v2\/categories?post=1159406"},{"taxonomy":"post_tag","embeddable":true,"href":"https:\/\/www.europesays.com\/fr\/wp-json\/wp\/v2\/tags?post=1159406"}],"curies":[{"name":"wp","href":"https:\/\/api.w.org\/{rel}","templated":true}]}}