{"id":1159410,"date":"2026-08-31T16:06:28","date_gmt":"2026-08-31T16:06:28","guid":{"rendered":"https:\/\/www.europesays.com\/fr\/1159410\/"},"modified":"2026-08-31T16:06:28","modified_gmt":"2026-08-31T16:06:28","slug":"drame-au-grand-canyon-une-crue-exceptionnelle-fait-au-moins-un-mort-et-15-disparus","status":"publish","type":"post","link":"https:\/\/www.europesays.com\/fr\/1159410\/","title":{"rendered":"Drame au Grand Canyon\u00a0: une crue exceptionnelle fait au moins un mort et 15 disparus"},"content":{"rendered":"<p>\n                                                                Au moins un mort et une quinzaine de personnes disparues\u00a0: tel est le bilan provisoire d\u2019une crue \u00e9clair survenue samedi dans le Grand Canyon, aux \u00c9tats-Unis. Alors que 62 personnes ont \u00e9t\u00e9 \u00e9vacu\u00e9es et des infrastructures d\u00e9truites, de nouveaux orages menacent ce site visit\u00e9 par 4,4\u00a0millions de touristes.\n                            <\/p>\n<p>Une personne au moins est morte et une quinzaine d\u2019autres sont recherch\u00e9es apr\u00e8s une crue \u00e9clair dans le Grand Canyon (\u00c9tats-Unis), selon un bilan provisoire des autorit\u00e9s am\u00e9ricaines\u00a0dimanche 30\u00a0ao\u00fbt.<\/p>\n<p>Le Service des parcs nationaux (NPS) et les services m\u00e9t\u00e9o am\u00e9ricains ont mis en garde sur leurs sites contre le risque d\u2019une r\u00e9p\u00e9tition du ph\u00e9nom\u00e8ne, du fait des orages accompagn\u00e9s de pluies importantes encore possibles ce lundi.<\/p>\n<p>\u00ab\u00a0En cette fin de journ\u00e9e, les op\u00e9rations de r\u00e9cup\u00e9ration sont achev\u00e9es pour un homme de 46 ans pr\u00e8s de Crystal Rapids, le long du fleuve Colorado\u00a0\u00bb, a indiqu\u00e9 l\u2019antenne locale du NPS dimanche soir sur X.<\/p>\n<p>Un m\u00e9decin l\u00e9giste a \u00e9t\u00e9 d\u00e9p\u00each\u00e9 sur les lieux.<\/p>\n<p>62 personnes \u00e9vacu\u00e9es<\/p>\n<p>Les responsables du parc avaient initialement fait \u00e9tat de plus de 20 personnes recherch\u00e9es. En d\u00e9but de journ\u00e9e dimanche, le service avait fait \u00e9tat de 62 personnes \u00e9vacu\u00e9es.<\/p>\n<p>Les inondations ont endommag\u00e9 une canalisation d\u2019eau essentielle pour le parc, a indiqu\u00e9 le NPS. Des restrictions d\u2019eau sont impos\u00e9es dans sa zone la plus fr\u00e9quent\u00e9e et les feux sont interdits.<\/p>\n<p>Les inondations ont \u00e9galement provoqu\u00e9 des d\u00e9g\u00e2ts importants, d\u00e9truisant \u00ab\u00a0presque toutes les passerelles\u00a0\u00bb sur un ruisseau et emp\u00eachant sa travers\u00e9e par les randonneurs.<\/p>\n<p>Les h\u00e9bergements pour la nuit doivent \u00eatre ferm\u00e9s \u00e0 partir de ce lundi, a encore indiqu\u00e9 le NPS. \u00ab\u00a0Ces mesures sont cruciales pour garantir la s\u00e9curit\u00e9 et la p\u00e9rennit\u00e9 des ressources en eau\u00a0\u00bb, a-t-il soulign\u00e9.<\/p>\n<p>Les images du ph\u00e9nom\u00e8ne<\/p>\n<blockquote data-class=\"twitter-tweet\">\n<p lang=\"en\" dir=\"ltr\">Visitors at Grand Canyon National Park spotted debris washing down the Colorado River on Saturday after parts of the canyon were hit by major flash floods over the weekend. <a href=\"https:\/\/t.co\/8VKqSn1HKY\" rel=\"nofollow\">pic.twitter.com\/8VKqSn1HKY<\/a><\/p>\n<p>\u2014 CBS News (@CBSNews) <a href=\"https:\/\/x.com\/CBSNews\/status\/2094400276316790795?ref_src=twsrc%5Etfw\" rel=\"nofollow\">August 31, 2026<\/a><\/p><\/blockquote>\n<p>Les inondations ont touch\u00e9 le Bright Angel Canyon et la zone de Phantom Ranch, un h\u00f4tel situ\u00e9 dans le bas du Grand Canyon, samedi, entra\u00eenant depuis l\u2019\u00e9vacuation de dizaines de personnes et endommageant l\u2019unique conduite d\u2019eau alimentant le parc.<\/p>\n<p>Des vid\u00e9os tourn\u00e9es par des randonneurs montrent un torrent d\u2019eau boueuse d\u00e9ferlant dans un grondement sourd le long d\u2019un sentier et sous des passerelles, ainsi que des troncs d\u2019arbres et d\u2019autres d\u00e9bris emport\u00e9s par les rivi\u00e8res en crue.<\/p>\n<blockquote data-class=\"twitter-tweet\">\n<p lang=\"en\" dir=\"ltr\">Hikers and campers scrambled for cover as a storm triggered heavy rain and flash flooding in the Bright Angel Canyon and Phantom Ranch regions of Grand Canyon National Park in Arizona. The storm caused significant damage to nearby footbridges and trails, according to the National\u2026 <a href=\"https:\/\/t.co\/NRNmfdmmC1\" rel=\"nofollow\">pic.twitter.com\/NRNmfdmmC1<\/a><\/p>\n<p>\u2014 CBS News (@CBSNews) <a href=\"https:\/\/x.com\/CBSNews\/status\/2094212377445011479?ref_src=twsrc%5Etfw\" rel=\"nofollow\">August 30, 2026<\/a><\/p><\/blockquote>\n<p>Le NPS disait dimanche soir \u00eatre en qu\u00eate d'\u00a0\u00bbinformations concernant une quinzaine de personnes qui pourraient \u00eatre port\u00e9es disparues ou dont on est sans nouvelles\u00a0\u00bb.<\/p>\n<p>Des orages et de la pluie attendue ce lundi<\/p>\n<p>Les nouveaux orages et fortes pluies susceptibles de s\u2019abattre encore ce\u00a0lundi pourraient entra\u00eener \u00ab\u00a0d\u2019autres crues \u00e9clair, des coul\u00e9es de d\u00e9bris, des chutes de pierres\u00a0\u00bb, selon le parc.<\/p>\n<p>La menace porte sur \u00ab\u00a0les ruisseaux, les lits de cours d\u2019eau habituellement secs, les trous d\u2019eau et les zones r\u00e9cemment incendi\u00e9es\u00a0\u00bb, indique l\u2019agence m\u00e9t\u00e9orologique nationale\u00a0dans son bulletin de la nuit. Elle \u00e9voque un risque de \u00ab\u00a0courants d\u00e9cha\u00een\u00e9s et mortels\u00a0\u00bb dans les canyons lat\u00e9raux et \u00e9troits.<\/p>\n<p>Les crues \u00e9clair sont fr\u00e9quentes dans le nord de l\u2019Arizona, o\u00f9 les terres arides absorbent tr\u00e8s mal la pluie, et le NPS appelle les visiteurs \u00e0 redoubler de prudence jusqu\u2019\u00e0 mi-septembre.<\/p>\n<p>Ces crues interviennent en pleine s\u00e9cheresse record dans le sud-ouest des \u00c9tats-Unis. Les deux lacs artificiels situ\u00e9s en amont et en aval du Grand Canyon sont \u00e0 des plus bas historiques, une menace pour la production hydro\u00e9lectrique et l\u2019approvisionnement en eau des quelque 40\u00a0millions d\u2019Am\u00e9ricains qui d\u00e9pendent du fleuve Colorado.<\/p>\n<p>L\u2019an dernier, plus de 4,4\u00a0millions de touristes ont visit\u00e9 le Grand Canyon, selon les chiffres des parcs nationaux.<\/p>\n<p>                                                                                <script async src=\"https:\/\/platform.twitter.com\/widgets.js\" charset=\"utf-8\"><\/script><\/p>\n","protected":false},"excerpt":{"rendered":"Au moins un mort et une quinzaine de personnes disparues\u00a0: tel est le bilan provisoire d\u2019une crue \u00e9clair&hellip;\n","protected":false},"author":2,"featured_media":1159411,"comment_status":"","ping_status":"","sticky":false,"template":"","format":"standard","meta":{"footnotes":"","_share_on_mastodon":"0"},"categories":[5],"tags":[11,118,1011,27,14,12,28],"class_list":["post-1159410","post","type-post","status-publish","format-standard","has-post-thumbnail","category-international","tag-actualites","tag-faits-divers","tag-fr","tag-france","tag-international","tag-news","tag-world"],"share_on_mastodon":{"url":"https:\/\/pubeurope.com\/@fr\/117190982937433188","error":""},"_links":{"self":[{"href":"https:\/\/www.europesays.com\/fr\/wp-json\/wp\/v2\/posts\/1159410","targetHints":{"allow":["GET"]}}],"collection":[{"href":"https:\/\/www.europesays.com\/fr\/wp-json\/wp\/v2\/posts"}],"about":[{"href":"https:\/\/www.europesays.com\/fr\/wp-json\/wp\/v2\/types\/post"}],"author":[{"embeddable":true,"href":"https:\/\/www.europesays.com\/fr\/wp-json\/wp\/v2\/users\/2"}],"replies":[{"embeddable":true,"href":"https:\/\/www.europesays.com\/fr\/wp-json\/wp\/v2\/comments?post=1159410"}],"version-history":[{"count":0,"href":"https:\/\/www.europesays.com\/fr\/wp-json\/wp\/v2\/posts\/1159410\/revisions"}],"wp:featuredmedia":[{"embeddable":true,"href":"https:\/\/www.europesays.com\/fr\/wp-json\/wp\/v2\/media\/1159411"}],"wp:attachment":[{"href":"https:\/\/www.europesays.com\/fr\/wp-json\/wp\/v2\/media?parent=1159410"}],"wp:term":[{"taxonomy":"category","embeddable":true,"href":"https:\/\/www.europesays.com\/fr\/wp-json\/wp\/v2\/categories?post=1159410"},{"taxonomy":"post_tag","embeddable":true,"href":"https:\/\/www.europesays.com\/fr\/wp-json\/wp\/v2\/tags?post=1159410"}],"curies":[{"name":"wp","href":"https:\/\/api.w.org\/{rel}","templated":true}]}}