{"id":1159414,"date":"2026-08-31T16:08:18","date_gmt":"2026-08-31T16:08:18","guid":{"rendered":"https:\/\/www.europesays.com\/fr\/1159414\/"},"modified":"2026-08-31T16:08:18","modified_gmt":"2026-08-31T16:08:18","slug":"exclu-de-betclic-elite-et-delite-2-monaco-envisage-dintegrer-la-ligue-adriatique-lequipe","status":"publish","type":"post","link":"https:\/\/www.europesays.com\/fr\/1159414\/","title":{"rendered":"Exclu de Betclic \u00c9lite et d&#039;\u00c9lite 2, Monaco envisage d&#039;int\u00e9grer&#8230; la Ligue Adriatique &#8211; L&#039;\u00c9quipe"},"content":{"rendered":"<ol>\n<li><a href=\"https:\/\/news.google.com\/rss\/articles\/CBMiywFBVV95cUxNV3pYVUVUOG9URVpscS11d0hYRmZHRW1oM3hyRmd2Ri1ZOWNTbnZpWi1YOFBsUlF1dTVLdDhTZ2JnRDlHaklQRmYzcm0takpFdFR4d0lhdVlQelBtUURlZGl6UDlFX3BLWEJ3ZmFLeWF1TjFmcDNtejduQnlOTUtDcncwNXl3azJDcjJxUWxnNDVtOXZEbmtOZW95NHAyRTZMbUpPeGt2S2NqQlI3SGFhZmtsY1JoNUlKQXoyU3VScm5lX2dhNDczb2RNSQ?oc=5\" target=\"_blank\" rel=\"nofollow noopener\">Exclu de Betclic \u00c9lite et d&rsquo;\u00c9lite 2, Monaco envisage d&rsquo;int\u00e9grer&#8230; la Ligue Adriatique<\/a>&nbsp;&nbsp;L&rsquo;\u00c9quipe<\/li>\n<li><a href=\"https:\/\/news.google.com\/rss\/articles\/CBMiwAFBVV95cUxNWGdjdTh5dnRyVmVQcU4zRU1qZjJvWnNZM29SRTViQkZ6eDdfTGhueEpFeHZOdllvUWI2bkpIMHBFakd0S0U2N2hRM2lEYzdrTDQ1SXBjcWI5R0hMTU0ySXI4QmprUWpCWV81eGtDNDlIaC1hcFUzbUlfVHFKSE1wa2dCOThxaDVIRloySmFJSkNkQ19BNmdXM0xCbzhRWjNRc2hXY0ljOUdNWlFDaUhxczFqUlQ0ZHJveVdFZXBmenDSAb8BQVVfeXFMT3NJSnVydkVCdTFPLThTUUpRXzhHaGtPTllOVnJoUGs1dVdPWVVhSFJmOTF5TmotSzZaWE1CRkFYVU9sSFhtbGpyYmFQZ1hDVk9UV0RjNGpaRGlHMTlmRF9QTS1MNC1BSkRRMlljazM1cUJwNFQzN3o3cmcyNnJJcVVzS0VXalhSMm0wd2tnMFZXQmE2WnZZOVZGMXM1THhGRXc3WmFOSFE5S2gzOW9FQV9rWHUzcms2cWlNLTlPWXM?oc=5\" target=\"_blank\" rel=\"nofollow noopener\">Monaco va-t-il s&rsquo;exiler en Ligue Adriatique ? : Sports &#8211; Orange<\/a>&nbsp;&nbsp;Sports &#8211; Orange<\/li>\n<li><a href=\"https:\/\/news.google.com\/rss\/articles\/CBMihAFBVV95cUxQVGlBU3dkWDVfZUtrOW1vbm9hM3o4T2twSlFlVkVXLTF4aWNwRW5xSjJjX01tX21EUnJaOGFsQVJ2QVFTOEpjUWxGWndRTDNqS0owclEyUVFlVHlLU1g1UUREVjg5N2JsNVkyWW1xR2h2bUdqektiQkVGLTJZWkp6bzk0blA?oc=5\" target=\"_blank\" rel=\"nofollow noopener\">FULFIL SUPERCOUPE : L\u2019ASVEL DE TONY PARKER \u00c0 LA SUPERCOUPE !<\/a>&nbsp;&nbsp;Home &#8211; LNB<\/li>\n<li><a href=\"https:\/\/news.google.com\/rss\/articles\/CBMiywFBVV95cUxNaVM2M2g0QzdnQ2NvUkp2TlJCRmk5VllwTi1WQlVLdlkxbHh3Ui1hc3FGOERFSGpuTUFXMTM4RE9CR3Npc09ITllma1hHOFFNRlU4OFFDaVlWNm5Xcmc4eVlCMGtIWHlTalpkZ3VqckpJWHRjMDdWWVFxV3d0cUl1UXA1Sjh0MHM4cFowMmZGbHl0d3JLNThoaWdmMzNFQnZZOWk4bm9jVGR3NjRudUdVd19jTzFhRW1USXp5THg0S1JhbkROOXprbVZoWQ?oc=5\" target=\"_blank\" rel=\"nofollow noopener\">AS Monaco : L&rsquo;ancien propri\u00e9taire Sergey Dyadechko d\u00e9signe les responsables du \u00ab crash \u00bb et d\u00e9fend Oleksiy Yefimov<\/a>&nbsp;&nbsp;BeBasket<\/li>\n<li><a href=\"https:\/\/news.google.com\/rss\/articles\/CBMivAFBVV95cUxNTVA0bmgzMzVSM3E4a1BsZi1FdDBmU09DQjlJMnNOSE5yTllhWll6cVBzMnpndDh4dTFybHFIWk55ZzFBckhEel9rZ1JITjd1OG1NalFpTEozVVM5QzZyU0VrSlZLSVZyZU05TFZvMHFIS0FSdEMzQklLTTJzSWN3ZlBiZ09ER3BUUnZxNEdoUkJwRS1FUXFuOVAwc3RfTlF2SXRzX3FiaWxIOEhPNmdDZkxIQ2FNU25jY0dPSw?oc=5\" target=\"_blank\" rel=\"nofollow noopener\">Basket : Saint-Quentin r\u00e9cup\u00e8re la place de Monaco en championnat de France<\/a>&nbsp;&nbsp;Le Figaro<\/li>\n<\/ol>\n","protected":false},"excerpt":{"rendered":"Exclu de Betclic \u00c9lite et d&rsquo;\u00c9lite 2, Monaco envisage d&rsquo;int\u00e9grer&#8230; la Ligue Adriatique&nbsp;&nbsp;L&rsquo;\u00c9quipe Monaco va-t-il s&rsquo;exiler en Ligue&hellip;\n","protected":false},"author":2,"featured_media":1159415,"comment_status":"","ping_status":"","sticky":false,"template":"","format":"standard","meta":{"footnotes":"","_share_on_mastodon":"0"},"categories":[2],"tags":[11,86760,2266,1465,3146,1011,27,12,23077,88746],"class_list":["post-1159414","post","type-post","status-publish","format-standard","has-post-thumbnail","category-actualites","tag-actualites","tag-actus-et-infos","tag-as-monaco","tag-basket","tag-betclic-elite","tag-fr","tag-france","tag-news","tag-saison-2025-2026","tag-sami-sadik"],"share_on_mastodon":{"url":"https:\/\/pubeurope.com\/@fr\/117190990378505256","error":""},"_links":{"self":[{"href":"https:\/\/www.europesays.com\/fr\/wp-json\/wp\/v2\/posts\/1159414","targetHints":{"allow":["GET"]}}],"collection":[{"href":"https:\/\/www.europesays.com\/fr\/wp-json\/wp\/v2\/posts"}],"about":[{"href":"https:\/\/www.europesays.com\/fr\/wp-json\/wp\/v2\/types\/post"}],"author":[{"embeddable":true,"href":"https:\/\/www.europesays.com\/fr\/wp-json\/wp\/v2\/users\/2"}],"replies":[{"embeddable":true,"href":"https:\/\/www.europesays.com\/fr\/wp-json\/wp\/v2\/comments?post=1159414"}],"version-history":[{"count":0,"href":"https:\/\/www.europesays.com\/fr\/wp-json\/wp\/v2\/posts\/1159414\/revisions"}],"wp:featuredmedia":[{"embeddable":true,"href":"https:\/\/www.europesays.com\/fr\/wp-json\/wp\/v2\/media\/1159415"}],"wp:attachment":[{"href":"https:\/\/www.europesays.com\/fr\/wp-json\/wp\/v2\/media?parent=1159414"}],"wp:term":[{"taxonomy":"category","embeddable":true,"href":"https:\/\/www.europesays.com\/fr\/wp-json\/wp\/v2\/categories?post=1159414"},{"taxonomy":"post_tag","embeddable":true,"href":"https:\/\/www.europesays.com\/fr\/wp-json\/wp\/v2\/tags?post=1159414"}],"curies":[{"name":"wp","href":"https:\/\/api.w.org\/{rel}","templated":true}]}}