{"id":1159428,"date":"2026-08-31T16:17:20","date_gmt":"2026-08-31T16:17:20","guid":{"rendered":"https:\/\/www.europesays.com\/fr\/1159428\/"},"modified":"2026-08-31T16:17:20","modified_gmt":"2026-08-31T16:17:20","slug":"on-en-fait-toujours-un-peu-plus-lenni-nouchi-a-lassaut-dune-saison-coupe-du-monde","status":"publish","type":"post","link":"https:\/\/www.europesays.com\/fr\/1159428\/","title":{"rendered":"\u00ab\u00a0On en fait toujours un peu plus\u00a0\u00bb : Lenni Nouchi \u00e0 l&rsquo;assaut d&rsquo;une saison Coupe du monde"},"content":{"rendered":"<p>                    Par<br \/>\n        <strong><br \/>\n            <a href=\"https:\/\/actu.fr\/auteur\/nicolas-dendri-actu-fr\" title=\"Consulter tous les articles de Nicolas Dendri\" rel=\"nofollow noopener\" target=\"_blank\">Nicolas Dendri<\/a><br \/>\n                    <\/strong><\/p>\n<p>        Publi\u00e9 le<\/p>\n<p>            31 ao\u00fbt 2026 \u00e0 18h06        <\/p>\n<p>Touch\u00e9 \u00e0 la cheville, <strong>Lenni Nouchi<\/strong> avait \u00e9t\u00e9 contraint de quitter ses co\u00e9quipiers du <a href=\"https:\/\/actu.fr\/rugby\/xv-de-france\" rel=\"nofollow noopener\" target=\"_blank\">XV de France<\/a> \u00e0 la 61e minute face au Japon en juillet dernier lors du Championnat des nations. Pour la rentr\u00e9e du <a href=\"https:\/\/actu.fr\/rugby\/top-14\" rel=\"nofollow noopener\" target=\"_blank\">Top 14<\/a> organis\u00e9e ce lundi 31 ao\u00fbt \u00e0 Paris, le Montpelli\u00e9rain arborait un grand sourire, joyeux de retrouver ses camarades adverses des diff\u00e9rents clubs. Un Lenni Nouchi chambreur avec le Bayonnais Tom Spring ou le demi de m\u00eal\u00e9e de Clermont Baptiste Jauneau.\u00a0<\/p>\n<p>Lenni Nouchi : une reprise en octobre ?<\/p>\n<p class=\" wall-content\">Au repos cet \u00e9t\u00e9, Lenni Nouchi a \u00e9chapp\u00e9 \u00e0 l\u2019op\u00e9ration. \u00ab\u00a0C\u2019\u00e9tait le gros point positif. J\u2019ai fait cinq semaines de botte. C\u2019\u00e9tait assez chiant pendant l\u2019\u00e9t\u00e9 avec les b\u00e9quilles. Mais \u00e7a va mieux et la r\u00e9\u00e9ducation se passe bien\u00a0\u00bb, souligne le troisi\u00e8me ligne aile de 22 ans.\u00a0<\/p>\n<p class=\" wall-content\">Une p\u00e9riode durant laquelle l\u2019H\u00e9raultais a trouv\u00e9 du positif : \u00ab\u00a0J\u2019ai soign\u00e9 des petits p\u00e9pins \u00e0 l\u2019\u00e9paule, au genou et j\u2019ai commenc\u00e9 \u00e0 retravailler surtout musculairement. Faire quatre ou cinq s\u00e9ances de musculation par semaine, on ne le fait pas en pleine saison. Du coup, cette p\u00e9riode m\u2019a permis de pouvoir mieux travailler pour \u00eatre pr\u00eat.\u00a0\u00bb<\/p>\n<p class=\" wall-content\">Pour un retour sur le terrain avec le MHR, il devra patienter jusqu\u2019au d\u00e9but du mois d\u2019octobre\u2026 \u00ab\u00a0Dans ces eaux-l\u00e0\u00a0\u00bb pr\u00e9cise-t-il pour retrouver la dynamique acquise la saison derni\u00e8re.\u00a0<\/p>\n<p>    <img   decoding=\"async\" loading=\"lazy\" src=\"https:\/\/www.europesays.com\/fr\/wp-content\/uploads\/2026\/08\/lenni-nouchi-montpellier-mhr-rugby-france-2026-960x640.jpg\" alt=\"Le capitaine montpelli\u00e9rain Lenni Nouchi et ses co\u00e9quipiers veulent confirmer leur excellente saison l'an prochain.\" width=\"960\" height=\"640\"\/><br \/>\n    Lenni Nouchi, apr\u00e8s la d\u00e9faite de son \u00e9quipe en finale du Top 14 contre Toulouse. (\u00a9Icon Sport)Lenni Nouchi : une dynamique avec les Bleus<\/p>\n<p class=\" wall-content\">Face au Japon, le jeune flanker montpelli\u00e9rain c\u00e9l\u00e9brait sa huiti\u00e8me s\u00e9lection avec les Bleus. Une deuxi\u00e8me titularisation cons\u00e9cutive apr\u00e8s l\u2019Australie. \u00c9tant finaliste du Top 14, le Montpelli\u00e9rain ne pouvait pas postuler lors du premier match face \u00e0 la Nouvelle-Z\u00e9lande.<\/p>\n<p class=\" wall-content\">\u00ab\u00a0C\u2019\u00e9tait positif pour moi d\u2019\u00eatre titulaire sur ces matchs. L\u2019Australie a \u00e9t\u00e9 vraiment positive, parce que je me suis senti \u00e0 l\u2019aise sur le terrain. Apr\u00e8s le Japon, forc\u00e9ment il y a la blessure qui tarit un petit peu le r\u00e9sultat\u00a0\u00bb, confie le capitaine de l\u2019\u00e9quipe de France moins de 20 ans championne du monde en 2023.<\/p>\n<p>Lenni Nouchi \u00e0 la Coupe du monde en Australie ?\u00a0<\/p>\n<p class=\" wall-content\">En 2026, Lenni Nouchi a encha\u00een\u00e9 avec le XV de France : <strong>quatre s\u00e9lections<\/strong> obtenues durant le tournoi des 6 Nations. Face \u00e0 l\u2019Irlande, au pays de Galles, \u00e0 l\u2019Italie et \u00e0 l\u2019\u00c9cosse, l\u2019H\u00e9raultais faisait partie des finisseurs. Une pr\u00e9sence dans le groupe qui n\u2019est pas anodine \u00e0 un an de la Coupe du monde.\u00a0<\/p>\n<blockquote class=\"ac-article-quote wall-content\">\n<p>\u00ab\u00a0Cette ann\u00e9e, c&rsquo;\u00e9tait plut\u00f4t rempli avec l&rsquo;\u00e9quipe de France. Apr\u00e8s, pendant le tournoi, je n&rsquo;ai pas r\u00e9ussi \u00e0 performer comme je voulais sur la fin du tournoi. Je n&rsquo;ai pas fait le match contre l&rsquo;Angleterre. C&rsquo;\u00e9tait assez frustrant. Mais j&rsquo;ai r\u00e9ussi \u00e0 rebondir et finir la saison par deux titularisations.\u00a0\u00bb\n<\/p>\n<p>    <strong>Lenni Nouchi<\/strong><br \/>\n        Troisi\u00e8me ligne aile de Montpellier    <\/p><\/blockquote>\n<p class=\" wall-content\">Rebondir ? Il le faudra aussi apr\u00e8s sa blessure. Qui plus est en ann\u00e9e de Coupe du monde. \u00ab\u00a0C\u2019est un objectif personnel qui doit passer apr\u00e8s l\u2019objectif collectif. D\u2019abord, il faut performer avec Montpellier et si j\u2019y arrive, l\u2019\u00e9quipe de France suivra\u00a0\u00bb, rel\u00e8ve avec prudence Lenni Nouchi. Puis de pr\u00e9ciser en souriant : \u00ab\u00a0Quand on approche de ces \u00e9ch\u00e9ances, on en fait toujours un peu plus.\u00a0\u00bb<\/p>\n<p>Le MHR : deux finales, un titre europ\u00e9en\u00a0<\/p>\n<p class=\" wall-content\">Faire plus d\u2019abord avec Montpellier. Comme capitaine, Lenni Nouchi a conduit son club jusqu\u2019en finale de Top 14. <a href=\"https:\/\/actu.fr\/sports\/rugby\/top-14\/le-stade-toulousain-dans-la-legende-avec-le-qudruple-ce-qui-a-plu-et-deplu-lors-de-la-finale-du-top-14_64467055.html\" rel=\"nofollow noopener\" target=\"_blank\">M\u00eame s\u2019ils ont \u00e9t\u00e9 d\u00e9faits face \u00e0 Toulouse<\/a>, les Cistes doivent surfer sur leur dynamique de la saison derni\u00e8re. Les hommes de Joan Caudullo ont termin\u00e9 \u00e0 la seconde place de la saison r\u00e9guli\u00e8re et sont all\u00e9s glaner le titre de la Challenge Cup.\u00a0<\/p>\n<blockquote class=\"ac-article-quote wall-content\">\n<p>\u00ab\u00a0C&rsquo;\u00e9tait une saison r\u00e9ussie mais pas aboutie. Quand on joue \u00e0 Montpellier, je pense qu&rsquo;on se doit de pouvoir gagner tous les titres possibles. \u00c0 la reprise, on a cette confiance. Mais chaque saison repart \u00e0 z\u00e9ro et il faut recr\u00e9er de l&rsquo;engouement autour de cette nouvelle saison. Avec un staff 100% montpelli\u00e9rain depuis trois saisons, on a une certaine stabilit\u00e9 et on peut \u00e9voluer ensemble.\u00a0\u00bb\u00a0<\/p>\n<p>    <strong>Lenni Nouchi<\/strong><br \/>\n        Troisi\u00e8me ligne aile et capitaine du MHR     <\/p><\/blockquote>\n<p class=\" wall-content\">Pour les Montpelli\u00e9rains, la saison 2026-2027 d\u00e9bute ce samedi 5 septembre avec la r\u00e9ception de la Section Paloise. Un gros morceau d\u2019entr\u00e9e ! Une rencontre que suivra Lenni Nouchi depuis le bord du terrain. D\u2019apr\u00e8s le calendrier et les pr\u00e9visions, le flanker du MHR pourrait revenir de sa blessure \u00e0 la cheville pour la rencontre face \u00e0 Toulon, le dimanche 4 octobre prochain.\u00a0<\/p>\n<p class=\" wall-content\">Personnalisez votre actualit\u00e9 en ajoutant vos villes et m\u00e9dias en favori avec <a href=\"https:\/\/moncompte.actu.fr\" title=\"D\u00e9couvez Mon Actu\" rel=\"nofollow noopener\" data-trk=\"{&quot;cta&quot;:{&quot;action&quot;:&quot;https:\\\/\\\/moncompte.actu.fr&quot;,&quot;category&quot;:&quot;mon compte&quot;,&quot;from&quot;:&quot;article footer&quot;,&quot;name&quot;:&quot;Mon actu&quot;,&quot;type&quot;:&quot;cta&quot;}}\" target=\"_blank\">Mon Actu<\/a>.<\/p>\n","protected":false},"excerpt":{"rendered":"Par Nicolas Dendri Publi\u00e9 le 31 ao\u00fbt 2026 \u00e0 18h06 Touch\u00e9 \u00e0 la cheville, Lenni Nouchi avait \u00e9t\u00e9&hellip;\n","protected":false},"author":2,"featured_media":1159429,"comment_status":"","ping_status":"","sticky":false,"template":"","format":"standard","meta":{"footnotes":"","_share_on_mastodon":"0"},"categories":[9599],"tags":[1111,11,1777,674,1011,27,2208,20544,12,2680,25,479,60,513],"class_list":["post-1159428","post","type-post","status-publish","format-standard","has-post-thumbnail","category-montpellier","tag-actu","tag-actualites","tag-eu","tag-europe","tag-fr","tag-france","tag-montpellier","tag-montpellier-herault-rugby-mhr","tag-news","tag-occitanie","tag-republique-francaise","tag-rugby","tag-sports","tag-xv-de-france"],"share_on_mastodon":{"url":"https:\/\/pubeurope.com\/@fr\/117191027664086538","error":""},"_links":{"self":[{"href":"https:\/\/www.europesays.com\/fr\/wp-json\/wp\/v2\/posts\/1159428","targetHints":{"allow":["GET"]}}],"collection":[{"href":"https:\/\/www.europesays.com\/fr\/wp-json\/wp\/v2\/posts"}],"about":[{"href":"https:\/\/www.europesays.com\/fr\/wp-json\/wp\/v2\/types\/post"}],"author":[{"embeddable":true,"href":"https:\/\/www.europesays.com\/fr\/wp-json\/wp\/v2\/users\/2"}],"replies":[{"embeddable":true,"href":"https:\/\/www.europesays.com\/fr\/wp-json\/wp\/v2\/comments?post=1159428"}],"version-history":[{"count":0,"href":"https:\/\/www.europesays.com\/fr\/wp-json\/wp\/v2\/posts\/1159428\/revisions"}],"wp:featuredmedia":[{"embeddable":true,"href":"https:\/\/www.europesays.com\/fr\/wp-json\/wp\/v2\/media\/1159429"}],"wp:attachment":[{"href":"https:\/\/www.europesays.com\/fr\/wp-json\/wp\/v2\/media?parent=1159428"}],"wp:term":[{"taxonomy":"category","embeddable":true,"href":"https:\/\/www.europesays.com\/fr\/wp-json\/wp\/v2\/categories?post=1159428"},{"taxonomy":"post_tag","embeddable":true,"href":"https:\/\/www.europesays.com\/fr\/wp-json\/wp\/v2\/tags?post=1159428"}],"curies":[{"name":"wp","href":"https:\/\/api.w.org\/{rel}","templated":true}]}}