{"id":1159441,"date":"2026-08-31T16:26:19","date_gmt":"2026-08-31T16:26:19","guid":{"rendered":"https:\/\/www.europesays.com\/fr\/1159441\/"},"modified":"2026-08-31T16:26:19","modified_gmt":"2026-08-31T16:26:19","slug":"alizee-pour-son-concert-a-strasbourg-le-26-septembre","status":"publish","type":"post","link":"https:\/\/www.europesays.com\/fr\/1159441\/","title":{"rendered":"Aliz\u00e9e pour son concert \u00e0 Strasbourg, le 26 Septembre !"},"content":{"rendered":"<p><img loading=\"lazy\" decoding=\"async\" class=\"\" src=\"https:\/\/www.europesays.com\/fr\/wp-content\/uploads\/2026\/08\/https:\/\/prod-s3-main.s3.eu-west-par.io.cloud.ovh.net\/d03e6610-c8ec-4325-83b3-130c18319076\/emission\/9.webp\" alt=\"TOP MUSIC\" width=\"1\" height=\"1\"\/><\/p>\n<p class=\"date\">18h00 &#8211; 10 min 19 sec<\/p>\n<p>Aliz\u00e9e pour son concert \u00e0 Strasbourg, le 26 Septembre !<\/p>\n<p>Les personnalit\u00e9s qui font vivre, bouger et danser l\u2019Alsace, vous donnent rendez-vous tous les soirs, 19-21h dans la Top Family !<\/p>\n<p>Aliz\u00e9e pour son concert au z\u00e9nith de Strasbourg, le 26 Septembre ! !<\/p>\n<p>Retrouvez plus d&rsquo;infos sur notre site internet<\/p>\n<p>Interview r\u00e9alis\u00e9e par Erwan Le Guilloux.<\/p>\n","protected":false},"excerpt":{"rendered":"18h00 &#8211; 10 min 19 sec Aliz\u00e9e pour son concert \u00e0 Strasbourg, le 26 Septembre ! Les personnalit\u00e9s&hellip;\n","protected":false},"author":2,"featured_media":1159442,"comment_status":"","ping_status":"","sticky":false,"template":"","format":"standard","meta":{"footnotes":"","_share_on_mastodon":"0"},"categories":[2820],"tags":[1111,11,2389,1777,674,1011,27,775,2173,12,25,640],"class_list":["post-1159441","post","type-post","status-publish","format-standard","has-post-thumbnail","category-strasbourg","tag-actu","tag-actualites","tag-alsace","tag-eu","tag-europe","tag-fr","tag-france","tag-grand-est","tag-interview","tag-news","tag-republique-francaise","tag-strasbourg"],"share_on_mastodon":{"url":"https:\/\/pubeurope.com\/@fr\/117191062693333134","error":""},"_links":{"self":[{"href":"https:\/\/www.europesays.com\/fr\/wp-json\/wp\/v2\/posts\/1159441","targetHints":{"allow":["GET"]}}],"collection":[{"href":"https:\/\/www.europesays.com\/fr\/wp-json\/wp\/v2\/posts"}],"about":[{"href":"https:\/\/www.europesays.com\/fr\/wp-json\/wp\/v2\/types\/post"}],"author":[{"embeddable":true,"href":"https:\/\/www.europesays.com\/fr\/wp-json\/wp\/v2\/users\/2"}],"replies":[{"embeddable":true,"href":"https:\/\/www.europesays.com\/fr\/wp-json\/wp\/v2\/comments?post=1159441"}],"version-history":[{"count":0,"href":"https:\/\/www.europesays.com\/fr\/wp-json\/wp\/v2\/posts\/1159441\/revisions"}],"wp:featuredmedia":[{"embeddable":true,"href":"https:\/\/www.europesays.com\/fr\/wp-json\/wp\/v2\/media\/1159442"}],"wp:attachment":[{"href":"https:\/\/www.europesays.com\/fr\/wp-json\/wp\/v2\/media?parent=1159441"}],"wp:term":[{"taxonomy":"category","embeddable":true,"href":"https:\/\/www.europesays.com\/fr\/wp-json\/wp\/v2\/categories?post=1159441"},{"taxonomy":"post_tag","embeddable":true,"href":"https:\/\/www.europesays.com\/fr\/wp-json\/wp\/v2\/tags?post=1159441"}],"curies":[{"name":"wp","href":"https:\/\/api.w.org\/{rel}","templated":true}]}}