{"id":1159443,"date":"2026-08-31T16:27:17","date_gmt":"2026-08-31T16:27:17","guid":{"rendered":"https:\/\/www.europesays.com\/fr\/1159443\/"},"modified":"2026-08-31T16:27:17","modified_gmt":"2026-08-31T16:27:17","slug":"strasbourg-la-tournee-dangele-la-chanteuse-belge-passe-par-le-zenith-en-septembre-2027","status":"publish","type":"post","link":"https:\/\/www.europesays.com\/fr\/1159443\/","title":{"rendered":"Strasbourg. La tourn\u00e9e d\u2019Ang\u00e8le, la chanteuse belge, passe par le Z\u00e9nith en septembre\u00a02027"},"content":{"rendered":"<p>Un nouveau single, Une seule vie , sorti le 28\u00a0ao\u00fbt, un nouvel album, Instinct, annonc\u00e9 pour le 16\u00a0octobre et une grande tourn\u00e9e de 27 dates de New York \u00e0 Montpellier, en passant par\u2026 le Z\u00e9nith de Strasbourg\u00a0: attention, <a href=\"https:\/\/www.dna.fr\/p\/angele\" target=\"_blank\" rel=\"nofollow noopener\">Ang\u00e8le<\/a> revient\u00a0! L\u2019autrice-compositrice-interpr\u00e8te, musicienne, productrice n\u2019avait pas vraiment quitt\u00e9 le devant de la sc\u00e8ne. Chacun garde en m\u00e9moire son exceptionnelle reprise de Nightcall  du regrett\u00e9 Kavinsky, lors de la c\u00e9r\u00e9monie de cl\u00f4ture des JO de Paris 2024.<\/p>\n<p>La chanteuse belge avait explos\u00e9 pour le grand public en 2019, avec son titre militant Balance ton quoi , sur son premier album, Brol , qui a re\u00e7u la Victoire de l\u2019album r\u00e9v\u00e9lation de l\u2019ann\u00e9e lors des Victoires de la musique 2019. Elle \u00e9tait pass\u00e9e en Alsace en 2022, <a href=\"https:\/\/www.dna.fr\/culture-loisirs\/2022\/07\/27\/diaporama-angele-embarque-colmar-dans-son-grand-huit\" target=\"_blank\" rel=\"nofollow noopener\">en juillet \u00e0 Colmar<\/a> et en <a href=\"https:\/\/www.dna.fr\/culture-loisirs\/2022\/11\/26\/angele-enflamme-le-zenith-de-strasbourg\" target=\"_blank\" rel=\"nofollow noopener\">novembre au Z\u00e9nith de Strasbourg<\/a> , pour des shows dynamiques rest\u00e9s dans les m\u00e9moires.<\/p>\n","protected":false},"excerpt":{"rendered":"Un nouveau single, Une seule vie , sorti le 28\u00a0ao\u00fbt, un nouvel album, Instinct, annonc\u00e9 pour le 16\u00a0octobre&hellip;\n","protected":false},"author":2,"featured_media":1159444,"comment_status":"","ping_status":"","sticky":false,"template":"","format":"standard","meta":{"footnotes":"","_share_on_mastodon":"0"},"categories":[2820],"tags":[1111,11,2389,1687,2880,1777,674,107,1011,27,775,873,12,25,3140,640,2879],"class_list":["post-1159443","post","type-post","status-publish","format-standard","has-post-thumbnail","category-strasbourg","tag-actu","tag-actualites","tag-alsace","tag-culture-loisirs","tag-edition-strasbourg","tag-eu","tag-europe","tag-fil-info","tag-fr","tag-france","tag-grand-est","tag-musique","tag-news","tag-republique-francaise","tag-spectacle","tag-strasbourg","tag-strasbourg-ville"],"share_on_mastodon":{"url":"https:\/\/pubeurope.com\/@fr\/117191065462453929","error":""},"_links":{"self":[{"href":"https:\/\/www.europesays.com\/fr\/wp-json\/wp\/v2\/posts\/1159443","targetHints":{"allow":["GET"]}}],"collection":[{"href":"https:\/\/www.europesays.com\/fr\/wp-json\/wp\/v2\/posts"}],"about":[{"href":"https:\/\/www.europesays.com\/fr\/wp-json\/wp\/v2\/types\/post"}],"author":[{"embeddable":true,"href":"https:\/\/www.europesays.com\/fr\/wp-json\/wp\/v2\/users\/2"}],"replies":[{"embeddable":true,"href":"https:\/\/www.europesays.com\/fr\/wp-json\/wp\/v2\/comments?post=1159443"}],"version-history":[{"count":0,"href":"https:\/\/www.europesays.com\/fr\/wp-json\/wp\/v2\/posts\/1159443\/revisions"}],"wp:featuredmedia":[{"embeddable":true,"href":"https:\/\/www.europesays.com\/fr\/wp-json\/wp\/v2\/media\/1159444"}],"wp:attachment":[{"href":"https:\/\/www.europesays.com\/fr\/wp-json\/wp\/v2\/media?parent=1159443"}],"wp:term":[{"taxonomy":"category","embeddable":true,"href":"https:\/\/www.europesays.com\/fr\/wp-json\/wp\/v2\/categories?post=1159443"},{"taxonomy":"post_tag","embeddable":true,"href":"https:\/\/www.europesays.com\/fr\/wp-json\/wp\/v2\/tags?post=1159443"}],"curies":[{"name":"wp","href":"https:\/\/api.w.org\/{rel}","templated":true}]}}