{"id":1159469,"date":"2026-08-31T16:43:28","date_gmt":"2026-08-31T16:43:28","guid":{"rendered":"https:\/\/www.europesays.com\/fr\/1159469\/"},"modified":"2026-08-31T16:43:28","modified_gmt":"2026-08-31T16:43:28","slug":"un-plan-choc-de-securite-dans-les-colleges-veronique-sarselli-presidente-de-la-metropole-de-lyon-fait-des-annonces","status":"publish","type":"post","link":"https:\/\/www.europesays.com\/fr\/1159469\/","title":{"rendered":"Un plan choc de s\u00e9curit\u00e9 dans les coll\u00e8ges : V\u00e9ronique Sarselli, pr\u00e9sidente de la M\u00e9tropole de Lyon, fait des annonces"},"content":{"rendered":"<p>                    Par<br \/>\n        <strong><br \/>\n            <a href=\"https:\/\/actu.fr\/auteur\/anthony-soudani\" title=\"Consulter tous les articles de Anthony Soudani\" rel=\"nofollow noopener\" target=\"_blank\">Anthony Soudani<\/a><br \/>\n                    <\/strong><\/p>\n<p>        Publi\u00e9 le<\/p>\n<p>            31 ao\u00fbt 2026 \u00e0 16h44        <\/p>\n<p>\u00c0 l\u2019occasion de la <a href=\"https:\/\/actu.fr\/tag\/rentree-scolaire\" rel=\"nofollow noopener\" target=\"_blank\">rentr\u00e9e scolaire<\/a> ce lundi 1er septembre 2026, la pr\u00e9sidente de la <strong>M\u00e9tropole de Lyon<\/strong>, <a href=\"https:\/\/actu.fr\/auvergne-rhone-alpes\/lyon_69123\/il-faut-que-tu-partes-veronique-sarselli-demande-a-aulas-de-demissionner-nouvelle-crise-a-la-metropole-de-lyon_64533748.html\" rel=\"nofollow noopener\" target=\"_blank\">V\u00e9ronique Sarselli<\/a>, d\u00e9taille ses priorit\u00e9s pour les coll\u00e8ges. S\u00e9curit\u00e9, r\u00e9novation \u00e9nerg\u00e9tique, climatisation, relations avec les \u00e9tablissements priv\u00e9s, sant\u00e9 mentale et mixit\u00e9 sociale : elle annonce notamment que le \u00ab plan s\u00e9curit\u00e9 \u00bb pour les coll\u00e8ges sera pr\u00e9sent\u00e9 fin septembre.<\/p>\n<p>Le \u00ab\u00a0plan choc\u00a0\u00bb de s\u00e9curit\u00e9 va-t-il \u00eatre mis en place ?<\/p>\n<p class=\"ac-article-content__question wall-content\"><strong class=\"color-primary\">Actu : <\/strong>Lors de la campagne, vous aviez promis un \u00ab plan choc \u00bb de s\u00e9curit\u00e9 pour les \u00e9tablissements. Que pr\u00e9voit-il ? Sera-t-il d\u00e9j\u00e0 en vigueur d\u00e8s la rentr\u00e9e ?<\/p>\n<p class=\" wall-content\"><strong class=\"color-primary\">V\u00e9ronique Sarselli : <\/strong>La s\u00e9curit\u00e9 est \u00e9videmment un engagement majeur de notre campagne. Lorsque je dis que la M\u00e9tropole est de retour dans les coll\u00e8ges, c\u2019est sur l\u2019ensemble de ses comp\u00e9tences. Nous voulons \u00e9galement agir sur le b\u00e2ti, sur la relation avec les \u00e9tablissements, notamment priv\u00e9s, ainsi que sur la sant\u00e9 mentale de nos jeunes, la pr\u00e9vention du harc\u00e8lement et, plus largement, la protection de l\u2019enfance.<\/p>\n<p>Sur la s\u00e9curit\u00e9, nous sommes actuellement en train de travailler sur le plan que nous avons annonc\u00e9. Il sera pr\u00e9sent\u00e9 \u00e0 la fin du mois de septembre et devrait faire l\u2019objet d\u2019une d\u00e9lib\u00e9ration au conseil m\u00e9tropolitain.<\/p>\n<p>Nous voulons d\u2019abord \u00e9tablir un diagnostic pr\u00e9cis de la situation dans les coll\u00e8ges. Il faut partir de la r\u00e9alit\u00e9 du terrain et travailler avec les directeurs d\u2019\u00e9tablissement, qui connaissent leurs \u00e9tablissements, mais aussi avec les parents et l\u2019ensemble de la communaut\u00e9 \u00e9ducative.<\/p>\n<p class=\"ac-article-content__question wall-content\">Le plan s\u00e9curit\u00e9 sera-t-il vot\u00e9 d\u00e8s septembre ? Vous promettiez des \u00ab\u00a0sas d\u2019entr\u00e9e s\u00e9curis\u00e9s ou tourniquets\/tripodes avec badgeage \u00e9lectronique pour les \u00e9l\u00e8ves et le personnel, portails motoris\u00e9s et cl\u00f4tures renforc\u00e9es, vid\u00e9oprotection coupl\u00e9e aux entr\u00e9es et visiophones\/interphones pour filtrer les visiteurs\u00a0\u00bb. Ce sont les portiques des lyc\u00e9es de la R\u00e9gion d\u00e9j\u00e0 d\u00e9ploy\u00e9s par Laurent Wauquiez ? Tous les coll\u00e8ges de la m\u00e9tropole seront \u00e9quip\u00e9s ?\n<\/p>\n<p class=\" wall-content\"><strong class=\"color-primary\">V.S. : <\/strong>Je veux d\u2019abord avoir un vrai diagnostic de s\u00e9curit\u00e9 dans l\u2019ensemble des coll\u00e8ges. Le plan sera pr\u00e9sent\u00e9 fin septembre, avec des mesures qui pourront \u00eatre mises en \u0153uvre rapidement.<\/p>\n<p>La s\u00e9curit\u00e9 pourra notamment passer par du mobilier ou des \u00e9quipements sp\u00e9cifiques dans les coll\u00e8ges.<\/p>\n<p>Mais je veux \u00eatre tr\u00e8s claire : il n\u2019est pas question de d\u00e9cider de mesures sans en parler avec les \u00e9tablissements. C\u2019est pour cela que la pr\u00e9sence des \u00e9lus dans les conseils d\u2019administration est importante. Il faut comprendre ce qui se passe dans les coll\u00e8ges avant d\u2019agir.<\/p>\n<p>Nous avons aujourd\u2019hui une probl\u00e9matique aux abords des coll\u00e8ges et parfois dans les coll\u00e8ges. Je ne pense pas que ce soit un gros mot de dire que nous souhaitons aller vers une meilleure s\u00e9curisation de l\u2019ensemble de nos coll\u00e9giens.<\/p>\n<p>Mais je ne con\u00e7ois pas de mener une politique de s\u00e9curit\u00e9 sans parler de l\u2019accompagnement des adolescents en mati\u00e8re de sant\u00e9 mentale, de protection de l\u2019enfance et de pr\u00e9vention. Je mets v\u00e9ritablement ces deux sujets au m\u00eame niveau.<\/p>\n<p>Augmenter le budget pour les coll\u00e8ges priv\u00e9s<\/p>\n<p class=\"ac-article-content__question wall-content\">Que va-t-il se passer d\u00e8s cette rentr\u00e9e ?<\/p>\n<p class=\" wall-content\"><strong class=\"color-primary\">V.S. : <\/strong>D\u00e8s demain, pour la rentr\u00e9e, les \u00e9lus m\u00e9tropolitains seront pr\u00e9sents dans les coll\u00e8ges. Je leur ai demand\u00e9 d\u2019\u00eatre assidus aux conseils d\u2019administration de l\u2019ensemble des coll\u00e8ges du territoire.<\/p>\n<p>C\u2019est essentiel : il faut \u00e9couter, avoir les bonnes informations et savoir ce qui se passe r\u00e9ellement dans les \u00e9tablissements. Je pense que cette pr\u00e9sence n\u2019\u00e9tait pas suffisamment assur\u00e9e lors du pr\u00e9c\u00e9dent mandat.<\/p>\n<p>Nous avons aussi beaucoup travaill\u00e9 ces derniers mois pour r\u00e9tablir la confiance avec les \u00e9tablissements priv\u00e9s. La relation \u00e9tait tr\u00e8s d\u00e9grad\u00e9e, avec une v\u00e9ritable rupture de confiance, notamment autour de la question de leur financement.<\/p>\n<p>Nous avons renou\u00e9 le dialogue avec leurs repr\u00e9sentants. D\u00e8s l\u2019automne, nous pr\u00e9senterons une d\u00e9lib\u00e9ration modificative pour rattraper une partie des financements qui avaient \u00e9t\u00e9 diminu\u00e9s. En 2026, nous pr\u00e9voyons une hausse de 2,6 millions d\u2019euros et, en 2027, une nouvelle augmentation de 5,4 millions d&rsquo;euros.<\/p>\n<p>    <img   decoding=\"async\" loading=\"lazy\" src=\"https:\/\/www.europesays.com\/fr\/wp-content\/uploads\/2026\/08\/veronique-sarselli-metro-tcl-960x640.jpeg\" alt=\"V\u00e9ronique Sarselli, pr\u00e9sidente de la M\u00e9tropole de Lyon, dans le m\u00e9tro vendredi 27 mars 2026.\" width=\"960\" height=\"640\"\/><br \/>\n    Apr\u00e8s avoir annonc\u00e9 s\u00e9curiser davantage les transports, V\u00e9ronique Sarselli, pr\u00e9sidente de la M\u00e9tropole de Lyon, s\u2019attaque \u00e0 la s\u00e9curisation des coll\u00e8ges. (\u00a9Nicolas Zaugra\/ actu Lyon)\u00ab\u00a0Climatiser l\u00e0 o\u00f9 c\u2019est n\u00e9cessaire\u00a0\u00bb dans les coll\u00e8ges<\/p>\n<p class=\"ac-article-content__question wall-content\">Nous venons de vivre l\u2019\u00e9t\u00e9 le plus chaud de l\u2019histoire avec des canicules massives en juillet et ao\u00fbt mais aussi d\u00e8s mai et des temp\u00e9ratures tr\u00e8s chaudes pour ce d\u00e9but septembre, vous pr\u00e9voyez de climatiser tous les coll\u00e8ges ?<\/p>\n<p class=\" wall-content\"><strong class=\"color-primary\">V.S. : <\/strong>L\u2019objectif n\u2019est pas de g\u00e9n\u00e9raliser la climatisation. L\u2019objectif est de climatiser l\u00e0 o\u00f9 c\u2019est n\u00e9cessaire.<\/p>\n<p>Je suis tr\u00e8s favorable \u00e0 une approche pragmatique. On sait aujourd\u2019hui que certains \u00e9quipements, comme les brasseurs d\u2019air, sont efficaces et nous avons commenc\u00e9 \u00e0 en installer dans les salles. Nous allons poursuivre ce d\u00e9ploiement.<\/p>\n<p>Mais certaines salles n\u00e9cessiteront peut-\u00eatre d\u2019\u00eatre climatis\u00e9es. Dans ce cas, il ne faut pas h\u00e9siter \u00e0 le faire, en concertation avec les \u00e9quipes qui travaillent dans les coll\u00e8ges, et de mani\u00e8re raisonn\u00e9e : utiliser la climatisation lorsqu\u2019elle est r\u00e9ellement n\u00e9cessaire.<\/p>\n<p class=\"ac-article-content__question wall-content\">Vous \u00e9voquez une nouvelle d\u00e9marche face au risque de canicule. De quoi s\u2019agit-il ?<\/p>\n<p class=\" wall-content\"><strong class=\"color-primary\">V.S. : <\/strong>Nous allons mettre en place une d\u00e9marche \u00ab risque canicule \u00bb. L\u2019id\u00e9e est d\u2019int\u00e9grer la canicule dans les proc\u00e9dures de gestion des risques de la M\u00e9tropole et de pouvoir ensuite la d\u00e9cliner dans l\u2019ensemble de nos \u00e9tablissements, notamment les coll\u00e8ges.<\/p>\n<p>Cela permettra d\u2019avoir une vision beaucoup plus fine des \u00e9quipements n\u00e9cessaires et des mesures \u00e0 mettre en place : r\u00e9novation \u00e9nerg\u00e9tique, brasseurs d\u2019air, climatisation, acc\u00e8s \u00e0 l\u2019eau\u2026<\/p>\n<p>On peut aussi travailler avec les directeurs d\u2019\u00e9tablissement sur des protocoles d\u2019adaptation \u00e0 la chaleur. L\u2019\u00c9ducation nationale aura \u00e9videmment son mot \u00e0 dire sur les horaires, mais nous pouvons r\u00e9fl\u00e9chir \u00e0 l\u2019organisation de la journ\u00e9e, notamment au moment de la cantine, pour que les enfants soient le mieux prot\u00e9g\u00e9s possible pendant les \u00e9pisodes de canicule.<\/p>\n<p>\u00ab\u00a0Nous allons continuer \u00e0 v\u00e9g\u00e9taliser les cours\u00a0\u00bb<\/p>\n<p class=\"ac-article-content__question wall-content\">La pr\u00e9c\u00e9dente majorit\u00e9 a commenc\u00e9 \u00e0 v\u00e9g\u00e9taliser les cours de coll\u00e8ges\u2026 et vous quel est votre cap en la mati\u00e8re ? Vous allez continuer ?<\/p>\n<p class=\" wall-content\"><strong class=\"color-primary\">V.S. : <\/strong>Tout d&rsquo;abord, la r\u00e9novation \u00e9nerg\u00e9tique est indispensable, mais elle prend du temps et n\u00e9cessite des investissements tr\u00e8s importants.<\/p>\n<p>Nous savons que tous nos b\u00e2timents publics doivent progressivement \u00eatre mis en performance \u00e9nerg\u00e9tique. Mais face aux \u00e9pisodes climatiques extr\u00eames que nous avons connus cet \u00e9t\u00e9, la r\u00e9novation \u00e9nerg\u00e9tique ne suffit pas \u00e0 elle seule.<\/p>\n<p>Le rafra\u00eechissement passe aussi par la v\u00e9g\u00e9talisation. Nous allons donc continuer \u00e0 v\u00e9g\u00e9taliser les cours des coll\u00e8ges. Notre objectif est d&rsquo;arriver \u00e0 v\u00e9g\u00e9taliser l\u2019ensemble des cours d\u2019ici la fin du mandat, tout en acc\u00e9l\u00e9rant le processus.<\/p>\n<p>Il faut donc agir sur plusieurs leviers : v\u00e9g\u00e9talisation, brasseurs d\u2019air, acc\u00e8s \u00e0 l\u2019eau et, lorsque cela est n\u00e9cessaire, climatisation.<\/p>\n<p>Une augmentation du budget pour les coll\u00e8ges et leur r\u00e9novation<\/p>\n<p class=\"ac-article-content__question wall-content\">Vous souhaitez donc augmenter les investissements consacr\u00e9s aux coll\u00e8ges ?<\/p>\n<p class=\" wall-content\"><strong class=\"color-primary\">V.S. : <\/strong>Nous serons de toute fa\u00e7on oblig\u00e9s d\u2019augmenter le budget consacr\u00e9 aux coll\u00e8ges si nous voulons r\u00e9aliser ces investissements de pr\u00e9vention et d\u2019adaptation.<\/p>\n<p>Sur les cinq derni\u00e8res ann\u00e9es, 302 millions d\u2019euros ont \u00e9t\u00e9 consacr\u00e9s aux coll\u00e8ges, dont seulement 3,66 % \u00e0 la r\u00e9novation \u00e9nerg\u00e9tique. Pour un ex\u00e9cutif qui disait que son mandat \u00e9tait le dernier pour la plan\u00e8te, je suis tr\u00e8s \u00e9tonn\u00e9e de ce r\u00e9sultat.<\/p>\n<p>Nous avons l\u2019ambition de monter d\u2019un cran. Mais nous sommes actuellement en pr\u00e9paration budg\u00e9taire et je ne veux pas annoncer aujourd\u2019hui un chiffre que je ne pourrais pas tenir. Nous pr\u00e9senterons un d\u00e9bat d\u2019orientation budg\u00e9taire avant la fin de l\u2019ann\u00e9e.<\/p>\n<p class=\" wall-content\"><strong>Propos recueillis par Nicolas Zaugra et Anthony Soudani<\/strong><\/p>\n<p class=\" wall-content\">Personnalisez votre actualit\u00e9 en ajoutant vos villes et m\u00e9dias en favori avec <a href=\"https:\/\/moncompte.actu.fr\" title=\"D\u00e9couvez Mon Actu\" rel=\"nofollow noopener\" data-trk=\"{&quot;cta&quot;:{&quot;action&quot;:&quot;https:\\\/\\\/moncompte.actu.fr&quot;,&quot;category&quot;:&quot;mon compte&quot;,&quot;from&quot;:&quot;article footer&quot;,&quot;name&quot;:&quot;Mon actu&quot;,&quot;type&quot;:&quot;cta&quot;}}\" target=\"_blank\">Mon Actu<\/a>.<\/p>\n","protected":false},"excerpt":{"rendered":"Par Anthony Soudani Publi\u00e9 le 31 ao\u00fbt 2026 \u00e0 16h44 \u00c0 l\u2019occasion de la rentr\u00e9e scolaire ce lundi&hellip;\n","protected":false},"author":2,"featured_media":1159470,"comment_status":"","ping_status":"","sticky":false,"template":"","format":"standard","meta":{"footnotes":"","_share_on_mastodon":"0"},"categories":[1889],"tags":[1111,11,2430,1777,674,1011,27,2808,2428,12,316,10918,25,69689],"class_list":["post-1159469","post","type-post","status-publish","format-standard","has-post-thumbnail","category-lyon","tag-actu","tag-actualites","tag-auvergne-rhone-alpes","tag-eu","tag-europe","tag-fr","tag-france","tag-grand-lyon","tag-lyon","tag-news","tag-politique","tag-rentree-scolaire","tag-republique-francaise","tag-veronique-sarselli"],"share_on_mastodon":{"url":"https:\/\/pubeurope.com\/@fr\/117191130052784353","error":""},"_links":{"self":[{"href":"https:\/\/www.europesays.com\/fr\/wp-json\/wp\/v2\/posts\/1159469","targetHints":{"allow":["GET"]}}],"collection":[{"href":"https:\/\/www.europesays.com\/fr\/wp-json\/wp\/v2\/posts"}],"about":[{"href":"https:\/\/www.europesays.com\/fr\/wp-json\/wp\/v2\/types\/post"}],"author":[{"embeddable":true,"href":"https:\/\/www.europesays.com\/fr\/wp-json\/wp\/v2\/users\/2"}],"replies":[{"embeddable":true,"href":"https:\/\/www.europesays.com\/fr\/wp-json\/wp\/v2\/comments?post=1159469"}],"version-history":[{"count":0,"href":"https:\/\/www.europesays.com\/fr\/wp-json\/wp\/v2\/posts\/1159469\/revisions"}],"wp:featuredmedia":[{"embeddable":true,"href":"https:\/\/www.europesays.com\/fr\/wp-json\/wp\/v2\/media\/1159470"}],"wp:attachment":[{"href":"https:\/\/www.europesays.com\/fr\/wp-json\/wp\/v2\/media?parent=1159469"}],"wp:term":[{"taxonomy":"category","embeddable":true,"href":"https:\/\/www.europesays.com\/fr\/wp-json\/wp\/v2\/categories?post=1159469"},{"taxonomy":"post_tag","embeddable":true,"href":"https:\/\/www.europesays.com\/fr\/wp-json\/wp\/v2\/tags?post=1159469"}],"curies":[{"name":"wp","href":"https:\/\/api.w.org\/{rel}","templated":true}]}}