{"id":115947,"date":"2025-05-21T04:11:09","date_gmt":"2025-05-21T04:11:09","guid":{"rendered":"https:\/\/www.europesays.com\/fr\/115947\/"},"modified":"2025-05-21T04:11:09","modified_gmt":"2025-05-21T04:11:09","slug":"le-royaume-uni-suspend-les-negociations-commerciales-avec-israel","status":"publish","type":"post","link":"https:\/\/www.europesays.com\/fr\/115947\/","title":{"rendered":"le Royaume-Uni suspend les n\u00e9gociations commerciales avec Isra\u00ebl"},"content":{"rendered":"<p>AFP<\/p>\n<p><a class=\"Td(n) C($inherit) LineClamp(2,45px) D(f) rapidnofollow\" data-uuid=\"bc8f345c-91f9-3383-84e1-eac38b19bdc9\" href=\"https:\/\/fr.news.yahoo.com\/premier-sommet-entre-royaume-uni-025252398.html\" data-ylk=\"elm:hdln;itc:0;pos:1;sec:strm;subsec:moreforyou;cpos:4;ct:story;g:bc8f345c-91f9-3383-84e1-eac38b19bdc9\" data-hosted-type=\"HOSTED\" target=\"_blank\" rel=\"noopener\">Le Royaume-Uni et l&rsquo;UE saluent une \u00ab\u00a0nouvelle \u00e8re\u00a0\u00bb dans leurs relations post-Brexit<\/a><\/p>\n<p class=\"M(0) C($summaryColor) Fz(14px) Lh(1.43em) LineClamp(3,60px)\">Le Royaume-Uni et l&rsquo;Union europ\u00e9enne ont ouvert lundi une \u00ab\u00a0nouvelle \u00e8re\u00a0\u00bb dans leurs relations, avec un accord visant \u00e0 resserrer les liens, lors d&rsquo;un sommet in\u00e9dit depuis le Brexit il y a cinq ans.Apr\u00e8s des mois de n\u00e9gociations, Europ\u00e9ens et Britanniques ont conclu un partenariat sur la d\u00e9fense et la s\u00e9curit\u00e9, trouv\u00e9 un compromis pour assouplir certaines barri\u00e8res commerciales et prolong\u00e9 un accord sur la p\u00eache, ont indiqu\u00e9 plusieurs sources diplomatiques \u00e0 l&rsquo;AFP.<br \/>\nCe sommet \u00ab\u00a0marque une nouvelle<\/p>\n","protected":false},"excerpt":{"rendered":"AFP Le Royaume-Uni et l&rsquo;UE saluent une \u00ab\u00a0nouvelle \u00e8re\u00a0\u00bb dans leurs relations post-Brexit Le Royaume-Uni et l&rsquo;Union europ\u00e9enne&hellip;\n","protected":false},"author":2,"featured_media":115948,"comment_status":"","ping_status":"","sticky":false,"template":"","format":"standard","meta":{"footnotes":""},"categories":[1588],"tags":[11,260,23630,1777,674,664,12,473,1853,1851,1850,1852],"class_list":{"0":"post-115947","1":"post","2":"type-post","3":"status-publish","4":"format-standard","5":"has-post-thumbnail","7":"category-royaume-uni","8":"tag-actualites","9":"tag-affaires-etrangeres","10":"tag-david-lammy","11":"tag-eu","12":"tag-europe","13":"tag-israel","14":"tag-news","15":"tag-royaume-uni","16":"tag-royaume-uni-de-grande-bretagne-et-dirlande-du-nord","17":"tag-uk","18":"tag-united-kingdom","19":"tag-united-kingdom-of-great-britain-and-northern-ireland"},"share_on_mastodon":{"url":"https:\/\/pubeurope.com\/@fr\/114543872299410321","error":""},"_links":{"self":[{"href":"https:\/\/www.europesays.com\/fr\/wp-json\/wp\/v2\/posts\/115947","targetHints":{"allow":["GET"]}}],"collection":[{"href":"https:\/\/www.europesays.com\/fr\/wp-json\/wp\/v2\/posts"}],"about":[{"href":"https:\/\/www.europesays.com\/fr\/wp-json\/wp\/v2\/types\/post"}],"author":[{"embeddable":true,"href":"https:\/\/www.europesays.com\/fr\/wp-json\/wp\/v2\/users\/2"}],"replies":[{"embeddable":true,"href":"https:\/\/www.europesays.com\/fr\/wp-json\/wp\/v2\/comments?post=115947"}],"version-history":[{"count":0,"href":"https:\/\/www.europesays.com\/fr\/wp-json\/wp\/v2\/posts\/115947\/revisions"}],"wp:featuredmedia":[{"embeddable":true,"href":"https:\/\/www.europesays.com\/fr\/wp-json\/wp\/v2\/media\/115948"}],"wp:attachment":[{"href":"https:\/\/www.europesays.com\/fr\/wp-json\/wp\/v2\/media?parent=115947"}],"wp:term":[{"taxonomy":"category","embeddable":true,"href":"https:\/\/www.europesays.com\/fr\/wp-json\/wp\/v2\/categories?post=115947"},{"taxonomy":"post_tag","embeddable":true,"href":"https:\/\/www.europesays.com\/fr\/wp-json\/wp\/v2\/tags?post=115947"}],"curies":[{"name":"wp","href":"https:\/\/api.w.org\/{rel}","templated":true}]}}