{"id":1159471,"date":"2026-08-31T16:45:13","date_gmt":"2026-08-31T16:45:13","guid":{"rendered":"https:\/\/www.europesays.com\/fr\/1159471\/"},"modified":"2026-08-31T16:45:13","modified_gmt":"2026-08-31T16:45:13","slug":"canicule-securite-sante-mentale-les-annonces-de-la-metropole-de-lyon-pour-cette-rentree-scolaire","status":"publish","type":"post","link":"https:\/\/www.europesays.com\/fr\/1159471\/","title":{"rendered":"Canicule, s\u00e9curit\u00e9, sant\u00e9 mentale : les annonces de la M\u00e9tropole de Lyon pour cette rentr\u00e9e scolaire"},"content":{"rendered":"<p class=\"content\" style=\"font-size:1.2em;font-weight:700\">La M\u00e9tropole de Lyon a fait une s\u00e9rie d\u2019annonces ce lundi \u00e0 destination des 120 coll\u00e8ges dont elle a la charge. Un plan de s\u00e9curit\u00e9 sera notamment pr\u00e9sent\u00e9 fin septembre.<\/p>\n<p class=\"wp-block-paragraph\">Alors que les \u00e9l\u00e8ves seront nombreux \u00e0 reprendre le chemin des classes demain, la pr\u00e9sidente (LR) de la M\u00e9tropole de Lyon, V\u00e9ronique Sarselli, a fait une s\u00e9rie d\u2019annonces ce lundi \u00e0 destination des quelque 120 coll\u00e8ges dont elle a la charge. L\u2019ancienne maire de Sainte-Foy-l\u00e8s-Lyon se rendra par ailleurs au coll\u00e8ge Pierre Termier, dans le 3e arrondissement de Lyon, puis au coll\u00e8ge \u00c9variste Galois, \u00e0 Meyzieu, ce mardi, pour la rentr\u00e9e scolaire.<\/p>\n<p class=\"wp-block-paragraph\"><strong>Lire aussi :<\/strong> <a href=\"https:\/\/www.lyoncapitale.fr\/actualite\/rentree-scolaire-dans-le-rhone-le-snudi-fo-denonce-des-conditions-inacceptables\" target=\"_blank\" rel=\"noreferrer noopener nofollow\">Rentr\u00e9e scolaire dans le Rh\u00f4ne : le SNUDI-FO d\u00e9nonce \u00ab\u00a0des conditions inacceptables\u00a0\u00bb<\/a><\/p>\n<p>La canicule int\u00e9gr\u00e9e \u00e0 la pr\u00e9vention des risques<\/p>\n<p class=\"wp-block-paragraph\">Apr\u00e8s les vagues successives de canicule qu\u2019\u00e0 connu la France cet \u00e9t\u00e9, la M\u00e9tropole de Lyon veut notamment renforcer son action pour adapter les coll\u00e8ges. La canicule sera donc int\u00e9gr\u00e9e \u00e0 la d\u00e9marche de pr\u00e9vention des risques de la collectivit\u00e9 afin \u00ab\u00a0d\u2019\u00e9valuer pr\u00e9cis\u00e9ment la vuln\u00e9rabilit\u00e9 des \u00e9tablissements et de programmer les investissements n\u00e9cessaires\u00a0\u00bb, explique-t-elle dans son communiqu\u00e9. Plusieurs interventions seront mises en \u0153uvre : r\u00e9novation \u00e9nerg\u00e9tique, v\u00e9g\u00e9talisation des cours, installation de brasseurs d\u2019air, et \u00ab\u00a0lorsque la configuration des locaux le justifie\u00a0\u00bb, un recours \u00ab\u00a0raisonn\u00e9\u00a0\u00bb \u00e0 la climatisation. La M\u00e9tropole de Lyon d\u00e9plore par ailleurs que sur les 302 millions d\u2019euros d\u2019investissements consacr\u00e9s aux coll\u00e8ges lors du pr\u00e9c\u00e9dent mandat, \u00ab\u00a0seulement\u00a0\u00bb 3,66 % ont concern\u00e9 la r\u00e9novation et assure qu\u2019elle souhaite \u00ab\u00a0changer d\u2019\u00e9chelle\u00a0\u00bb pour inscrire l\u2019adaptation des coll\u00e8ges au changement climatique dans une programmation pluriannuelle des investissements.<\/p>\n<p class=\"wp-block-paragraph\"><strong>Lire aussi :<\/strong> <a href=\"https:\/\/www.lyoncapitale.fr\/actualite\/selon-la-crc-la-metropole-de-lyon-investit-plus-dans-les-colleges-mais-n-ameliore-pas-la-reussite-scolaire\" target=\"_blank\" rel=\"noreferrer noopener nofollow\">Selon la CRC, la M\u00e9tropole de Lyon investit plus dans les coll\u00e8ges, mais n&rsquo;am\u00e9liore pas la r\u00e9ussite scolaire<\/a><\/p>\n<p>Un plan de s\u00e9curit\u00e9 pr\u00e9sent\u00e9 fin septembre<\/p>\n<p class=\"wp-block-paragraph\">Parmi les autres annonces, la collectivit\u00e9 annonce la pr\u00e9sentation de son plan de s\u00e9curisation des coll\u00e8ge, promis durant la campagne, pour fin septembre. Ce dernier reposera sur les diagnostics de s\u00e9curit\u00e9 conduits dans les \u00e9tablissements, ce qui permettra par la suite \u00ab\u00a0d\u2019identifier les r\u00e9ponses adapt\u00e9es \u00e0 chaque situation.\u00a0\u00bb Celles pouvant \u00eatre appliqu\u00e9es rapidement le seront, compl\u00e8te la M\u00e9tropole de Lyon.<\/p>\n<p class=\"wp-block-paragraph\">En parall\u00e8le, un travail associant les chefs d\u2019\u00e9tablissement, professionnels de sant\u00e9 ou encore services sociaux sera lanc\u00e9 afin de renforcer les r\u00e9ponses apport\u00e9es aux coll\u00e9giens victimes de harc\u00e8lement ou rencontrant des probl\u00e8mes de sant\u00e9 mentale.<\/p>\n<p class=\"wp-block-paragraph\"><strong>Lire aussi :<\/strong> <a href=\"https:\/\/www.lyoncapitale.fr\/elections-2026\/programme-municipale-2026\/metropole-de-lyon-veronique-sarselli-propose-d-installer-des-portiques-de-securite-a-l-entree-des-colleges\" target=\"_blank\" rel=\"noreferrer noopener nofollow\">M\u00e9tropole de Lyon : V\u00e9ronique Sarselli propose d&rsquo;installer des portiques de s\u00e9curit\u00e9 \u00e0 l&rsquo;entr\u00e9e des coll\u00e8ges<\/a><\/p>\n<p>5,4 millions suppl\u00e9mentaires consacr\u00e9s aux coll\u00e8ges priv\u00e9s<\/p>\n<p class=\"wp-block-paragraph\">Apr\u00e8s avoir constat\u00e9 \u00ab\u00a0une relation fortement d\u00e9grad\u00e9e et une rupture de confiance\u00a0\u00bb avec les repr\u00e9sentants de l\u2019enseignement priv\u00e9, la M\u00e9tropole de Lyon souhaite r\u00e9affirmer son engagement aupr\u00e8s des 37 coll\u00e8ges priv\u00e9s du territoire. Ainsi, apr\u00e8s une modification du budget 2026, 5,4 millions d\u2019euros suppl\u00e9mentaires seront consacr\u00e9s au forfait des coll\u00e8ges priv\u00e9s \u00e0 compter de 2027. \u00ab\u00a0Au-del\u00e0 de la question financi\u00e8re, la M\u00e9tropole veut d\u00e9sormais installer une relation r\u00e9guli\u00e8re avec l\u2019ensemble des \u00e9tablissements, publics comme priv\u00e9s, sur les enjeux qui concernent directement les coll\u00e9giens\u00a0\u00bb, assure la collectivit\u00e9.<\/p>\n<p class=\"wp-block-paragraph\">Enfin, la M\u00e9tropole de Lyon r\u00e9active cette ann\u00e9e le programme de voyage m\u00e9moriel des coll\u00e9giens \u00e0 Auschwitz-Birkenau. Un premier d\u00e9placement sera organis\u00e9 au premier trimestre 2027 et pourra concerner environ 120 \u00e9l\u00e8ves. Cette d\u00e9marche s\u2019articulera avec les lieux de m\u00e9moire du territoire, notamment la Maison d\u2019Izieu, les Archives d\u00e9partementales et m\u00e9tropolitaines et le M\u00e9morial national de la prison de Montluc.<\/p>\n<p class=\"wp-block-paragraph\"><strong>Lire aussi :<\/strong> <a href=\"https:\/\/www.lyoncapitale.fr\/actualite\/la-surete-du-service-public-vaut-mieux-que-des-coups-de-comm-la-cgt-des-tcl-tacle-veronique-sarselli\" target=\"_blank\" rel=\"noreferrer noopener nofollow\">\u00ab\u00a0La s\u00fbret\u00e9 du service public vaut mieux que des coups de comm\u2019\u00a0\u00bb : la CGT des TCL tacle V\u00e9ronique Sarselli<\/a><\/p>\n","protected":false},"excerpt":{"rendered":"La M\u00e9tropole de Lyon a fait une s\u00e9rie d\u2019annonces ce lundi \u00e0 destination des 120 coll\u00e8ges dont elle&hellip;\n","protected":false},"author":2,"featured_media":811569,"comment_status":"","ping_status":"","sticky":false,"template":"","format":"standard","meta":{"footnotes":"","_share_on_mastodon":"0"},"categories":[1889],"tags":[1111,11,2430,1777,674,1011,27,2428,12,25],"class_list":["post-1159471","post","type-post","status-publish","format-standard","has-post-thumbnail","category-lyon","tag-actu","tag-actualites","tag-auvergne-rhone-alpes","tag-eu","tag-europe","tag-fr","tag-france","tag-lyon","tag-news","tag-republique-francaise"],"share_on_mastodon":{"url":"","error":""},"_links":{"self":[{"href":"https:\/\/www.europesays.com\/fr\/wp-json\/wp\/v2\/posts\/1159471","targetHints":{"allow":["GET"]}}],"collection":[{"href":"https:\/\/www.europesays.com\/fr\/wp-json\/wp\/v2\/posts"}],"about":[{"href":"https:\/\/www.europesays.com\/fr\/wp-json\/wp\/v2\/types\/post"}],"author":[{"embeddable":true,"href":"https:\/\/www.europesays.com\/fr\/wp-json\/wp\/v2\/users\/2"}],"replies":[{"embeddable":true,"href":"https:\/\/www.europesays.com\/fr\/wp-json\/wp\/v2\/comments?post=1159471"}],"version-history":[{"count":0,"href":"https:\/\/www.europesays.com\/fr\/wp-json\/wp\/v2\/posts\/1159471\/revisions"}],"wp:featuredmedia":[{"embeddable":true,"href":"https:\/\/www.europesays.com\/fr\/wp-json\/wp\/v2\/media\/811569"}],"wp:attachment":[{"href":"https:\/\/www.europesays.com\/fr\/wp-json\/wp\/v2\/media?parent=1159471"}],"wp:term":[{"taxonomy":"category","embeddable":true,"href":"https:\/\/www.europesays.com\/fr\/wp-json\/wp\/v2\/categories?post=1159471"},{"taxonomy":"post_tag","embeddable":true,"href":"https:\/\/www.europesays.com\/fr\/wp-json\/wp\/v2\/tags?post=1159471"}],"curies":[{"name":"wp","href":"https:\/\/api.w.org\/{rel}","templated":true}]}}