{"id":1159474,"date":"2026-08-31T16:47:14","date_gmt":"2026-08-31T16:47:14","guid":{"rendered":"https:\/\/www.europesays.com\/fr\/1159474\/"},"modified":"2026-08-31T16:47:14","modified_gmt":"2026-08-31T16:47:14","slug":"video-bernard-arnault-rachida-dati-les-personnalites-presentes-aux-obseques-de-mathilde-favier-figure-de-dior","status":"publish","type":"post","link":"https:\/\/www.europesays.com\/fr\/1159474\/","title":{"rendered":"Vid\u00e9o. Bernard Arnault, Rachida Dati&#8230; Les personnalit\u00e9s pr\u00e9sentes aux obs\u00e8ques de Mathilde Favier, figure de Dior"},"content":{"rendered":"<p>                    Par<br \/>\n        <strong><br \/>\n            <a href=\"https:\/\/actu.fr\/auteur\/m-pomme\" title=\"Consulter tous les articles de Marie Pomme\" rel=\"nofollow noopener\" target=\"_blank\">Marie Pomme<\/a><br \/>\n                    <\/strong><\/p>\n<p>        Publi\u00e9 le<\/p>\n<p>            31 ao\u00fbt 2026 \u00e0 17h45        <\/p>\n<p>Mathilde <a href=\"https:\/\/actu.fr\/loisirs-culture\/une-femme-exceptionnelle-qui-est-mathilde-favier-figure-de-dior-et-de-la-mode-tuee-dans-un-accident-de-la-route_64677633.html\" rel=\"nofollow noopener\" target=\"_blank\">Favier<\/a> est d\u00e9c\u00e9d\u00e9e le 17\u00a0ao\u00fbt dernier dans un accident de la route avec Nicolas Altmayer, son compagnon. Les <a href=\"https:\/\/actu.fr\/ile-de-france\/paris_75056\/mort-de-mathilde-favier-et-nicolas-altmayer-leurs-obseques-seront-celebrees-a-paris-apres-le-tragique-accident_64722157.html\" rel=\"nofollow noopener\" target=\"_blank\">obs\u00e8ques<\/a> de la directrice des relations publiques chez Dior \u00e9taient c\u00e9l\u00e9br\u00e9es ce lundi 31\u00a0ao\u00fbt \u00e0 l\u2019<a href=\"https:\/\/actu.fr\/ile-de-france\/paris_75056\/jean-dujardin-gilles-lellouche-benoit-magimel-de-nombreuses-personnalites-aux-obseques-de-nicolas-altmayer_64726275.html\" rel=\"nofollow noopener\" target=\"_blank\">\u00e9glise Saint-Sulpice<\/a>.<\/p>\n<p class=\" wall-content\">Personnalisez votre actualit\u00e9 en ajoutant vos villes et m\u00e9dias en favori avec <a href=\"https:\/\/moncompte.actu.fr\" title=\"D\u00e9couvez Mon Actu\" rel=\"nofollow noopener\" data-trk=\"{&quot;cta&quot;:{&quot;action&quot;:&quot;https:\\\/\\\/moncompte.actu.fr&quot;,&quot;category&quot;:&quot;mon compte&quot;,&quot;from&quot;:&quot;article footer&quot;,&quot;name&quot;:&quot;Mon actu&quot;,&quot;type&quot;:&quot;cta&quot;}}\" target=\"_blank\">Mon Actu<\/a>.<\/p>\n","protected":false},"excerpt":{"rendered":"Par Marie Pomme Publi\u00e9 le 31 ao\u00fbt 2026 \u00e0 17h45 Mathilde Favier est d\u00e9c\u00e9d\u00e9e le 17\u00a0ao\u00fbt dernier dans&hellip;\n","protected":false},"author":2,"featured_media":1159475,"comment_status":"","ping_status":"","sticky":false,"template":"","format":"standard","meta":{"footnotes":"","_share_on_mastodon":"0"},"categories":[1888],"tags":[1111,1928,11,1927,1777,674,3696,1011,27,1391,12,1926,626,1925,973,25],"class_list":["post-1159474","post","type-post","status-publish","format-standard","has-post-thumbnail","category-paris","tag-actu","tag-actu-paris","tag-actualites","tag-actualites-paris","tag-eu","tag-europe","tag-evenements","tag-fr","tag-france","tag-necrologie","tag-news","tag-news-paris","tag-paris","tag-paris-news","tag-people","tag-republique-francaise"],"share_on_mastodon":{"url":"https:\/\/pubeurope.com\/@fr\/117191144242133516","error":""},"_links":{"self":[{"href":"https:\/\/www.europesays.com\/fr\/wp-json\/wp\/v2\/posts\/1159474","targetHints":{"allow":["GET"]}}],"collection":[{"href":"https:\/\/www.europesays.com\/fr\/wp-json\/wp\/v2\/posts"}],"about":[{"href":"https:\/\/www.europesays.com\/fr\/wp-json\/wp\/v2\/types\/post"}],"author":[{"embeddable":true,"href":"https:\/\/www.europesays.com\/fr\/wp-json\/wp\/v2\/users\/2"}],"replies":[{"embeddable":true,"href":"https:\/\/www.europesays.com\/fr\/wp-json\/wp\/v2\/comments?post=1159474"}],"version-history":[{"count":0,"href":"https:\/\/www.europesays.com\/fr\/wp-json\/wp\/v2\/posts\/1159474\/revisions"}],"wp:featuredmedia":[{"embeddable":true,"href":"https:\/\/www.europesays.com\/fr\/wp-json\/wp\/v2\/media\/1159475"}],"wp:attachment":[{"href":"https:\/\/www.europesays.com\/fr\/wp-json\/wp\/v2\/media?parent=1159474"}],"wp:term":[{"taxonomy":"category","embeddable":true,"href":"https:\/\/www.europesays.com\/fr\/wp-json\/wp\/v2\/categories?post=1159474"},{"taxonomy":"post_tag","embeddable":true,"href":"https:\/\/www.europesays.com\/fr\/wp-json\/wp\/v2\/tags?post=1159474"}],"curies":[{"name":"wp","href":"https:\/\/api.w.org\/{rel}","templated":true}]}}