{"id":1159484,"date":"2026-08-31T16:53:33","date_gmt":"2026-08-31T16:53:33","guid":{"rendered":"https:\/\/www.europesays.com\/fr\/1159484\/"},"modified":"2026-08-31T16:53:33","modified_gmt":"2026-08-31T16:53:33","slug":"ukraine-russie-la-turquie-convoque-lambassadeur-ukrainien-apres-lattaque-de-deux-navires-turcs-en-mer-noire","status":"publish","type":"post","link":"https:\/\/www.europesays.com\/fr\/1159484\/","title":{"rendered":"Ukraine-Russie: la Turquie convoque l&rsquo;ambassadeur ukrainien apr\u00e8s l&rsquo;attaque de deux navires turcs en mer Noire"},"content":{"rendered":"<p>Le minist\u00e8re turc des Affaires \u00e9trang\u00e8res a convoqu\u00e9 l\u2019ambassadeur d\u2019Ukraine \u00e0 Ankara apr\u00e8s les attaques des 26 et 27 ao\u00fbt contre deux navires turcs au large de Touapse, sur la c\u00f4te russe de la mer Noire.<\/p>\n<p>\t\t\t\t\t<a class=\"post-thumbnail open-lightbox\" href=\"https:\/\/atlasinfo.fr\/wp-content\/uploads\/2026\/08\/TWITTER-ATLASINFO-2026-08-31T170249.846.png\" rel=\"nofollow noopener\" target=\"_blank\"><img decoding=\"async\" src=\"https:\/\/www.europesays.com\/fr\/wp-content\/uploads\/2026\/08\/TWITTER-ATLASINFO-2026-08-31T170249.846-750x430.png\" alt=\"\"\/>\t\t\t\t\t\t<\/a><\/p>\n<p dir=\"ltr\"><strong>Deux navires turcs touch\u00e9s en deux jours<\/strong><br \/>Le 26 ao\u00fbt, le navire turc Lider Bordo Mavi a \u00e9t\u00e9 touch\u00e9 au large de Touapse, ville c\u00f4ti\u00e8re russe de la mer Noire. Le lendemain, le Lider Kocatepe, envoy\u00e9 pour remorquer le premier b\u00e2timent, a \u00e9galement \u00e9t\u00e9 pris pour cible. Le minist\u00e8re turc des Affaires \u00e9trang\u00e8res, qui a communiqu\u00e9 ces informations \u00e0 l\u2019AFP samedi, n\u2019a pas pr\u00e9cis\u00e9 si ces attaques avaient fait des victimes \u00e0 bord.<\/p>\n<p dir=\"ltr\"><strong>Ankara convoque l\u2019ambassadeur d\u2019Ukraine<\/strong><br \/>\u00c0 la suite de ces deux incidents, la Turquie a convoqu\u00e9 l\u2019ambassadeur d\u2019Ukraine \u00e0 Ankara. Le minist\u00e8re turc des Affaires \u00e9trang\u00e8res indique dans un communiqu\u00e9 que \u00ab\u00a0la Turquie a exprim\u00e9 ses mises en garde concernant la n\u00e9cessit\u00e9 imp\u00e9rative d\u2019assurer la s\u00e9curit\u00e9 des personnes, des biens, de la navigation et de l\u2019environnement en mer Noire\u00a0\u00bb.<\/p>\n<p dir=\"ltr\"><strong>Un appel \u00e0 un moratoire rest\u00e9 sans effet<\/strong><br \/>En ao\u00fbt, la Turquie avait r\u00e9clam\u00e9 \u00e0 la Russie et \u00e0 l\u2019Ukraine la mise en place d\u2019un moratoire sur les attaques visant les navires commerciaux en mer Noire, une zone dont elle est riveraine et qu\u2019empruntent de nombreux b\u00e2timents appartenant \u00e0 des armateurs turcs op\u00e9rant sous divers pavillons. Plusieurs de ces navires commerciaux ont d\u00e9j\u00e0 \u00e9t\u00e9 vis\u00e9s par des attaques de drones attribu\u00e9es \u00e0 l\u2019Ukraine, qui cherche ainsi \u00e0 entraver le transport de c\u00e9r\u00e9ales et d\u2019hydrocarbures au b\u00e9n\u00e9fice de la Russie.<\/p>\n<p dir=\"ltr\"><strong>La position d\u2019\u00e9quilibriste d\u2019Ankara<\/strong><br \/>La Turquie entretient des relations avec Kiev et Moscou et ne s\u2019est pas jointe aux sanctions commerciales occidentales contre la Russie. Elle se pr\u00e9sente comme un acteur soucieux de la s\u00e9curit\u00e9 maritime en mer Noire, alors que le conflit s\u2019est progressivement \u00e9tendu \u00e0 l\u2019ensemble du bassin, touchant d\u00e9sormais des navires civils au-del\u00e0 des seules cibles portuaires ou militaires vis\u00e9es au d\u00e9but de la guerre.<\/p>\n<p><a itemprop=\"url\" class=\"rohvzky-link\" href=\"https:\/\/www.youtube.com\/watch?v=x8XQAocYFhU\/?source=campagne-ep\" target=\"_blank\" rel=\"nofollow noopener\"><img decoding=\"async\" class=\"rohvzky-image\" src=\"https:\/\/www.europesays.com\/fr\/wp-content\/uploads\/2026\/07\/300x250.jpg\" alt=\"onda-endpost-cdm-2026\"\/><\/a>\t\t\t<\/p>\n","protected":false},"excerpt":{"rendered":"Le minist\u00e8re turc des Affaires \u00e9trang\u00e8res a convoqu\u00e9 l\u2019ambassadeur d\u2019Ukraine \u00e0 Ankara apr\u00e8s les attaques des 26 et&hellip;\n","protected":false},"author":2,"featured_media":1159485,"comment_status":"","ping_status":"","sticky":false,"template":"","format":"standard","meta":{"footnotes":"","_share_on_mastodon":"0"},"categories":[1590],"tags":[11,1903,52379,150,12224,40199,1805,4070,2024,3026,18579,1777,674,14,4743,47783,87259,6127,21495,119126,11678,31067,12,29776,132,656,119127,119125,3496,220,20016,119124,22241],"class_list":["post-1159484","post","type-post","status-publish","format-standard","has-post-thumbnail","category-ukraine","tag-actualites","tag-ambassadeur","tag-ankara","tag-apres","tag-atlasinfo","tag-convoque","tag-de","tag-deux","tag-drones","tag-en","tag-en-direct","tag-eu","tag-europe","tag-international","tag-la","tag-lambassadeur","tag-lattaque","tag-mer","tag-mer-noire","tag-navigation-commerciale","tag-navire","tag-navires","tag-news","tag-noire","tag-russie","tag-securite","tag-touapse","tag-turcs","tag-turquie","tag-ukraine","tag-ukraine-russie","tag-ukraine-russie-la-turquie-convoque-lambassadeur-ukrainien-apres-lattaque-de-deux-navires-turcs-en-mer-noire","tag-ukrainien"],"share_on_mastodon":{"url":"","error":"Validation failed: Text character limit of 500 exceeded"},"_links":{"self":[{"href":"https:\/\/www.europesays.com\/fr\/wp-json\/wp\/v2\/posts\/1159484","targetHints":{"allow":["GET"]}}],"collection":[{"href":"https:\/\/www.europesays.com\/fr\/wp-json\/wp\/v2\/posts"}],"about":[{"href":"https:\/\/www.europesays.com\/fr\/wp-json\/wp\/v2\/types\/post"}],"author":[{"embeddable":true,"href":"https:\/\/www.europesays.com\/fr\/wp-json\/wp\/v2\/users\/2"}],"replies":[{"embeddable":true,"href":"https:\/\/www.europesays.com\/fr\/wp-json\/wp\/v2\/comments?post=1159484"}],"version-history":[{"count":0,"href":"https:\/\/www.europesays.com\/fr\/wp-json\/wp\/v2\/posts\/1159484\/revisions"}],"wp:featuredmedia":[{"embeddable":true,"href":"https:\/\/www.europesays.com\/fr\/wp-json\/wp\/v2\/media\/1159485"}],"wp:attachment":[{"href":"https:\/\/www.europesays.com\/fr\/wp-json\/wp\/v2\/media?parent=1159484"}],"wp:term":[{"taxonomy":"category","embeddable":true,"href":"https:\/\/www.europesays.com\/fr\/wp-json\/wp\/v2\/categories?post=1159484"},{"taxonomy":"post_tag","embeddable":true,"href":"https:\/\/www.europesays.com\/fr\/wp-json\/wp\/v2\/tags?post=1159484"}],"curies":[{"name":"wp","href":"https:\/\/api.w.org\/{rel}","templated":true}]}}