{"id":1159488,"date":"2026-08-31T16:56:18","date_gmt":"2026-08-31T16:56:18","guid":{"rendered":"https:\/\/www.europesays.com\/fr\/1159488\/"},"modified":"2026-08-31T16:56:18","modified_gmt":"2026-08-31T16:56:18","slug":"harry-et-meghan-de-retour-au-royaume-uni-voici-ce-quils-ont-fait-lors-de-leurs-derniers-jours-aux-etats-unis","status":"publish","type":"post","link":"https:\/\/www.europesays.com\/fr\/1159488\/","title":{"rendered":"Harry et Meghan de retour au Royaume-Uni : voici ce qu\u2019ils ont fait lors de leurs derniers jours aux \u00c9tats-Unis"},"content":{"rendered":"<p>Ils sont de retour au Royaume-Uni. Oui, <a href=\"https:\/\/www.voici.fr\/celebrites\/meghan-markle-et-harry-pourquoi-elizabeth-ii-avait-prefere-arreter-les-negociations-avec-le-couple-pendant-le-megxit-739223\" rel=\"nofollow noopener\" target=\"_blank\">ceux qui ont claqu\u00e9 la porte de La Firme<\/a> il y a six ans ont d\u00e9cid\u00e9 de revenir vivre en Europe. Pour autant, <a href=\"https:\/\/www.voici.fr\/royaute\/harry-et-meghan-ce-que-redoutent-certains-britanniques-apres-leur-retour-en-angleterre-828263\" rel=\"nofollow noopener\" target=\"_blank\">le prince Harry et Meghan Markle n\u2019ont pas \u00e9bruit\u00e9 leur grand d\u00e9part<\/a> et cela a intrigu\u00e9 leurs voisins californiens. Apr\u00e8s des ann\u00e9es pass\u00e9es dans leur propri\u00e9t\u00e9 de Montecito, en Californie, le couple a quitt\u00e9 les \u00c9tats-Unis avec Archie et Lilibet dans la plus <strong>grande discr\u00e9tion<\/strong>. Sans faire de bruit. Sans attirer l&rsquo;attention. Pas de f\u00eate d\u2019adieu, pas de c\u00e9r\u00e9monie avec les voisins, pas m\u00eame les grands camions de d\u00e9m\u00e9nagement auxquels on aurait pu s\u2019attendre pour un d\u00e9part de cette ampleur. Alors que <a href=\"https:\/\/www.voici.fr\/royaute\/un-come-back-agite-pour-harry-et-meghan-leur-arrivee-au-royaume-uni-fait-deja-polemique-828193\" rel=\"nofollow noopener\" target=\"_blank\">leur retour au Royaume-Uni marque un nouveau tournant dans leur vie<\/a>, les derniers jours des Sussex en Californie se sont d\u00e9roul\u00e9s<strong> loin des projecteurs<\/strong> et dans le plus grand des calmes. \u00c9tonnant. Et \u00e0 Montecito, certains habitants semblent avoir d\u00e9couvert leur d\u00e9part au moment o\u00f9 la nouvelle a \u00e9t\u00e9 rendue publique. <strong>Pas d&rsquo;au revoir pour le couple.<\/strong> \u00c9videmment, cela a suscit\u00e9 de nombreuses critiques.<\/p>\n<p>\u00c0 Montecito, Harry et Meghan sont partis sans faire de bruit<\/p>\n<p>Le contraste est \u00e9tonnant. <a href=\"https:\/\/www.voici.fr\/cinema-series\/harry-et-meghan-linterieur-de-leur-villa-de-montecito-devoile-764848\" rel=\"nofollow noopener\" target=\"_blank\">En 2020, l\u2019arriv\u00e9e de Harry et Meghan \u00e0 Montecito<\/a> avait suscit\u00e9 une immense curiosit\u00e9. Six ans plus tard, leur d\u00e9part s\u2019est fait beaucoup plus discr\u00e8tement. Selon plusieurs voisins interrog\u00e9s par la presse am\u00e9ricaine, aucun grand mouvement n\u2019aurait attir\u00e9 l\u2019attention dans les jours pr\u00e9c\u00e9dant leur d\u00e9part. \u00ab\u00a0Ni camions de d\u00e9m\u00e9nagement, ni f\u00eates, rien du tout\u00a0\u00bb, a ainsi confi\u00e9 l\u2019un d\u2019eux au <a href=\"https:\/\/www.dailymail.com\/news\/royals\/article-16090033\/Meghan-Harry-Montecito-neighbours.html\" rel=\"nofollow noopener\" target=\"_blank\">Daily Mail,<\/a> donnant l\u2019image d\u2019une famille partie presque du jour au lendemain.<\/p>\n<p>Pour autant, Harry et Meghan n\u2019ont pas simplement disparu de Montecito du jour au lendemain. <strong>Leur d\u00e9part aurait \u00e9t\u00e9 pr\u00e9par\u00e9 depuis plusieurs mois<\/strong>, avec l\u2019objectif de s\u2019installer pr\u00e8s de la famille royale pour une p\u00e9riode prolong\u00e9e. Ils avaient m\u00eame rencontr\u00e9 le roi Charles III pour \u00e9voquer la possibilit\u00e9 d&rsquo;une nouvelle vie. Qu&rsquo;a donc fait le couple avant de quitter leur ancienne terre promise ? Il a pass\u00e9 son dernier week-end en Californie entour\u00e9 de proches, mais sans se faire remarquer. Selon People, <strong>Harry et Meghan ont profit\u00e9 de ces derniers instants avec leur famille et leurs amis <\/strong>avant de quitter Montecito avec leurs deux enfants. Une source assure que ce d\u00e9part n\u2019est pas un adieu d\u00e9finitif aux \u00c9tats-Unis et que le couple conserverait notamment sa maison californienne.<\/p>\n<p>Les Sussex ont retrouv\u00e9 le Royaume-Uni avec leurs enfants<\/p>\n<p>Le 26 ao\u00fbt, le prince Harry et Meghan Markle ont finalement atterri au Royaume-Uni avec Archie et Lilibet. La famille aurait rejoint Birmingham \u00e0 bord d\u2019un jet priv\u00e9 avant de gagner sa nouvelle r\u00e9sidence britannique. <a href=\"https:\/\/www.voici.fr\/royaute\/cest-le-grand-retour-harry-et-meghan-sont-arrives-au-royaume-uni-pour-demarrer-leur-nouvelle-vie-828147\" rel=\"nofollow noopener\" target=\"_blank\">Un vol qui a co\u00fbt\u00e9 <strong>plus de 100 000 euros<\/strong><\/a><strong> et qui aurait \u00e9t\u00e9 financ\u00e9 par un milliardaire<\/strong> proche du couple.<\/p>\n<p>Pour les enfants, ce retour constitue un changement de taille. Archie, sept ans, et Lilibet, cinq ans, ont grandi en Californie avec des codes am\u00e9ricains. Ils doivent d\u00e9sormais faire leur rentr\u00e9e dans une \u00e9cole britannique<strong>, l\u2019\u00e9ducation des deux enfants <\/strong>faisant partie des raisons avanc\u00e9es pour expliquer ce nouveau d\u00e9part. Harry et Meghan ne renoncent toutefois pas \u00e0 leur vie am\u00e9ricaine. En effet, leur maison de Montecito ne serait pas vendue et la famille pourrait continuer \u00e0 y s\u00e9journer. Le couple conserverait donc un pied en Californie tout en \u00e9tablissant d\u00e9sormais son quotidien au Royaume-Uni. Ce d\u00e9part, un voisin l\u2019a r\u00e9sum\u00e9 \u00e0 sa mani\u00e8re : <strong>\u00ab\u00a0Un jour, ils \u00e9taient l\u00e0, et le lendemain, ils \u00e9taient de retour en Angleterre\u00a0\u00bb. <\/strong>Il semblerait que cette fois, <strong>Harry et Meghan ont choisi de faire profil bas. <\/strong>Jusqu&rsquo;\u00e0 quand ?<\/p>\n","protected":false},"excerpt":{"rendered":"Ils sont de retour au Royaume-Uni. Oui, ceux qui ont claqu\u00e9 la porte de La Firme il y&hellip;\n","protected":false},"author":2,"featured_media":1159489,"comment_status":"","ping_status":"","sticky":false,"template":"","format":"standard","meta":{"footnotes":"","_share_on_mastodon":"0"},"categories":[1588],"tags":[11,46924,1777,674,9048,5860,9047,908,12,473,1853,1851,1850,1852],"class_list":["post-1159488","post","type-post","status-publish","format-standard","has-post-thumbnail","category-royaume-uni","tag-actualites","tag-du00e9mu00e9nagement","tag-eu","tag-europe","tag-famille-royale","tag-famille-royale-dangleterre","tag-harry-dangleterre","tag-meghan-markle","tag-news","tag-royaume-uni","tag-royaume-uni-de-grande-bretagne-et-dirlande-du-nord","tag-uk","tag-united-kingdom","tag-united-kingdom-of-great-britain-and-northern-ireland"],"share_on_mastodon":{"url":"https:\/\/pubeurope.com\/@fr\/117191179504175267","error":""},"_links":{"self":[{"href":"https:\/\/www.europesays.com\/fr\/wp-json\/wp\/v2\/posts\/1159488","targetHints":{"allow":["GET"]}}],"collection":[{"href":"https:\/\/www.europesays.com\/fr\/wp-json\/wp\/v2\/posts"}],"about":[{"href":"https:\/\/www.europesays.com\/fr\/wp-json\/wp\/v2\/types\/post"}],"author":[{"embeddable":true,"href":"https:\/\/www.europesays.com\/fr\/wp-json\/wp\/v2\/users\/2"}],"replies":[{"embeddable":true,"href":"https:\/\/www.europesays.com\/fr\/wp-json\/wp\/v2\/comments?post=1159488"}],"version-history":[{"count":0,"href":"https:\/\/www.europesays.com\/fr\/wp-json\/wp\/v2\/posts\/1159488\/revisions"}],"wp:featuredmedia":[{"embeddable":true,"href":"https:\/\/www.europesays.com\/fr\/wp-json\/wp\/v2\/media\/1159489"}],"wp:attachment":[{"href":"https:\/\/www.europesays.com\/fr\/wp-json\/wp\/v2\/media?parent=1159488"}],"wp:term":[{"taxonomy":"category","embeddable":true,"href":"https:\/\/www.europesays.com\/fr\/wp-json\/wp\/v2\/categories?post=1159488"},{"taxonomy":"post_tag","embeddable":true,"href":"https:\/\/www.europesays.com\/fr\/wp-json\/wp\/v2\/tags?post=1159488"}],"curies":[{"name":"wp","href":"https:\/\/api.w.org\/{rel}","templated":true}]}}