{"id":1159490,"date":"2026-08-31T16:57:20","date_gmt":"2026-08-31T16:57:20","guid":{"rendered":"https:\/\/www.europesays.com\/fr\/1159490\/"},"modified":"2026-08-31T16:57:20","modified_gmt":"2026-08-31T16:57:20","slug":"andre-rankel-a-la-tete-de-la-selection-nationale-dallemagne","status":"publish","type":"post","link":"https:\/\/www.europesays.com\/fr\/1159490\/","title":{"rendered":"Andr\u00e9 Rankel \u00e0 la t\u00eate de la s\u00e9lection nationale d\u2019Allemagne"},"content":{"rendered":"<p><strong>La F\u00e9d\u00e9ration allemande de hockey sur glace (DEB) a pr\u00e9sent\u00e9 Andr\u00e9 Rankel comme nouveau s\u00e9lectionneur de l\u2019\u00e9quipe nationale allemande de hockey sur glace lors d\u2019une conf\u00e9rence de presse au SAP Garden \u00e0 Munich.<\/strong><\/p>\n<p>Le conseil de la f\u00e9d\u00e9ration avait d\u00e9cid\u00e9 de se s\u00e9parer de Harold Kreis, qui avait pris en main l\u2019\u00e9quipe nationale apr\u00e8s \u00e0 la m\u00e9daille d\u2019argent olympique, historique, de 2022. Poursuivant cette chevauch\u00e9e fantastique, Kreis a hiss\u00e9 l\u2019\u00e9quipe jusqu\u2019en finale des championnats du Monde 2023. Mais depuis, le souffl\u00e9 est retomb\u00e9 et loin des attentes. Trois \u00e9checs successifs au Mondial sans atteindre les phases \u00e9liminatoires, et aux Olympiades 2026 avec une s\u00e9lection qui n\u2019a jamais \u00e9t\u00e9 aussi forte, ont provoqu\u00e9 ce remplacement. De plus, la pression d\u2019un Mondial 2027 \u00e0 domicile a jou\u00e9 dans cette volont\u00e9 de relancer l\u2019\u00e9quipe.<\/p>\n<p>En m\u00eame temps, le respect\u00e9 Peter John Lee (70 ans) \u2013 le manager qui a construit les <a href=\"https:\/\/www.hockeyarchives.info\/clubs\/eisbaren.htm\" rel=\"nofollow noopener\" target=\"_blank\">Eisb\u00e4ren de Berlin<\/a> \u2013 a \u00e9t\u00e9 nomm\u00e9 conseiller sportif de la DEB et a particip\u00e9 au travail de s\u00e9lection du nouveau dirigeant de l\u2019\u00e9quipe nationale. Karl-Heinz Fliegauf (Wolfsburg) et Stefan Ustorf (Nuremberg) ont, \u00e9galement, apport\u00e9 un soutien technique pour le processus de s\u00e9lection en tant que repr\u00e9sentants de la Commission sportive de la Ligue allemande de hockey sur glace (DEL).<\/p>\n<p>Beaucoup de noms ont bruiss\u00e9 depuis trois mois, chacun y allait de son favori et le nom qui revenait le plus souvent chez les supporters \u00e9tait celui de Christian Ehrhoff, visible comme expert pour la t\u00e9l\u00e9vision lors des rencontres de l\u2019\u00e9quipe d\u2019Allemagne, mais sans exp\u00e9rience de coach. Le candidat choisi est finalement encore plus jeune\u2026 et la presse ne l\u2019avait pas vu venir alors qu\u2019il s\u2019agissait d\u2019une promotion interne d\u2019un homme sous contrat avec la f\u00e9d\u00e9ration et de quelqu\u2019un qui a travaill\u00e9 toute sa carri\u00e8re pour Peter John Lee\u00a0!<\/p>\n<p><img loading=\"lazy\" decoding=\"async\" class=\"alignright size-full wp-image-4446954\" src=\"data:image\/svg+xml,%3Csvg%20xmlns=\" http:=\"\" alt=\"Eisbaeren Berlin.indd\" width=\"300\" height=\"355\" data-lazy- data-lazy- data-lazy-src=\"https:\/\/www.europesays.com\/fr\/wp-content\/uploads\/2026\/08\/RankelAndre.jpg\"\/>Andr\u00e9 Rankel, \u00e0 41 ans, a obtenu un contrat de quatre ans. Il op\u00e9rait comme entra\u00eeneur adjoint et entra\u00eeneur de d\u00e9veloppement aux Eisb\u00e4ren Berlin. Ce Berlinois de naissance est une des l\u00e9gendes du club, y a pass\u00e9 toute sa carri\u00e8re, et a pris des responsabilit\u00e9s dans les \u00e9quipes nationales. Il a dirig\u00e9 l\u2019\u00e9quipe junior U18 pour la ramener dans l\u2019\u00e9lite mondiale. Il \u00e9galement assist\u00e9 l\u2019\u00e9quipe Harold Kreis lors de la Deutschland Cup 2025. Il \u00e9tait en charge du travail d\u00e9fensif et des inf\u00e9riorit\u00e9s num\u00e9riques.<\/p>\n<p>Andr\u00e9 Rankel\u00a0: \u00ab\u00a0C\u2019est un grand honneur de pouvoir diriger notre \u00e9quipe en tant qu\u2019entra\u00eeneur national. Ce que j\u2019ai appris en tant que joueur et capitaine au fil des ann\u00e9es, ce qui constitue la coh\u00e9sion et la motivation dans une \u00e9quipe, je veux maintenant le transmettre en tant qu\u2019entra\u00eeneur national. Mon objectif est de d\u00e9velopper une id\u00e9e claire de la fa\u00e7on dont nous voulons jouer ensemble avec les joueurs et le staff technique, et de grandir \u00e9tape par \u00e9tape en fonction de cela. Mon temps en tant qu\u2019assistant-coach des Eisb\u00e4ren Berlin a \u00e9largi ma perspective sur ce qui fait la r\u00e9ussite dans la construction d\u2019une \u00e9quipe. Je souhaite maintenant apporter cette compr\u00e9hension \u00e0 ma nouvelle t\u00e2che. J\u2019attends avec impatience cette responsabilit\u00e9 et travailler avec une \u00e9quipe pour laquelle j\u2019ai moi-m\u00eame jou\u00e9 avec fiert\u00e9 pendant si longtemps.\u00a0\u00bb<\/p>\n<p>Christian K\u00fcnast, directeur sportif de la DEB\u00a0: \u00ab\u00a0Harold Kreis s\u2019est mis au service de l\u2019\u00e9quipe nationale avec un grand d\u00e9vouement et a apport\u00e9 des contributions significatives au hockey sur glace allemand \u2013 remportant d\u2019abord la m\u00e9daille d\u2019argent aux Championnats du monde 2023. Cependant, nous sommes fermement convaincus qu\u2019un nouvel \u00e9lan est d\u00e9sormais n\u00e9cessaire. (\u2026) En tant que joueur, Andr\u00e9 Rankel a prouv\u00e9 au fil des ann\u00e9es ce que signifie le leadership dans le hockey sur glace allemand \u2013 en tant que capitaine, en tant que mod\u00e8le, en tant que personne en qui l\u2019\u00e9quipe a confiance. C\u2019est exactement ce qui le qualifie pour cette t\u00e2che. Surtout en tant que joueur, mais aussi dans l\u2019\u00e9quipe d\u2019entra\u00eeneurs des Eisb\u00e4ren Berlin, il a contribu\u00e9 \u00e0 fa\u00e7onner une p\u00e9riode r\u00e9ussie. De plus, il conna\u00eet d\u00e9j\u00e0 la DEB et nos structures gr\u00e2ce \u00e0 son temps en tant qu\u2019entra\u00eeneur national U18. Lors des discussions, il nous a convaincus par ses id\u00e9es et sa clart\u00e9. (\u2026) Surtout en vue des Championnats du monde \u00e0 domicile, il est important pour nous d\u2019avoir une s\u00e9curit\u00e9 de planification d\u00e8s maintenant et de travailler ensemble sur une ligne sportive claire. Nous sommes fermement convaincus que nous mettrons en \u0153uvre une vision commune pour notre \u00e9quipe nationale avec Andr\u00e9.\u00a0\u00bb<\/p>\n","protected":false},"excerpt":{"rendered":"La F\u00e9d\u00e9ration allemande de hockey sur glace (DEB) a pr\u00e9sent\u00e9 Andr\u00e9 Rankel comme nouveau s\u00e9lectionneur de l\u2019\u00e9quipe nationale&hellip;\n","protected":false},"author":2,"featured_media":950782,"comment_status":"","ping_status":"","sticky":false,"template":"","format":"standard","meta":{"footnotes":"","_share_on_mastodon":"0"},"categories":[1587],"tags":[11,672,1804,1805,1803,1777,674,1801,12,1802],"class_list":["post-1159490","post","type-post","status-publish","format-standard","has-post-thumbnail","category-allemagne","tag-actualites","tag-allemagne","tag-bundesrepublik-deutschland","tag-de","tag-deutschland","tag-eu","tag-europe","tag-germany","tag-news","tag-republique-federale-dallemagne"],"share_on_mastodon":{"url":"https:\/\/pubeurope.com\/@fr\/117191183442453027","error":""},"_links":{"self":[{"href":"https:\/\/www.europesays.com\/fr\/wp-json\/wp\/v2\/posts\/1159490","targetHints":{"allow":["GET"]}}],"collection":[{"href":"https:\/\/www.europesays.com\/fr\/wp-json\/wp\/v2\/posts"}],"about":[{"href":"https:\/\/www.europesays.com\/fr\/wp-json\/wp\/v2\/types\/post"}],"author":[{"embeddable":true,"href":"https:\/\/www.europesays.com\/fr\/wp-json\/wp\/v2\/users\/2"}],"replies":[{"embeddable":true,"href":"https:\/\/www.europesays.com\/fr\/wp-json\/wp\/v2\/comments?post=1159490"}],"version-history":[{"count":0,"href":"https:\/\/www.europesays.com\/fr\/wp-json\/wp\/v2\/posts\/1159490\/revisions"}],"wp:featuredmedia":[{"embeddable":true,"href":"https:\/\/www.europesays.com\/fr\/wp-json\/wp\/v2\/media\/950782"}],"wp:attachment":[{"href":"https:\/\/www.europesays.com\/fr\/wp-json\/wp\/v2\/media?parent=1159490"}],"wp:term":[{"taxonomy":"category","embeddable":true,"href":"https:\/\/www.europesays.com\/fr\/wp-json\/wp\/v2\/categories?post=1159490"},{"taxonomy":"post_tag","embeddable":true,"href":"https:\/\/www.europesays.com\/fr\/wp-json\/wp\/v2\/tags?post=1159490"}],"curies":[{"name":"wp","href":"https:\/\/api.w.org\/{rel}","templated":true}]}}