{"id":1159491,"date":"2026-08-31T16:58:22","date_gmt":"2026-08-31T16:58:22","guid":{"rendered":"https:\/\/www.europesays.com\/fr\/1159491\/"},"modified":"2026-08-31T16:58:22","modified_gmt":"2026-08-31T16:58:22","slug":"leurope-termine-dans-le-rouge-la-reprise-des-hostilites-au-moyen-orient-inquiete-31-08-2026-a-1850","status":"publish","type":"post","link":"https:\/\/www.europesays.com\/fr\/1159491\/","title":{"rendered":"L&rsquo;Europe termine dans le rouge, la reprise des hostilit\u00e9s au Moyen-Orient inqui\u00e8te &#8211; 31\/08\/2026 \u00e0 18:50"},"content":{"rendered":"<p>        <img decoding=\"async\" src=\"https:\/\/www.europesays.com\/fr\/wp-content\/uploads\/2026\/07\/94882a8fe026d500bb4fdf439f178df4-760x507.jpg\" alt=\"La bourse Euronext, situ\u00e9e dans le quartier d'affaires de La D\u00e9fense \u00e0 Paris\" loading=\"eager\" fetchpriority=\"high\" width=\"760\" height=\"507\" style=\"max-width: 100%!important; height: auto;\"\/><\/p>\n<p class=\"c-image-news__legend\">La bourse Euronext, situ\u00e9e dans le quartier d&rsquo;affaires de La D\u00e9fense \u00e0 Paris<\/p>\n<p>\n par Coralie  Lamarque\n<\/p>\n<p>\n Les Bourses europ\u00e9ennes ont termin\u00e9 dans le rouge lundi, plomb\u00e9es par une nouvelle flamb\u00e9e du p\u00e9trole en raison de la \u200creprise des hostilit\u00e9s entre les \u00c9tats-Unis et l&rsquo;Iran, ce qui accentue les craintes inflationnistes et la perspective d&rsquo;un resserrement mon\u00e9taire pour corriger la hausse des prix.\n<\/p>\n<p>\n \u00c0 Paris, le CAC 40 a c\u00e9d\u00e9 0,79% \u00e0 8.334,50. \u00c0 Francfort, le Dax a perdu \u200bde 1,09% tandis qu&rsquo;\u00e0 Londres, le FTSE 100 a pris 0,29%.\n<\/p>\n<p>\n L&rsquo;indice EuroStoxx 50 a recul\u00e9 de 0,91%, le FTSEurofirst 300 de 0,69% et le Stoxx 600 de 0,61%.\n<\/p>\n<p>\n La s\u00e9ance a \u00e9t\u00e9 marqu\u00e9e par la remont\u00e9e des cours p\u00e9troliers, aliment\u00e9e elle-m\u00eame par des frappes entre les \u00c9tats-Unis et l&rsquo;Iran, et ce pour la premi\u00e8re fois depuis juillet. Cela a renforc\u00e9 les craintes d&rsquo;une r\u00e9surgence de l&rsquo;inflation, les investisseurs \u00e9tant d\u00e9j\u00e0 sur la r\u00e9serve depuis le discours du pr\u00e9sident de la Fed, Kevin Warsh, au \u200bsymposium de Jackson Hole vendredi dernier.\n<\/p>\n<p>\n L&rsquo;arm\u00e9e am\u00e9ricaine a bombard\u00e9 dimanche deux sites iraniens de tirs de missiles sur l&rsquo;\u00eele de Larak, a d\u00e9clar\u00e9 un responsable am\u00e9ricain. En repr\u00e9sailles, l&rsquo;Iran a vis\u00e9 deux bases am\u00e9ricaines en Jordanie, selon les m\u00e9dias iraniens.\n<\/p>\n<p>\n En cons\u00e9quence, le Brent est repass\u00e9 au-dessus de la barre des 90 dollars le baril, alors \u200bque les cours du brut avaient enregistr\u00e9 la semaine derni\u00e8re une baisse hebdomadaire de 5,38%.\n<\/p>\n<p>\n Par ailleurs, le pr\u00e9sident am\u00e9ricain Donald \u2060Trump a diffus\u00e9 sur son r\u00e9seau social une vid\u00e9o g\u00e9n\u00e9r\u00e9e par intelligence artificielle (IA) montrant selon lui la destruction de l&rsquo;\u00eele de Kharg, principale plateforme d&rsquo;exportation de p\u00e9trole de l&rsquo;Iran, tandis qu&rsquo;aucun \u00e9l\u00e9ment ne permet de confirmer qu&rsquo;une \u200ctelle attaque ait eu lieu.\n<\/p>\n<p>\n Un responsable iranien a qualifi\u00e9 la publication de Donald Trump de \u00ab\u00a0risible\u00a0\u00bb, tandis que le pr\u00e9sident iranien Massoud Pezeshkian a d\u00e9clar\u00e9 lundi que T\u00e9h\u00e9ran souhaite toujours parvenir \u00e0 une issue n\u00e9goci\u00e9e de son conflit avec Washington.\n<\/p>\n<p>\n Cette recrudescence des tensions au Moyen-Orient, qui survient apr\u00e8s plusieurs semaines d&rsquo;intensification des efforts de Washington pour tenter d&rsquo;affaiblir \u00e9conomiquement T\u00e9h\u00e9ran, p\u00e8se sur les perspectives des \u200bmarch\u00e9s, ces \u00e9v\u00e9nements \u00e9tant susceptibles d&rsquo;inciter les banques centrales \u00e0 poursuivre leur politique de rel\u00e8vement des \u200ctaux directeurs.\n<\/p>\n<p>\n La Banque centrale europ\u00e9enne (BCE) devrait, selon le consensus des \u00e9conomistes, relever ses taux lors de sa r\u00e9union des 9 et 10 septembre.\n<\/p>\n<p>\n Les march\u00e9s ont revu \u00e0 la \u2060hausse la probabilit\u00e9 d&rsquo;une hausse des taux de la Fed en septembre, la portant \u00e0 environ 60% alors qu&rsquo;elle \u00e9tait l\u00e9g\u00e8rement inf\u00e9rieure \u00e0 50% la semaine derni\u00e8re.\n<\/p>\n<p>\n Dans son discours prononc\u00e9 vendredi \u00e0 l&rsquo;occasion du symposium de Jackson Hole, dans le Wyoming, Kevin Warsh, s&rsquo;est montr\u00e9 plus que jamais enclin \u00e0 un resserrement mon\u00e9taire, d\u00e9clarant que la banque centrale avait \u00ab\u00a0du pain sur la planche\u00a0\u00bb pour contenir l&rsquo;inflation.\n<\/p>\n<p>\n En outre, les donn\u00e9es pr\u00e9liminaires publi\u00e9es lundi en d\u00e9but d&rsquo;apr\u00e8s-midi ont montr\u00e9 que l&rsquo;inflation allemande avait acc\u00e9l\u00e9r\u00e9 sur \u2060un an en ao\u00fbt, provoquant des tensions sur \u200cle march\u00e9 obligataire.\n<\/p>\n<p>\n VALEURS\n<\/p>\n<p>\n \u00c0 Paris, Soitec a gagn\u00e9 6,39%, le sp\u00e9cialiste fran\u00e7ais des semi-conducteurs ayant d\u00e9cid\u00e9 d&rsquo;imposer des d\u00e9p\u00f4ts et des prix fixes sur les contrats d&rsquo;approvisionnement, a d\u00e9clar\u00e9 son directeur g\u00e9n\u00e9ral \u00e0 Reuters.\n<\/p>\n<p>\n Le \u2060compartiment \u00e9nerg\u00e9tique europ\u00e9en a pris 0,25% dans le sillage de la reprise des hostilit\u00e9s au Moyen-Orient: TotalEnergies a avanc\u00e9 de 1,15%, tandis que Viridien a bondi de 6,04%.\n<\/p>\n<p>\n \u00c0 WALL STREET\n<\/p>\n<p>\n \u00c0 l&rsquo;heure de la cl\u00f4ture en Europe, Wall Street reste dans le \u200crouge, le Dow Jones perdant 0,58%, le Standard &amp; Poor&rsquo;s 500 reculant de 0,45% et le Nasdaq Composite c\u00e9dant 0,36%.\n<\/p>\n<p>\n LES INDICATEURS DU JOUR\n<\/p>\n<p>\n L&rsquo;inflation allemande calcul\u00e9e selon les normes europ\u00e9ennes (IPCH) a augment\u00e9 de 2,9% en ao\u00fbt sur un \u2060an, selon les donn\u00e9es pr\u00e9liminaires, port\u00e9e par la hausse des prix de l&rsquo;\u00e9nergie li\u00e9e \u00e0 la guerre en Iran, alors que les \u00e9conomistes interrog\u00e9s par Reuters anticipaient +3,1%, \u2060apr\u00e8s une inflation \u00e0 +2,8% en juillet.\n<\/p>\n<p>\n CHANGES\n<\/p>\n<p>\n Le dollar recule toujours p\u00e9nalis\u00e9 \u200cpar le discours prononc\u00e9 vendredi par le pr\u00e9sident de la Fed qui a renforc\u00e9 les paris sur une hausse des taux en septembre.\n<\/p>\n<p>\n Les cambistes attendent d\u00e9sormais les donn\u00e9es relatives \u00e0 l&#8217;emploi et \u00e0 l&rsquo;inflation du mois d&rsquo;ao\u00fbt, qui seront publi\u00e9es en \u200bfin de semaine, afin d&rsquo;y d\u00e9celer d&rsquo;autres signaux sur la probabilit\u00e9 d&rsquo;un resserrement mon\u00e9taire lors de la prochaine r\u00e9union de la Fed.\n<\/p>\n<p>\n Le \u200cbillet vert perd 0,27% face \u00e0 un panier de devises de r\u00e9f\u00e9rence, tandis que l&rsquo;euro gagne 0,27% \u00e0 1,1615 dollar.\n<\/p>\n<p>\n TAUX\n<\/p>\n<p>\n Les rendements europ\u00e9ens des obligations \u00e0 long terme ont atteint leur plus haut niveau depuis pr\u00e8s de 15 ans, dans la continuit\u00e9 de la tendance observ\u00e9e ces derni\u00e8res \u200bsemaines, sous l&rsquo;effet de la hausse des cours du p\u00e9trole et en r\u00e9action aux derni\u00e8res d\u00e9clarations de Kevin Warsh.\n<\/p>\n<p>\n En Allemagne, le rendement du Bund \u00e0 dix ans a pris 0,4 point de base \u00e0 3,3268%, tout comme le deux ans qui s&rsquo;affiche \u00e0 2,9249%.\n<\/p>\n<p>\n En France, le rendement de l&rsquo;OAT \u00e0 dix ans s&rsquo;est octroy\u00e9 0,5 point de base \u00e0 4,1783%, tandis que le deux ans a grappill\u00e9 0,2 point de base \u00e0 3,1192%.\n<\/p>\n<p>\n Aux \u00c9tats-Unis, le rendement des Treasuries \u00e0 dix ans avance \u2060de 3,8 points de base \u00e0 4,7600%, tandis que le deux ans recule de 1,0 point de base, \u00e0 4,3395%.\n<\/p>\n<p>\n P\u00c9TROLE\n<\/p>\n<p>\n Les cours p\u00e9troliers repartent \u00e0 la hausse, apr\u00e8s que la reprise des hostilit\u00e9s entre les \u00c9tats-Unis et l&rsquo;Iran, ce qui a raviv\u00e9 les craintes des march\u00e9s concernant une perturbation de l&rsquo;approvisionnement mondial.\n<\/p>\n<p>\n \u00ab\u00a0Certains barils provenant du Golfe continuent de transiter par le d\u00e9troit (d&rsquo;Ormuz), ce qui temp\u00e8re la remont\u00e9e des cours, mais le premier \u00e9change militaire direct depuis un mois a contraint les op\u00e9rateurs \u00e0 r\u00e9int\u00e9grer une prime d\u2019approvisionnement significative \u00e0 court terme\u00a0\u00bb, ont \u00e9crit les analystes de Gelber &amp; Associates dans une note.\n<\/p>\n<p>\n Le nombre de navires ayant travers\u00e9 le d\u00e9troit d&rsquo;Ormuz au cours du week-end est rest\u00e9 tr\u00e8s bas, \u00e0 cinq par jour, soit une fraction de ce qu&rsquo;\u00e9tait le trafic avant le conflit, en raison de la crainte des armateurs de voir leurs bateaux attaqu\u00e9s, selon des donn\u00e9es publi\u00e9es lundi.\n<\/p>\n<p>\n Le Brent avance de 2,68% \u00e0 90,46 dollars le baril et le brut l\u00e9ger am\u00e9ricain (West Texas Intermediate, \u200bWTI) prend 2,4% \u00e0 85,40 dollars.\n<\/p>\n<p>\n \u00c0 SUIVRE MARDI 1ER SEPTEMBRE :\n<\/p>\n<p>\n (R\u00e9dig\u00e9 par Coralie Lamarque)<\/p>\n","protected":false},"excerpt":{"rendered":"La bourse Euronext, situ\u00e9e dans le quartier d&rsquo;affaires de La D\u00e9fense \u00e0 Paris par Coralie Lamarque Les Bourses&hellip;\n","protected":false},"author":2,"featured_media":1080621,"comment_status":"","ping_status":"","sticky":false,"template":"","format":"standard","meta":{"footnotes":"","_share_on_mastodon":"0"},"categories":[1586],"tags":[400,11,398,408,405,1777,674,1011,27,403,402,399,404,12,25,401,406,407],"class_list":["post-1159491","post","type-post","status-publish","format-standard","has-post-thumbnail","category-europe","tag-action-cac-40","tag-actualites","tag-bourse-de-paris","tag-boursorama","tag-cotations","tag-eu","tag-europe","tag-fr","tag-france","tag-indices-devises","tag-investir","tag-investissement","tag-marche-boursier","tag-news","tag-republique-francaise","tag-sicav","tag-trackers","tag-warrants"],"share_on_mastodon":{"url":"https:\/\/pubeurope.com\/@fr\/117191189464449985","error":""},"_links":{"self":[{"href":"https:\/\/www.europesays.com\/fr\/wp-json\/wp\/v2\/posts\/1159491","targetHints":{"allow":["GET"]}}],"collection":[{"href":"https:\/\/www.europesays.com\/fr\/wp-json\/wp\/v2\/posts"}],"about":[{"href":"https:\/\/www.europesays.com\/fr\/wp-json\/wp\/v2\/types\/post"}],"author":[{"embeddable":true,"href":"https:\/\/www.europesays.com\/fr\/wp-json\/wp\/v2\/users\/2"}],"replies":[{"embeddable":true,"href":"https:\/\/www.europesays.com\/fr\/wp-json\/wp\/v2\/comments?post=1159491"}],"version-history":[{"count":0,"href":"https:\/\/www.europesays.com\/fr\/wp-json\/wp\/v2\/posts\/1159491\/revisions"}],"wp:featuredmedia":[{"embeddable":true,"href":"https:\/\/www.europesays.com\/fr\/wp-json\/wp\/v2\/media\/1080621"}],"wp:attachment":[{"href":"https:\/\/www.europesays.com\/fr\/wp-json\/wp\/v2\/media?parent=1159491"}],"wp:term":[{"taxonomy":"category","embeddable":true,"href":"https:\/\/www.europesays.com\/fr\/wp-json\/wp\/v2\/categories?post=1159491"},{"taxonomy":"post_tag","embeddable":true,"href":"https:\/\/www.europesays.com\/fr\/wp-json\/wp\/v2\/tags?post=1159491"}],"curies":[{"name":"wp","href":"https:\/\/api.w.org\/{rel}","templated":true}]}}