{"id":1159514,"date":"2026-08-31T17:17:18","date_gmt":"2026-08-31T17:17:18","guid":{"rendered":"https:\/\/www.europesays.com\/fr\/1159514\/"},"modified":"2026-08-31T17:17:18","modified_gmt":"2026-08-31T17:17:18","slug":"programme-tv-le-rouge-et-le-noir-lamour-est-dans-le-pre-que-regarder-a-la-tele-ce-soir","status":"publish","type":"post","link":"https:\/\/www.europesays.com\/fr\/1159514\/","title":{"rendered":"Programme TV\u00a0: Le Rouge et le Noir, L\u2019Amour est dans le pr\u00e9\u2026 que regarder \u00e0 la t\u00e9l\u00e9 ce soir ?"},"content":{"rendered":"<p>La s\u00e9rie in\u00e9dite Le Rouge et le Noir est \u00e0 suivre \u00e0 21h10 sur <a href=\"https:\/\/www.france.tv\/\" data-type=\"link\" data-id=\"https:\/\/www.france.tv\/\" rel=\"nofollow noopener\" target=\"_blank\">France 2<\/a><\/p>\n<p class=\"wp-block-paragraph\">En 1828, la monarchie restaur\u00e9e vacille, une nouvelle r\u00e9volution gronde. Dans cette France troubl\u00e9e, Julien Sorel, pauvre fils de charpentier est pr\u00eat \u00e0 tout pour s\u2019\u00e9lever socialement. Malmen\u00e9 dans sa famille, il est prot\u00e9g\u00e9 par l\u2019abb\u00e9 Ch\u00e9lan, qui le recommande au maire de Verri\u00e8res, monsieur de R\u00eanal, comme pr\u00e9cepteur de ses enfants. Il parvient peu \u00e0 peu \u00e0 s\u00e9duire madame de R\u00eanal, une jeune femme belle et na\u00efve\u2026<\/p>\n<p>Que regarder \u00e0 la t\u00e9l\u00e9 ? M6 mise \u00e0 21h10 sur la suite de <a href=\"https:\/\/www.programme-television.org\/news\/tv\/emissions-tele\/lamour-est-dans-le-pre-karine-le-marchand-evoque-la-nouvelle-saison-on-a-innove-dans-les-speed-dating-136373\" data-type=\"post\" data-id=\"136373\" rel=\"nofollow noopener\" target=\"_blank\">L\u2019Amour est dans le pr\u00e9<\/a><\/p>\n<p class=\"wp-block-paragraph\">Parmi les 14 candidats et candidates de cette 21e saison de \u00ab\u00a0L\u2019amour est dans le pr\u00e9\u00a0\u00bb, les deux fr\u00e8res Etienne et Fabien, seront sous le feu des projecteurs. Ces \u00e9leveurs laitier originaires de Normandie cherchent \u00e0 concilier leur activit\u00e9 d\u2019agriculteurs avec une vie de famille \u00e9panouie.<\/p>\n<p>TF1programme \u00e0 21h10, un in\u00e9dit de Camping Paradis<\/p>\n<p class=\"wp-block-paragraph\">Pour le carnaval de Martigues qui se pr\u00e9pare, Xavier et Andr\u00e9 ont command\u00e9 un char de seconde main sur Internet. Sophie et Aur\u00e9lien arrivent au milieu de cette agitation, pour passer leurs vacances avec Amanda, la m\u00e8re de Sophie, et en profiter pour lui annoncer que Sophie est enceinte. Les retrouvailles pourraient \u00eatre tendues, surtout avec l\u2019arriv\u00e9e de Fred, le nouveau compagnon d\u2019Amanda. De son c\u00f4t\u00e9, Audrey est heureuse d\u2019accueillir sa cousine Margot, qui se remet doucement d\u2019une greffe de coeur. Audrey conseille \u00e0 la jeune femme de s\u2019ouvrir aux autres, et notamment \u00e0 Guillaume, son charmant voisin de bungalow, qui ne semble pas indiff\u00e9rent \u00e0 son charme. Monsieur Parizot voit d\u2019un mauvais oeil l\u2019installation, \u00e0 c\u00f4t\u00e9 de sa caravane, de Florence Delacroix, l\u2019avocate de son ex-femme au moment de son divorce\u2026<\/p>\n<p>On ach\u00e8ve cette s\u00e9lection avec, la s\u00e9rie Gomorra : les origines \u00e0 21h10 sur Canal+<\/p>\n<p class=\"wp-block-paragraph\">Lors de la f\u00eate somptueuse donn\u00e9e \u00e0 l\u2019occasion du bapt\u00eame de la fille de Corrado Arena, Angelo d\u00e9fie Don Antonio Villa et en paie le prix fort. Ambitionnant de se lancer dans le trafic d\u2019h\u00e9ro\u00efne, le Saint lui propose dans le dos de son p\u00e8re un march\u00e9 qui pourrait tout arranger, mais qui sortira vraiment gagnant de cette alliance ? De son c\u00f4t\u00e9, Imma est t\u00e9moin d\u2019un acte de violence qui la bouleverse.<\/p>\n","protected":false},"excerpt":{"rendered":"La s\u00e9rie in\u00e9dite Le Rouge et le Noir est \u00e0 suivre \u00e0 21h10 sur France 2 En 1828,&hellip;\n","protected":false},"author":2,"featured_media":1159515,"comment_status":"","ping_status":"","sticky":false,"template":"","format":"standard","meta":{"footnotes":"","_share_on_mastodon":"0"},"categories":[1356],"tags":[58,59,1011,27,252,1364],"class_list":["post-1159514","post","type-post","status-publish","format-standard","has-post-thumbnail","category-television","tag-divertissement","tag-entertainment","tag-fr","tag-france","tag-television","tag-tv"],"share_on_mastodon":{"url":"https:\/\/pubeurope.com\/@fr\/117191262039356763","error":""},"_links":{"self":[{"href":"https:\/\/www.europesays.com\/fr\/wp-json\/wp\/v2\/posts\/1159514","targetHints":{"allow":["GET"]}}],"collection":[{"href":"https:\/\/www.europesays.com\/fr\/wp-json\/wp\/v2\/posts"}],"about":[{"href":"https:\/\/www.europesays.com\/fr\/wp-json\/wp\/v2\/types\/post"}],"author":[{"embeddable":true,"href":"https:\/\/www.europesays.com\/fr\/wp-json\/wp\/v2\/users\/2"}],"replies":[{"embeddable":true,"href":"https:\/\/www.europesays.com\/fr\/wp-json\/wp\/v2\/comments?post=1159514"}],"version-history":[{"count":0,"href":"https:\/\/www.europesays.com\/fr\/wp-json\/wp\/v2\/posts\/1159514\/revisions"}],"wp:featuredmedia":[{"embeddable":true,"href":"https:\/\/www.europesays.com\/fr\/wp-json\/wp\/v2\/media\/1159515"}],"wp:attachment":[{"href":"https:\/\/www.europesays.com\/fr\/wp-json\/wp\/v2\/media?parent=1159514"}],"wp:term":[{"taxonomy":"category","embeddable":true,"href":"https:\/\/www.europesays.com\/fr\/wp-json\/wp\/v2\/categories?post=1159514"},{"taxonomy":"post_tag","embeddable":true,"href":"https:\/\/www.europesays.com\/fr\/wp-json\/wp\/v2\/tags?post=1159514"}],"curies":[{"name":"wp","href":"https:\/\/api.w.org\/{rel}","templated":true}]}}