{"id":1159516,"date":"2026-08-31T17:18:18","date_gmt":"2026-08-31T17:18:18","guid":{"rendered":"https:\/\/www.europesays.com\/fr\/1159516\/"},"modified":"2026-08-31T17:18:18","modified_gmt":"2026-08-31T17:18:18","slug":"chambery-patrick-bruel-au-phare-le-22-octobre-des-associations-demandent-lannulation-de-son-concert-le-dauphine-libere","status":"publish","type":"post","link":"https:\/\/www.europesays.com\/fr\/1159516\/","title":{"rendered":"Chamb\u00e9ry. Patrick Bruel au Phare le 22 octobre : des associations demandent l&#039;annulation de son concert &#8211; Le Dauphin\u00e9 Lib\u00e9r\u00e9"},"content":{"rendered":"<ol>\n<li><a href=\"https:\/\/news.google.com\/rss\/articles\/CBMi5AFBVV95cUxQVFFMMWJpZTcyOGhsRFRSNHI5WjBObFQ0a1JwX29Xa0d2ZlVBSlNkWldxcmZQdDljWG81TjVnVE1MNTZJZkxaZ0NBeEFVWHgzS096V3k3M0RjM3RqTmdQcWVrQ3dHNU9nSDJ6TTBpNFlrV014OEVSX0ZXVjhCS1dyUXl2YndVM0wxajNBcjRzSVJ5YUV1a0xyVzJEeTVYVzhSMnB2SEJfU0lUeVU0QjFzLXNHNVIweEdBcHRNY2JOb0w1SWljQmI3R1EwTnRKcFhiS0Fjbkdqc2JjZWVJTGc1bkZuOXE?oc=5\" target=\"_blank\" rel=\"nofollow noopener\">Chamb\u00e9ry. Patrick Bruel au Phare le 22 octobre : des associations demandent l&rsquo;annulation de son concert<\/a>&nbsp;&nbsp;Le Dauphin\u00e9 Lib\u00e9r\u00e9<\/li>\n<li><a href=\"https:\/\/news.google.com\/rss\/articles\/CBMi2AJBVV95cUxOWkZja1k3NmtrdFdiRnpqSFVocjJ1WW5XWXBpd0k2cnRJSEJZVk4xRkJxV0hSM1p2bWVGTHpfX2t6QW1lcWlpNDFKaHZqQmJlSmlPRGhNU2dVeGhVN0JyQkljTDBGUGF5bjREQU5UOEZJamN3NXdmWnVLaW44SkdjRFZrUS1ENG15MGNMMGZuREhPS1dBNUtWd1RHdEZpQXM1R2Vwd2ttdFJCWWZ3ckVBMHJPM0g5eGdFSGI4S1V1QzBxY2ZheGdnSktyUGN6ZWotUXZxVEx2RHN2dnZCY3c1TkRTdVVJV2xyeFl3S2VrVXYwUWk2ZlJRVmtRS01NSkVJWWpZN24wbVFnV0FwdVF6eHN5WlpKSmFiZG9IVi1LaXB3S2JpbElybVhfUWJnb21VelE4aDBQbmdwdmtPbExEWUdrXzk2bk9MV3Jyd0Q3UDJTT01PSW1XdQ?oc=5\" target=\"_blank\" rel=\"nofollow noopener\">\u00ab\u00a0\u00c7a ne va pas se passer comme \u00e7a\u00a0\u00bb : alors que Patrick Bruel maintient sa tourn\u00e9e, Salon F\u00e9ministe promet plusieurs mobilisations<\/a>&nbsp;&nbsp;France 3 R\u00e9gions<\/li>\n<li><a href=\"https:\/\/news.google.com\/rss\/articles\/CBMi1wFBVV95cUxOLUZQa0w5ZGRXRWlYa2xlc3A1cHlLM2ZxbWVxdllXal9oR2FrU1lMdXh3dzFnSWxQeEVxeTN4QUxPSUpBc0dlWm52d2IzV1djLUUwVndLWkNjdFd4Qkt2MkFoeHBoVXhjTnhkU3hTNEVvSmZfWHpVTzFVX1ZKd2JacWsta3ZCS1libE44YlZVNU4xRXVIMDBzNWh2cWZZbms1cWJGbnQ0V3F6MTlWMmpiYkNZaE9WTjVZZmd6ajRuMl9LMG5WY2JfSV91OWtPSXpBYU9xcTZzdw?oc=5\" target=\"_blank\" rel=\"nofollow noopener\">Saint-\u00c9tienne. Concert de Patrick Bruel en novembre : le maire R\u00e9gis Juanico dit toujours non<\/a>&nbsp;&nbsp;Le Progr\u00e8s<\/li>\n<li><a href=\"https:\/\/news.google.com\/rss\/articles\/CBMiyAFBVV95cUxNV2lJSnIyVUtlU0F0bk41eUlDbS03SXB5cjVvUzlSVV83b2MtMnpCam0tNzd3d3Rzell4THF2MUxsNG9jLXJyUlBqSnYyOUV1cEZteUg1UmxscWphY1U0UXhhLURHRVZWMjltZ3M2SGRCdGNGME9VZFo4OHFCX2VaeFBNS0NSSVpKZU1EV2FBVmF6aFJkYkRmWjZKbkFJZzd6WDhWVzJLOHdGRGJtUzNYRk1FWlpEcXFmRWNwTnZlQ2pRUG9YY1Zacg?oc=5\" target=\"_blank\" rel=\"nofollow noopener\">Le maire de Toulouse s\u2019ent\u00eate dans son refus de d\u00e9noncer la venue de Patrick Bruel<\/a>&nbsp;&nbsp;Mediapart<\/li>\n<li><a href=\"https:\/\/news.google.com\/rss\/articles\/CBMi-gFBVV95cUxPUmZtSlpnek1QcVgyRkpVLVJSblUyVmxOM2R4U1E2cEJBczBKRkk3MjFZb094ZGNXT1p6TDlVWFljSUdYZ2ltdlROZk9YRENIbm5LVXBQbWNaTThfcFQ2R1diTGpZN0hWaU9QY3U4amxST1F6UVpZUDZqZTFXdTlLZlpmaDBfZmxmNHNoSzBnQXJXd094QmcwdjRoWl91dUxJbmFWQ3pobGEtQ09oRWlYNXkyS01FRXpSVUc4M3lmZmMxWmNsTjdnMWFnSFdDekYyRVIzMFBLWmNZOUtKNU1tZk9kWkFwTzRWNGZNLWFDd2YzTTllRTc5UVd3?oc=5\" target=\"_blank\" rel=\"nofollow noopener\">Patrick Bruel maintient ses concerts, une nouvelle voix s\u2019\u00e9l\u00e8ve contre cette d\u00e9cision : \u201cJe ne suis pas du tout d\u2019accord\u201d<\/a>&nbsp;&nbsp;Gala<\/li>\n<\/ol>\n","protected":false},"excerpt":{"rendered":"Chamb\u00e9ry. Patrick Bruel au Phare le 22 octobre : des associations demandent l&rsquo;annulation de son concert&nbsp;&nbsp;Le Dauphin\u00e9 Lib\u00e9r\u00e9&hellip;\n","protected":false},"author":2,"featured_media":1159517,"comment_status":"","ping_status":"","sticky":false,"template":"","format":"standard","meta":{"footnotes":"","_share_on_mastodon":"0"},"categories":[1355],"tags":[7002,7004,5509,58,7001,7003,59,274,1011,27,1361,873,17015,104],"class_list":["post-1159516","post","type-post","status-publish","format-standard","has-post-thumbnail","category-musique","tag-aix-les-bains","tag-albertville","tag-chambery","tag-divertissement","tag-edition-chambery-aix-les-bains","tag-edition-tarentaise-maurienne","tag-entertainment","tag-faits-divers-justice","tag-fr","tag-france","tag-music","tag-musique","tag-saint-jean-de-maurienne","tag-societe"],"share_on_mastodon":{"url":"https:\/\/pubeurope.com\/@fr\/117191266114942267","error":""},"_links":{"self":[{"href":"https:\/\/www.europesays.com\/fr\/wp-json\/wp\/v2\/posts\/1159516","targetHints":{"allow":["GET"]}}],"collection":[{"href":"https:\/\/www.europesays.com\/fr\/wp-json\/wp\/v2\/posts"}],"about":[{"href":"https:\/\/www.europesays.com\/fr\/wp-json\/wp\/v2\/types\/post"}],"author":[{"embeddable":true,"href":"https:\/\/www.europesays.com\/fr\/wp-json\/wp\/v2\/users\/2"}],"replies":[{"embeddable":true,"href":"https:\/\/www.europesays.com\/fr\/wp-json\/wp\/v2\/comments?post=1159516"}],"version-history":[{"count":0,"href":"https:\/\/www.europesays.com\/fr\/wp-json\/wp\/v2\/posts\/1159516\/revisions"}],"wp:featuredmedia":[{"embeddable":true,"href":"https:\/\/www.europesays.com\/fr\/wp-json\/wp\/v2\/media\/1159517"}],"wp:attachment":[{"href":"https:\/\/www.europesays.com\/fr\/wp-json\/wp\/v2\/media?parent=1159516"}],"wp:term":[{"taxonomy":"category","embeddable":true,"href":"https:\/\/www.europesays.com\/fr\/wp-json\/wp\/v2\/categories?post=1159516"},{"taxonomy":"post_tag","embeddable":true,"href":"https:\/\/www.europesays.com\/fr\/wp-json\/wp\/v2\/tags?post=1159516"}],"curies":[{"name":"wp","href":"https:\/\/api.w.org\/{rel}","templated":true}]}}