{"id":1159524,"date":"2026-08-31T17:24:19","date_gmt":"2026-08-31T17:24:19","guid":{"rendered":"https:\/\/www.europesays.com\/fr\/1159524\/"},"modified":"2026-08-31T17:24:19","modified_gmt":"2026-08-31T17:24:19","slug":"vous-preferez-toujours-whatsapp-aux-appels-les-psychologues-expliquent-ce-qui-se-cache-reellement-derriere-cette-habitude","status":"publish","type":"post","link":"https:\/\/www.europesays.com\/fr\/1159524\/","title":{"rendered":"Vous pr\u00e9f\u00e9rez toujours WhatsApp aux appels ? Les psychologues expliquent ce qui se cache r\u00e9ellement derri\u00e8re cette habitude"},"content":{"rendered":"<p>Votre t\u00e9l\u00e9phone sonne, vous laissez filer, puis vous \u00e9crivez sur <strong>WhatsApp<\/strong> : \u00ab\u00a0Tu m\u2019as appel\u00e9 ?\u00a0\u00bb. Cette sc\u00e8ne se r\u00e9p\u00e8te partout, des ados de la <strong>G\u00e9n\u00e9ration Z<\/strong> aux parents connect\u00e9s, au point que le message \u00e9crit semble avoir d\u00e9tr\u00f4n\u00e9 l\u2019appel classique.<\/p>\n<p>Faut-il y voir un signe d\u2019asocialit\u00e9 ou de paresse ? Les psychologues sp\u00e9cialis\u00e9s en communication num\u00e9rique r\u00e9pondent plut\u00f4t que <a href=\"https:\/\/www.lacremedugaming.fr\/high-tech\/vous-ne-publiez-jamais-de-statuts-whatsapp-selon-des-psychologues-cela-pourrait-reveler-un-trait-particulier-de-votre-personnalite-223245.html\" rel=\"nofollow noopener\" target=\"_blank\">ce r\u00e9flexe est un bouclier mental<\/a>. Comprendre ce qui se joue derri\u00e8re ce \u00ab\u00a0Je t\u2019\u00e9cris plut\u00f4t\u00a0\u00bb permet aussi de mieux g\u00e9rer ses relations au quotidien.<\/p>\n<p> Pr\u00e9f\u00e9rer <strong>WhatsApp<\/strong> aux appels, est-ce vraiment un probl\u00e8me de caract\u00e8re ? <\/p>\n<p>Selon <strong>Doctissimo<\/strong>, bas\u00e9 sur une enqu\u00eate <strong>YouGov<\/strong>, \u00ab\u00a04 personnes sur 10 pr\u00e9f\u00e8rent les SMS aux appels et filtrent massivement leurs coups de fil\u00a0\u00bb en <strong>France<\/strong>. Chez les 18-24 ans, environ la moiti\u00e9 choisit presque toujours le texto. Autrement dit, votre pr\u00e9f\u00e9rence pour les messages vous place dans la majorit\u00e9, pas dans une marginalit\u00e9 sociale.<\/p>\n<p>Les chercheurs en psychologie des m\u00e9dias expliquent que ce choix traduit surtout une mani\u00e8re de prot\u00e9ger sa charge mentale. Un appel impose de r\u00e9pondre en temps r\u00e9el, souvent au milieu d\u2019une autre t\u00e2che. Le message <strong>WhatsApp<\/strong> laisse, lui, la libert\u00e9 de lire, de r\u00e9fl\u00e9chir puis de r\u00e9pondre au bon moment.<\/p>\n<p> Que se passe-t-il dans votre cerveau quand vous refusez d\u2019appeler ? <\/p>\n<p>Un appel t\u00e9l\u00e9phonique mobilise plusieurs actions simultan\u00e9es : \u00e9couter, m\u00e9moriser, planifier la r\u00e9ponse, la formuler et l\u2019\u00e9noncer clairement, tout en g\u00e9rant les silences. Comme le rappellent <strong>Sain-et-Naturel<\/strong> et <strong>Ouest-France<\/strong>, cette superposition sollicite fortement la m\u00e9moire de travail et augmente la fatigue, surtout chez les personnes d\u00e9j\u00e0 stress\u00e9es.<\/p>\n<p>A l\u2019\u00e9crit, chaque \u00e9tape est espac\u00e9e : vous lisez, posez le t\u00e9l\u00e9phone, r\u00e9pondez quand votre cerveau est disponible. Cette communication asynchrone r\u00e9duit la pression de performance et rassure particuli\u00e8rement les personnes introverties ou sujettes \u00e0 l\u2019anxi\u00e9t\u00e9 sociale, qui d\u00e9clarent souvent se sentir plus \u00e0 l\u2019aise \u00e0 l\u2019\u00e9crit qu\u2019en vocal.<\/p>\n<p> Pr\u00e9f\u00e9rence <strong>WhatsApp<\/strong> : comment la garder saine sans tomber dans la t\u00e9l\u00e9phonophobie ? <\/p>\n<p>La simple pr\u00e9f\u00e9rence pour les messages n\u2019est pas un trouble, mais elle peut glisser vers la <strong>t\u00e9l\u00e9phonophobie<\/strong> quand vous n\u2019arrivez plus \u00e0 appeler pour un rendez-vous m\u00e9dical, un entretien ou une urgence. <strong>Doctissimo<\/strong> d\u00e9crit des personnes qui ressentent une forte angoisse, voire des sympt\u00f4mes physiques, rien qu\u2019en voyant un num\u00e9ro inconnu.<\/p>\n<p><a href=\"https:\/\/www.lacremedugaming.fr\/actus\/selon-la-psychologie-les-personnes-qui-evitent-les-messages-vocaux-sur-whatsapp-sont-a-la-fois-anxieuses-et-introverties-219492.html\" rel=\"nofollow noopener\" target=\"_blank\">Les sp\u00e9cialistes conseillent<\/a> alors d\u2019en parler \u00e0 un professionnel et de r\u00e9introduire progressivement quelques appels cibl\u00e9s : m\u00e9decin, proche de confiance, d\u00e9marches administratives. Pour le reste, garder <strong>WhatsApp<\/strong> comme canal principal peut rester une bonne strat\u00e9gie d\u2019hygi\u00e8ne mentale, \u00e0 condition d\u2019expliquer vos pr\u00e9f\u00e9rences \u00e0 vos proches pour \u00e9viter les malentendus.<\/p>\n","protected":false},"excerpt":{"rendered":"Votre t\u00e9l\u00e9phone sonne, vous laissez filer, puis vous \u00e9crivez sur WhatsApp : \u00ab\u00a0Tu m\u2019as appel\u00e9 ?\u00a0\u00bb. Cette sc\u00e8ne&hellip;\n","protected":false},"author":2,"featured_media":1159525,"comment_status":"","ping_status":"","sticky":false,"template":"","format":"standard","meta":{"footnotes":"","_share_on_mastodon":"0"},"categories":[7],"tags":[1011,27,43,40,41,39,42,44],"class_list":["post-1159524","post","type-post","status-publish","format-standard","has-post-thumbnail","category-sciences-et-technologies","tag-fr","tag-france","tag-science","tag-science-and-technology","tag-sciences","tag-sciences-et-technologies","tag-technologies","tag-technology"],"share_on_mastodon":{"url":"https:\/\/pubeurope.com\/@fr\/117191289675071299","error":""},"_links":{"self":[{"href":"https:\/\/www.europesays.com\/fr\/wp-json\/wp\/v2\/posts\/1159524","targetHints":{"allow":["GET"]}}],"collection":[{"href":"https:\/\/www.europesays.com\/fr\/wp-json\/wp\/v2\/posts"}],"about":[{"href":"https:\/\/www.europesays.com\/fr\/wp-json\/wp\/v2\/types\/post"}],"author":[{"embeddable":true,"href":"https:\/\/www.europesays.com\/fr\/wp-json\/wp\/v2\/users\/2"}],"replies":[{"embeddable":true,"href":"https:\/\/www.europesays.com\/fr\/wp-json\/wp\/v2\/comments?post=1159524"}],"version-history":[{"count":0,"href":"https:\/\/www.europesays.com\/fr\/wp-json\/wp\/v2\/posts\/1159524\/revisions"}],"wp:featuredmedia":[{"embeddable":true,"href":"https:\/\/www.europesays.com\/fr\/wp-json\/wp\/v2\/media\/1159525"}],"wp:attachment":[{"href":"https:\/\/www.europesays.com\/fr\/wp-json\/wp\/v2\/media?parent=1159524"}],"wp:term":[{"taxonomy":"category","embeddable":true,"href":"https:\/\/www.europesays.com\/fr\/wp-json\/wp\/v2\/categories?post=1159524"},{"taxonomy":"post_tag","embeddable":true,"href":"https:\/\/www.europesays.com\/fr\/wp-json\/wp\/v2\/tags?post=1159524"}],"curies":[{"name":"wp","href":"https:\/\/api.w.org\/{rel}","templated":true}]}}