{"id":1159530,"date":"2026-08-31T17:27:17","date_gmt":"2026-08-31T17:27:17","guid":{"rendered":"https:\/\/www.europesays.com\/fr\/1159530\/"},"modified":"2026-08-31T17:27:17","modified_gmt":"2026-08-31T17:27:17","slug":"voisin-soupconne-de-vol-relaxe-procedure-demesuree-a-marseille-laffaire-delogu-continue-de-faire-couler-beaucoup-lencre","status":"publish","type":"post","link":"https:\/\/www.europesays.com\/fr\/1159530\/","title":{"rendered":"Voisin soup\u00e7onn\u00e9 de vol relax\u00e9, proc\u00e9dure \u00ab\u00a0d\u00e9mesur\u00e9e\u00a0\u00bb\u00a0: \u00e0 Marseille, l\u2019affaire Delogu continue de faire couler beaucoup l\u2019encre"},"content":{"rendered":"<p>\n    Le d\u00e9put\u00e9 LFI a d\u00e9fray\u00e9 la chronique en d\u00e9but de semaine derni\u00e8re \u00e0 la suite du d\u00e9p\u00f4t de plainte de trois policiers qui l\u2019accusent d\u2019outrage. L\u2019\u00e9lu, renvoy\u00e9 devant le tribunal correctionnel, a d\u00e9nonc\u00e9 une \u00ab\u00a0campagne m\u00e9diatique de d\u00e9nigrement\u00a0\u00bb.<\/p>\n<p class=\"fig-paragraph\"><a href=\"http:\/\/www.lefigaro.fr\/marseille\/convocation-pour-outrage-plaintes-croisees-ce-que-l-on-sait-apres-la-garde-a-vue-du-depute-lfi-sebastien-delogu-20260828\" data-fig-type=\"NewsFlash\" data-gtm-custom-categorie=\"navigation\" data-gtm-custom-action=\"crossclick\" data-gtm-custom-label=\"Contextuel\" data-gtm-event=\"customEventSPE\" data-fig-domain=\"LEFIGARO\" rel=\"nofollow noopener\" target=\"_blank\">S\u00e9bastien Delogu<\/a>\u00a0continue de faire parler de lui \u00e0 Marseille comme bien au-del\u00e0. Cinq mois apr\u00e8s la fin d\u2019une campagne municipale phoc\u00e9enne qui l\u2019avait vu \u00e9chouer au pied du podium et\u00a0<a href=\"http:\/\/www.lefigaro.fr\/marseille\/municipales-a-marseille-le-retrait-de-sebastien-delogu-conforte-benoit-payan-20260317\" data-fig-type=\"NewsFlash\" data-gtm-custom-categorie=\"navigation\" data-gtm-custom-action=\"crossclick\" data-gtm-custom-label=\"Contextuel\" data-gtm-event=\"customEventSPE\" data-fig-domain=\"LEFIGARO\" rel=\"nofollow noopener\" target=\"_blank\">se retirer de la course \u00e0 l\u2019h\u00f4tel de Ville<\/a>\u00a0au second tour du scrutin, le d\u00e9put\u00e9 LFI des Bouches-du-Rh\u00f4ne continue d\u2019occuper le devant de la sc\u00e8ne, cette fois sur le plan judiciaire.<\/p>\n<p class=\"fig-paragraph\">La semaine derni\u00e8re, l\u2019\u00e9lu a d\u00e9fray\u00e9 la chronique \u00e0 la suite du d\u00e9p\u00f4t de plainte \u00e9manant de trois policiers marseillais du Service interd\u00e9partemental de s\u00e9curisation des transports (SISTC\u00a013). Les agents \u00e9taient intervenus lundi apr\u00e8s-midi pr\u00e8s de son domicile pour tenter de retrouver un individu, voisin du d\u00e9put\u00e9, soup\u00e7onn\u00e9 d\u2019\u00eatre le voleur d\u2019une montre de luxe et recherch\u00e9 sur instruction d\u2019un officier de police judiciaire.<\/p>\n<p class=\"fig-paragraph\">Selon le rapport d\u2019intervention et la plainte des policiers\u00a0<a href=\"http:\/\/www.lefigaro.fr\/marseille\/je-suis-elu-de-la-republique-vous-savez-qui-je-suis-ce-que-contient-la-plainte-des-policiers-contre-sebastien-delogu-20260826\" data-fig-type=\"NewsFlash\" data-gtm-custom-categorie=\"navigation\" data-gtm-custom-action=\"crossclick\" data-gtm-custom-label=\"Contextuel\" data-gtm-event=\"customEventSPE\" data-fig-domain=\"LEFIGARO\" rel=\"nofollow noopener\" target=\"_blank\">que Le Figaro a pu consulter<\/a>, les forces de l\u2019ordre se sont rendues \u00e0 deux reprises au dernier domicile connu du suspect. C\u2019est lors de leur seconde\u2026<\/p>\n<p class=\"fig-premium-paywall__infos\">\n        Cet article est r\u00e9serv\u00e9 aux abonn\u00e9s.        Il vous reste 85% \u00e0 d\u00e9couvrir.\n    <\/p>\n<p>                <img  data- alt=\"Le Figaro\" class=\"fig-img--complete fig-img\"\/><\/p>\n<p class=\"fig-premium-paywall__title\">Vous avez envie de lire la suite ?<\/p>\n<p class=\"fig-premium-paywall__subtitle\">D\u00e9bloquez tous les articles imm\u00e9diatement.<\/p>\n<p class=\"fig-premium-paywall__connect\">\n                D\u00e9j\u00e0 abonn\u00e9\u00a0?                <a class=\"fig-premium-paywall__connect-link\" href=\"https:\/\/connect.lefigaro.fr\/login?client=horizon_web&amp;type=main&amp;redirect_uri=https%3A%2F%2Fwww.lefigaro.fr%2Fmarseille%2Fvoisin-soupconne-de-vol-relaxe-procedure-demesuree-a-marseille-l-affaire-delogu-continue-de-faire-couler-beaucoup-l-encre-20260831\" data-js-gtm=\"{&quot;event&quot;:&quot;customEventGA4&quot;,&quot;eventName&quot;:&quot;click_action&quot;,&quot;feature&quot;:&quot;paywall&quot;,&quot;location&quot;:&quot;paywall&quot;,&quot;button_action&quot;:&quot;connect&quot;,&quot;click_text&quot;:&quot;Connectez-vous&quot;}\" rel=\"nofollow noopener\" target=\"_blank\"><br \/>\n                    Connectez-vous<br \/>\n                <\/a>\n            <\/p>\n","protected":false},"excerpt":{"rendered":"Le d\u00e9put\u00e9 LFI a d\u00e9fray\u00e9 la chronique en d\u00e9but de semaine derni\u00e8re \u00e0 la suite du d\u00e9p\u00f4t de&hellip;\n","protected":false},"author":2,"featured_media":1159531,"comment_status":"","ping_status":"","sticky":false,"template":"","format":"standard","meta":{"footnotes":"","_share_on_mastodon":"0"},"categories":[4],"tags":[11,1011,27,12,88634,6890,25,10338],"class_list":["post-1159530","post","type-post","status-publish","format-standard","has-post-thumbnail","category-france","tag-actualites","tag-fr","tag-france","tag-news","tag-outrage","tag-policiers","tag-republique-francaise","tag-sebastien-delogu"],"share_on_mastodon":{"url":"https:\/\/pubeurope.com\/@fr\/117191301421433179","error":""},"_links":{"self":[{"href":"https:\/\/www.europesays.com\/fr\/wp-json\/wp\/v2\/posts\/1159530","targetHints":{"allow":["GET"]}}],"collection":[{"href":"https:\/\/www.europesays.com\/fr\/wp-json\/wp\/v2\/posts"}],"about":[{"href":"https:\/\/www.europesays.com\/fr\/wp-json\/wp\/v2\/types\/post"}],"author":[{"embeddable":true,"href":"https:\/\/www.europesays.com\/fr\/wp-json\/wp\/v2\/users\/2"}],"replies":[{"embeddable":true,"href":"https:\/\/www.europesays.com\/fr\/wp-json\/wp\/v2\/comments?post=1159530"}],"version-history":[{"count":0,"href":"https:\/\/www.europesays.com\/fr\/wp-json\/wp\/v2\/posts\/1159530\/revisions"}],"wp:featuredmedia":[{"embeddable":true,"href":"https:\/\/www.europesays.com\/fr\/wp-json\/wp\/v2\/media\/1159531"}],"wp:attachment":[{"href":"https:\/\/www.europesays.com\/fr\/wp-json\/wp\/v2\/media?parent=1159530"}],"wp:term":[{"taxonomy":"category","embeddable":true,"href":"https:\/\/www.europesays.com\/fr\/wp-json\/wp\/v2\/categories?post=1159530"},{"taxonomy":"post_tag","embeddable":true,"href":"https:\/\/www.europesays.com\/fr\/wp-json\/wp\/v2\/tags?post=1159530"}],"curies":[{"name":"wp","href":"https:\/\/api.w.org\/{rel}","templated":true}]}}