{"id":1159538,"date":"2026-08-31T17:33:18","date_gmt":"2026-08-31T17:33:18","guid":{"rendered":"https:\/\/www.europesays.com\/fr\/1159538\/"},"modified":"2026-08-31T17:33:18","modified_gmt":"2026-08-31T17:33:18","slug":"lorraine-rentree-dans-lacademie-nancy-metz-7-000-eleves-de-moins-attendus-dans-les-classes-a-partir-de-ce-mardi","status":"publish","type":"post","link":"https:\/\/www.europesays.com\/fr\/1159538\/","title":{"rendered":"Lorraine. Rentr\u00e9e dans l\u2019acad\u00e9mie Nancy-Metz\u00a0: 7\u00a0000 \u00e9l\u00e8ves de moins attendus dans les classes \u00e0 partir de ce mardi"},"content":{"rendered":"<p>La projection pr\u00e9cise des services du rectorat, qui sera affin\u00e9e \u00e0 la faveur des comptages de rentr\u00e9e, fait \u00e9tat de 360\u00a0099 \u00e9coliers, coll\u00e9giens et lyc\u00e9ens attendus ce\u00a0mardi 1er \u00a0septembre dans les classes pour la rentr\u00e9e scolaire cette ann\u00e9e dans l\u2019acad\u00e9mie Nancy-Metz. Un\u00a0total en retrait de quelque 7\u00a0000 \u00e9l\u00e8ves par rapport \u00e0 2025 qui se d\u00e9compose en 182\u00a0538 \u00e9l\u00e8ves dans le premier degr\u00e9 et 177\u00a0561 dans le second degr\u00e9 dont 105\u00a0275 coll\u00e9giens et 72\u00a0286 lyc\u00e9ens parmi lesquels 24\u00a0918 attendus en lyc\u00e9es professionnels.<\/p>\n<p>Ces quelque 360\u00a0000 \u00e9l\u00e8ves seront r\u00e9partis au sein des 2\u00a0271 \u00e9tablissements (publics et priv\u00e9s sous contrat) lorrains, soit 1\u00a0870 \u00e9coles primaires, 255 coll\u00e8ges et 143 lyc\u00e9es dont 55 lyc\u00e9es professionnels et 3 \u00e9tablissements r\u00e9gionaux d\u2019enseignement adapt\u00e9 (EREA) destin\u00e9s \u00e0 accueillir des \u00e9l\u00e8ves \u00e0 besoins sp\u00e9cifiques. Face \u00e0 eux, 29\u00a0186 professeurs r\u00e9partis dans les premier et second degr\u00e9s. Ce qui donne un enseignant pour 21 \u00e9l\u00e8ves dans le premier degr\u00e9 et des taux d\u2019encadrement (ou P\/E, soit le nombre total de postes rapport\u00e9 au nombre d\u2019\u00e9l\u00e8ves fois 100) de 1,27 en coll\u00e8ge ainsi qu\u2019au sein des lyc\u00e9es g\u00e9n\u00e9raux et technologiques. Il est de 2,01 dans les lyc\u00e9es professionnels.<\/p>\n<p>  R\u00e9sultats aux examens en recul<\/p>\n<p>Pour m\u00e9moire, les chiffres consolid\u00e9s des r\u00e9sultats <a href=\"https:\/\/www.republicain-lorrain.fr\/education\/2025\/09\/01\/rentree-dans-l-academie-nancy-metz-copie-satisfaisante\" target=\"_blank\" rel=\"nofollow noopener\">aux examens 2025<\/a> montrent un taux de r\u00e9ussite de 81,1\u00a0% au dipl\u00f4me national du brevet (DNB) en retrait de 3,4\u00a0% par rapport \u00e0 2025 et de 91,9\u00a0% pour le baccalaur\u00e9at, toutes s\u00e9ries confondues, en l\u00e9g\u00e8re baisse par rapport \u00e0 l\u2019ann\u00e9e pr\u00e9c\u00e9dente o\u00f9 le taux d\u00e9finitif \u00e9tait de 92,6\u00a0%.<\/p>\n<p>Ce qui donne, <a href=\"https:\/\/www.republicain-lorrain.fr\/education\/2026\/07\/11\/parcoursup-plus-de-126-000-candidats-sont-toujours-sans-place-pour-la-rentree\" target=\"_blank\" rel=\"nofollow noopener\">pour la\u00a0campagne<\/a> <a href=\"https:\/\/www.estrepublicain.fr\/p\/parcoursup\" target=\"_blank\" rel=\"nofollow noopener\">Parcoursup<\/a> 2026\u00a0: 28\u00a0128 candidats de <a href=\"https:\/\/www.republicain-lorrain.fr\/education\/2026\/08\/23\/jours-feries-vacances-rentree-toutes-les-dates-cles-du-calendrier-scolaire-2026-2027\" target=\"_blank\" rel=\"nofollow noopener\">l\u2019acad\u00e9mie de Nancy-Metz<\/a> ayant confirm\u00e9 au moins un v\u0153u sur la plateforme <a href=\"https:\/\/www.republicain-lorrain.fr\/education\/2026\/08\/28\/pierre-francois-mourier-recteur-de-l-academie-nancy-metz-les-reseaux-sociaux-sont-des-armes-a-decerebrer\" target=\"_blank\" rel=\"nofollow noopener\">cette ann\u00e9e<\/a> contre 27\u00a0267 en 2025. Parmi eux, on d\u00e9compte 19\u00a0136 \u00e9l\u00e8ves de Terminale, contre 19\u00a0224 l\u2019ann\u00e9e derni\u00e8re auxquels il faut ajouter 5\u00a0939 candidats en r\u00e9orientation contre 5\u00a0590 en 2025.<\/p>\n","protected":false},"excerpt":{"rendered":"La projection pr\u00e9cise des services du rectorat, qui sera affin\u00e9e \u00e0 la faveur des comptages de rentr\u00e9e, fait&hellip;\n","protected":false},"author":2,"featured_media":1159539,"comment_status":"","ping_status":"","sticky":false,"template":"","format":"standard","meta":{"footnotes":"","_share_on_mastodon":"0"},"categories":[9635],"tags":[1111,11,3599,1057,4854,1777,674,10961,5016,1011,27,5325,775,10425,1702,12,3456,25,133],"class_list":["post-1159538","post","type-post","status-publish","format-standard","has-post-thumbnail","category-nancy","tag-actu","tag-actualites","tag-college-lycee","tag-education","tag-enseignement-superieur","tag-eu","tag-europe","tag-examen-diplome","tag-formation-orientation","tag-fr","tag-france","tag-galerie-media","tag-grand-est","tag-maternelle-elementaire","tag-nancy","tag-news","tag-region-lorraine","tag-republique-francaise","tag-video"],"share_on_mastodon":{"url":"","error":""},"_links":{"self":[{"href":"https:\/\/www.europesays.com\/fr\/wp-json\/wp\/v2\/posts\/1159538","targetHints":{"allow":["GET"]}}],"collection":[{"href":"https:\/\/www.europesays.com\/fr\/wp-json\/wp\/v2\/posts"}],"about":[{"href":"https:\/\/www.europesays.com\/fr\/wp-json\/wp\/v2\/types\/post"}],"author":[{"embeddable":true,"href":"https:\/\/www.europesays.com\/fr\/wp-json\/wp\/v2\/users\/2"}],"replies":[{"embeddable":true,"href":"https:\/\/www.europesays.com\/fr\/wp-json\/wp\/v2\/comments?post=1159538"}],"version-history":[{"count":0,"href":"https:\/\/www.europesays.com\/fr\/wp-json\/wp\/v2\/posts\/1159538\/revisions"}],"wp:featuredmedia":[{"embeddable":true,"href":"https:\/\/www.europesays.com\/fr\/wp-json\/wp\/v2\/media\/1159539"}],"wp:attachment":[{"href":"https:\/\/www.europesays.com\/fr\/wp-json\/wp\/v2\/media?parent=1159538"}],"wp:term":[{"taxonomy":"category","embeddable":true,"href":"https:\/\/www.europesays.com\/fr\/wp-json\/wp\/v2\/categories?post=1159538"},{"taxonomy":"post_tag","embeddable":true,"href":"https:\/\/www.europesays.com\/fr\/wp-json\/wp\/v2\/tags?post=1159538"}],"curies":[{"name":"wp","href":"https:\/\/api.w.org\/{rel}","templated":true}]}}