{"id":1159545,"date":"2026-08-31T17:39:31","date_gmt":"2026-08-31T17:39:31","guid":{"rendered":"https:\/\/www.europesays.com\/fr\/1159545\/"},"modified":"2026-08-31T17:39:31","modified_gmt":"2026-08-31T17:39:31","slug":"mer-brulante-episodes-cevenols-montpellier-anticipe-le-risque-pluie-inondation-et-vous","status":"publish","type":"post","link":"https:\/\/www.europesays.com\/fr\/1159545\/","title":{"rendered":"Mer br\u00fblante, \u00e9pisodes c\u00e9venols : Montpellier anticipe le risque pluie-inondation. Et vous\u00a0?"},"content":{"rendered":"<p>                    Par<br \/>\n        <strong><br \/>\n            <a href=\"https:\/\/actu.fr\/auteur\/g-martin\" title=\"Consulter tous les articles de Gil Martin\" rel=\"nofollow noopener\" target=\"_blank\">Gil Martin<\/a><br \/>\n                    <\/strong><\/p>\n<p>        Publi\u00e9 le<\/p>\n<p>            31 ao\u00fbt 2026 \u00e0 18h33        <\/p>\n<p>Apr\u00e8s un \u00e9t\u00e9 <strong>particuli\u00e8rement long et anormalement br\u00fblant<\/strong>, ponctu\u00e9 de plusieurs \u00e9pisodes caniculaires et la <a href=\"https:\/\/actu.fr\/meteo\/46-maisons-touchees-deux-blesses-180-interventions-le-bilan-au-lendemain-des-violents-orages-dans-l-herault_64702123.html\" rel=\"nofollow noopener\" target=\"_blank\">temp\u00eate du 24 ao\u00fbt qui a endommag\u00e9 500 arbres,<\/a> dont 200 ont \u00e9t\u00e9 d\u00e9racin\u00e9s sur le seul espace public, la Ville de Montpellier se pr\u00e9pare pour une fin d\u2019\u00e9t\u00e9 et surtout un automne de tous les dangers.<\/p>\n<p>Cette ann\u00e9e, des risques climatiques \u00e9lev\u00e9s<\/p>\n<p class=\" wall-content\">Comme le confirme <a href=\"https:\/\/actu.fr\/occitanie\/montpellier_34172\/montpellier-oh-rage-pour-alix-roumagnac-l-automne-risque-d-etre-violent_61551846.html\" rel=\"nofollow noopener\" target=\"_blank\">Alix Roumagnac, fondateur et pr\u00e9sident de Predict Service<\/a>, l\u2019entreprise montpelli\u00e9raine sp\u00e9cialiste mondial dans la pr\u00e9vision des risques m\u00e9t\u00e9orologiques extr\u00eames, les risques d\u2019\u00e9pisodes orageux violents (<strong>\u00e9pisodes m\u00e9diterran\u00e9ens ou c\u00e9venols<\/strong>) sont <strong>tr\u00e8s \u00e9lev\u00e9s<\/strong> cette ann\u00e9e.<\/p>\n<p>Fin de l\u2019\u00e9t\u00e9\/automne, la saison du risque inondation<\/p>\n<p class=\" wall-content\">\u00ab\u00a0Nous entrons en effet <strong>dans la saison du risque inondation<\/strong>. Cette ann\u00e9e est \u00e0 prendre encore tr\u00e8s, tr\u00e8s au s\u00e9rieux car la M\u00e9diterran\u00e9e bat des <strong>records de chaleur<\/strong>, g\u00e9n\u00e9rant une tr\u00e8s importante \u00e9vaporation \u00bb, explique l\u2019expert du climat : \u00ab Cette vapeur d\u2019eau, c\u2019est le carburant qui permet ensuite aux diverses d\u00e9pressions, cr\u00e9\u00e9es par la remont\u00e9e de l\u2019anticyclone des A\u00e7ores depuis l\u2019h\u00e9misph\u00e8re sud, de fabriquer des \u00e9pisodes m\u00e9diterran\u00e9ens ou c\u00e9venols \u00bb.<\/p>\n<p>La M\u00e9diterran\u00e9e encore tr\u00e8s et trop chaude<\/p>\n<p class=\" wall-content\">Pour Alix Roumagnac, \u00ab Nous sommes actuellement dans une situation propice \u00e0 la cr\u00e9ation de <strong>conditions m\u00e9t\u00e9orologiques redoutables<\/strong> \u00bb. La loi de la physique est incontournable : toutes ces masses d\u2019eau gigantesques qui montent vont finir par retomber\u2026 O\u00f9 ? R\u00e9cemment, les d\u00e9luges qui ont frapp\u00e9 et ravag\u00e9 la vall\u00e9e de la Roya (Alpes Maritimes) en 2020, la Libye en 2023 (plus de 20 000 morts) et Valencia en 2024 (237 victimes) sont les cons\u00e9quences de ces \u00e9pisodes climatiques violents li\u00e9s au r\u00e9chauffement de la M\u00e9diterran\u00e9e.<\/p>\n<p>    <img   decoding=\"async\" loading=\"lazy\" src=\"https:\/\/www.europesays.com\/fr\/wp-content\/uploads\/2026\/08\/photo-mairie-2-960x640.jpeg\" alt=\"Le maire de Montpellier assure que la Ville est pr\u00eate \u00e0 r\u00e9agir en cas d'alerte et encourage les Montpelli\u00e9rains \u00e0 s'inscrire \u00e0 la t\u00e9l\u00e9-alerte\" width=\"960\" height=\"640\"\/><br \/>\n    Le maire de Montpellier assure que la Ville est pr\u00eate \u00e0 r\u00e9agir en cas d\u2019alerte et encourage les Montpelli\u00e9rains \u00e0 s\u2019inscrire \u00e0 la t\u00e9l\u00e9-alerte (\u00a9G.M\/M\u00e9tropolitain)Vid\u00e9os : en ce moment sur Actu<\/p>\n<blockquote class=\"ac-article-quote wall-content\">\n<p>\u00ab\u00a0Nous ne pouvons pas savoir pr\u00e9cis\u00e9ment comment la m\u00e9t\u00e9o va \u00e9voluer, et notre intention n&rsquo;est pas de faire peur&#8230; Mais les conditions sont r\u00e9unies pour que nous soyons impact\u00e9s par des \u00e9pisodes violents, nous devons nous pr\u00e9parer\u00a0\u00bb<\/p>\n<p>    <strong>Micha\u00ebl Delafosse<\/strong><br \/>\n        maire de Montpellier    <\/p><\/blockquote>\n<p class=\" wall-content\">A Montpellier, <strong>on ne badine pas avec le risque inondation<\/strong>, et ce lundi 31 ao\u00fbt 2026, au c\u0153ur du PC s\u00e9curit\u00e9 de l\u2019H\u00f4tel de Ville, <strong>Micha\u00ebl Delafosse<\/strong> entour\u00e9 d\u2019autres \u00e9lus montpelli\u00e9rains (S\u00e9bastien Cote, Manu Reynaud et St\u00e9phane Jouault) et d\u2019Alix Roumagnac a tenu \u00e0 faire le point sur la situation, confirmant les craintes et rappelant que la collectivit\u00e9 est par\u00e9e, pr\u00eate \u00e0 d\u2019activer son <strong>Plan Communal de sauvegarde<\/strong>\u00a0(ou PCS) en cas de d\u00e9luge, voire de \u00ab M\u00e9dicane \u00bb, une nouvelle menace qui apparait sur le bassin m\u00e9diterran\u00e9en.<\/p>\n<p class=\" wall-content\">\u00ab\u00a0<strong>Medicane<\/strong>, c\u2019est la contraction de M\u00e9diterranean et Hurricane, un \u00e9v\u00e8nement qui d\u00e9signe un <strong>cyclone subtropical<\/strong> qui se forme sur la M\u00e9diterran\u00e9e et qui pr\u00e9sente des caract\u00e9ristiques proches de celles des <strong>ouragans tropicaux<\/strong> \u00bb, explique Alix Roumagnac : \u00ab C\u2019est un m\u00e9dicane qui a touch\u00e9 la Libye en 2023 \u00bb.<\/p>\n<p>    <a href=\"https:\/\/www.google.com\/maps\/embed?pb=!1m18!1m12!1m3!1d2889.085893223574!2d3.8938084112515026!3d43.60475317098387!2m3!1f0!2f0!3f0!3m2!1i1024!2i768!4f13.1!3m3!1m2!1s0x12b6af9cba525361%3A0x2f2fe56a0b31013a!2sAv.%20du%20Pir%C3%A9e%2C%2034000%20Montpellier!5e0!3m2!1sfr!2sfr!4v1788186885063!5m2!1sfr!2sfr\" title=\"Ouvrie le lien\" rel=\"nofollow noopener\" target=\"_blank\">Cliquez ici pour visualiser le contenu<\/a><\/p>\n<p>Intemp\u00e9ries : mieux vaut pr\u00e9venir que gu\u00e9rir !<\/p>\n<p class=\" wall-content\">Pour cette fin d\u2019\u00e9t\u00e9 2026 et l\u2019automne qui s\u2019annonce, <strong>Micha\u00ebl Delafosse tient tout d\u2019abord<\/strong> <strong>\u00e0 relativiser <\/strong>: \u00ab Nous n\u2019en sommes pas l\u00e0, nous ne pouvons pas savoir pr\u00e9cis\u00e9ment comment la m\u00e9t\u00e9o va \u00e9voluer dans les semaines qui arrivent, et notre intention n\u2019est pas de faire peur\u2026 Mais <strong>les conditions sont r\u00e9unies<\/strong> pour que nous soyons impact\u00e9s par des \u00e9pisodes violents, donc il est de notre devoir de nous y <strong>pr\u00e9parer<\/strong> \u00bb. \u00a0\u00a0<\/p>\n<p class=\" wall-content\">Du c\u00f4t\u00e9 de la Ville, on confirme que <strong>toutes les forces du territoire<\/strong> (pompiers, police municipale et nationale,\u00a0secouristes, Croix-Rouge et volontaires locaux de la R\u00e9serve Communale de S\u00e9curit\u00e9 Civile) sont sur le qui-vive, pr\u00eat \u00e0 prendre leur place dans le Plan Communal de Sauvegarde s\u2019il est activ\u00e9.<\/p>\n<p>    <img   decoding=\"async\" loading=\"lazy\" src=\"https:\/\/www.europesays.com\/fr\/wp-content\/uploads\/2026\/08\/photo-lez-en-crue-960x640.jpg\" alt=\"Le 22 d\u00e9cembre dernier, \u00e0 Montpellier, il est tomb\u00e9 jusqu\u2019\u00e0 160 mm en seulement 6 heures, entra\u00eenant la crue du Lez\" width=\"960\" height=\"640\"\/><br \/>\n    Le 22 d\u00e9cembre dernier, \u00e0 Montpellier, il est tomb\u00e9 jusqu\u2019\u00e0 160 mm en seulement 6 heures, entra\u00eenant la crue du LezS\u2019inscrire au dispositif de t\u00e9l\u00e9-alerte<\/p>\n<p class=\" wall-content\">\u00ab Mais si nous tenions \u00e0 faire ce point aujourd\u2019hui, c\u2019est aussi pour rappeler que lorsqu\u2019on d\u00e9clenche le PCS, il y a <strong>des r\u00e8gles de s\u00e9curit\u00e9<\/strong> que les citoyens doivent respecter, pour deux raisons : ne pas se mettre en danger de mort et \u00e9viter de compliquer le travail des secours \u00bb, rappelle Micha\u00ebl Delafosse : \u00ab Nous avons un outil extraordinaire : <strong>un dispositif gratuit de t\u00e9l\u00e9-alerte<\/strong> auquel il suffit de s\u2019abonner pour \u00eatre alert\u00e9 par SMS en temps r\u00e9el en cas d\u2019\u00e9v\u00e9nement majeur sur le territoire \u00bb.<\/p>\n<p><strong>Info pratique :<\/strong> <br \/>\nPour d\u00e9couvrir ou\/et s\u2019inscrire au site de t\u00e9l\u00e9-alerte de laVille de Montpellier, <a href=\"https:\/\/www.montpellier.fr\/vie-quotidienne\/vivre-ici\/urgences-securite-prevention\/prevention-et-gestion-des-risques\" rel=\"nofollow noopener\" target=\"_blank\">cliquez ici<\/a> !<\/p>\n<blockquote class=\"ac-article-quote wall-content\">\n<p>\u00ab En 20 ans, entre 2014 et 2025, on recense 13 e\u0301pisodes de tr\u00e8s forte intensit\u00e9 \u00e0 Montpellier, soit un \u00e9pisode orageux violent tous les 2 ans en moyenne \u00bb<\/p>\n<p>    <strong>S\u00e9bastien Cote<\/strong><br \/>\n        D\u00e9l\u00e9gu\u00e9 \u00e0 la s\u00e9curit\u00e9 pour la Ville de Montpellier    <\/p><\/blockquote>\n<p class=\" wall-content\">Malheureusement, les Montpelli\u00e9rains ne prennent pas autant la menace au s\u00e9rieux que la Ville ou les forces de secours\u00a0: <strong>le nombre d\u2019abonn\u00e9s \u00e0 la t\u00e9l\u00e9-alerte<\/strong> <strong>est encore insuffisant,<\/strong> entre 20 et 30%, \u00ab mais j\u2019esp\u00e8re que cette conf\u00e9rence de presse motivera les Montpelli\u00e9rains \u00e0 s\u2019inscrire \u00bb, souhaite le maire de Montpellier. \u00ab\u00a0<strong>Un geste qui peut sauver des vies\u00a0<\/strong>\u00bb, enfonce S\u00e9bastien Cote, premier adjoint au maire, d\u00e9l\u00e9gu\u00e9 \u00e0 la s\u00e9curit\u00e9, qui rappelle que les inondations \u00e0 Montpellier, c\u2019est une longue histoire\u2026<\/p>\n<p>22 d\u00e9cembre 2025 : 160 mm d\u2019eau en 6 heures !<\/p>\n<p class=\" wall-content\">\u00ab En 20 ans, entre 2014 et 2025, on recense 13 e\u0301pisodes de tr\u00e8s forte intensit\u00e9 \u00e0 Montpellier, <strong>soit un \u00e9pisode orageux violent tous les 2 ans en moyenne<\/strong> \u00bb, indique-t-il.\u00a0Et Parmi les \u00e9pisodes les plus marquants, les pluies-inondations de d\u00e9cembre 2025 ont constitu\u00e9 un \u00e9v\u00e8nement hors-norme avec 360 mm de pr\u00e9cipitations en une semaine, et <strong>160 mm en seulement 6 heures le 22 d\u00e9cembre<\/strong> !<\/p>\n<p class=\" wall-content\">Un d\u00e9luge qui avait fait d\u00e9border le Lez, <strong>noyant les quais d\u2019Antigone<\/strong>, interdits \u00e0 la circulation, tout comme les \u00ab points bas \u00bb de la ville (les rives du Lez, le bas de la Voie Domitienne, la rue de l\u2019Industrie\u2026) lorsque l\u2019urgence est d\u00e9clar\u00e9e.<\/p>\n<p>    <img   decoding=\"async\" loading=\"lazy\" src=\"https:\/\/www.europesays.com\/fr\/wp-content\/uploads\/2026\/08\/photo-mairie-1-960x640.jpg\" alt=\"Micha\u00ebl Delafosse : \" width=\"960\" height=\"640\"\/><br \/>\n    Micha\u00ebl Delafosse : \u00ab\u00a0Il faut pour rappeler aux Montpelli\u00e9rains la n\u00e9cessit\u00e9 de se pr\u00e9parer et de connaitre les bons gestes pour se prot\u00e9ger\u2026 et prot\u00e9ger ses proches \u00bb (\u00a9LudovicSeverac\/VilledeMontpellier)Pompiers : \u00ab\u00a0des consignes de s\u00e9curit\u00e9 \u00e0 respecter\u00a0\u00bb<\/p>\n<p class=\" wall-content\">\u00ab\u00a0Ne pas prendre sa voiture lorsque les routes sont inond\u00e9es, attendre la fin de l\u2019alerter pour aller chercher les enfants mis en s\u00e9curit\u00e9 \u00e0 l\u2019\u00e9cole, ne pas s\u2019engager sur les zones submersibles, ne pas marcher dans les rues inond\u00e9es au risque d\u2019\u00eatre aspir\u00e9, ne pas tenter de sortir une voiture d\u2019un parking souterrain inond\u00e9, <strong>cela faut partie des quelques mesures \u00e0 respecter lorsque l\u2019alerte est d\u00e9clench\u00e9e<\/strong>\u00a0\u00bb, rappellent les pompiers qui incitent eux-aussi les Montpelli\u00e9rains \u00e0 s\u2019informer sur les bons gestes \u00e0 adopter en cas de crise, en commen\u00e7ant par s\u2019inscrire \u00e0 la t\u00e9l\u00e9-alerte.<\/p>\n<p>Grabels, Juvignac : des crues d\u00e9vastatrices<\/p>\n<p class=\" wall-content\">\u00a0Si de nombreux Montpelli\u00e9rains se rappellent ces images amusantes de <strong>cano\u00ebs descendant le cours Gambetta<\/strong> transform\u00e9 en rivi\u00e8re par le d\u00e9luge, d\u2019autres images moins dr\u00f4les, comme <strong>les maisons ravag\u00e9es par une crue<\/strong> du ruisseau traversant le village de Grabels o\u00f9 les d\u00e9g\u00e2ts de la Mosson \u00e0 Juvignac sont encore bien pr\u00e9sentes dans les m\u00e9moires.<\/p>\n<p>Delafosse : \u00ab\u00a0se prot\u00e9ger\u2026 et prot\u00e9ger ses proches\u00a0\u00bb<\/p>\n<p class=\" wall-content\">\u00ab Il ne faut pas n\u00e9gliger le risque pluie-inondation qui est un ph\u00e9nom\u00e8ne r\u00e9current \u00e0 Montpellier et dans toute la m\u00e9tropole\u2026 Avec le changement climatique, les \u00e9pisodes violents vont <strong>de plus en plus impacter le pourtour m\u00e9diterran\u00e9en<\/strong> \u00bb, insiste Micha\u00ebl Delafosse : \u00ab La Ville et la M\u00e9tropole agissent d\u00e8s maintenant, en amont, pour rappeler aux Montpelli\u00e9rains la n\u00e9cessit\u00e9 de se pr\u00e9parer et de connaitre <strong>les bons gestes pour se prot\u00e9ger\u2026 et prot\u00e9ger ses proches<\/strong> \u00bb.<\/p>\n<p>Pr\u00e9vention : des outils pour bien se prot\u00e9ger.\u00a0Ville et M\u00e9tropole ont mis en place des outils pour permettre \u00e0 la population de se pr\u00e9parer et de se prot\u00e9ger :<br \/>\n-Inscription gratuite \u00e0 la T\u00e9l\u00e9-alerte sur <a href=\"https:\/\/app.telealerte.fr\/inscription\/login.jsp\" rel=\"nofollow noopener\" target=\"_blank\">www.montpellier.fr\/telealerte<\/a> ;<br \/>\n-La page www.risquesmajeurs.montpellier.fr pour s\u2019informe sur les risques du territoire et se pr\u00e9parer \u00e0 une situation d\u2019urgence ;<br \/>\n-Une document papier, le DICRIM (pour Document d\u2019Information Communal sur les Risques Majeurs) pour identifier les dangers auxquels on peut \u00eatre expos\u00e9, les mesures de s\u00e9curit\u00e9 \u00e0 prendre et les dispositifs de protection et de sauvegarde existants. T\u00e9l\u00e9chargeable sur <a href=\"https:\/\/www.montpellier.fr\/vie-quotidienne\/vivre-ici\/urgences-securite-prevention\/prevention-et-gestion-des-risques\/moyens-informations-et-alerte\" rel=\"nofollow noopener\" target=\"_blank\">www.montpellier.fr\/risquesmajeur<\/a>.<\/p>\n<p class=\" wall-content\">Personnalisez votre actualit\u00e9 en ajoutant vos villes et m\u00e9dias en favori avec <a href=\"https:\/\/moncompte.actu.fr\" title=\"D\u00e9couvez Mon Actu\" rel=\"nofollow noopener\" data-trk=\"{&quot;cta&quot;:{&quot;action&quot;:&quot;https:\\\/\\\/moncompte.actu.fr&quot;,&quot;category&quot;:&quot;mon compte&quot;,&quot;from&quot;:&quot;article footer&quot;,&quot;name&quot;:&quot;Mon actu&quot;,&quot;type&quot;:&quot;cta&quot;}}\" target=\"_blank\">Mon Actu<\/a>.<\/p>\n","protected":false},"excerpt":{"rendered":"Par Gil Martin Publi\u00e9 le 31 ao\u00fbt 2026 \u00e0 18h33 Apr\u00e8s un \u00e9t\u00e9 particuli\u00e8rement long et anormalement br\u00fblant,&hellip;\n","protected":false},"author":2,"featured_media":1159546,"comment_status":"","ping_status":"","sticky":false,"template":"","format":"standard","meta":{"footnotes":"","_share_on_mastodon":"0"},"categories":[9599],"tags":[1111,11,1777,674,1011,27,2839,1252,2357,2208,12,2680,25,104],"class_list":["post-1159545","post","type-post","status-publish","format-standard","has-post-thumbnail","category-montpellier","tag-actu","tag-actualites","tag-eu","tag-europe","tag-fr","tag-france","tag-inondations","tag-mediterranee","tag-meteo-france","tag-montpellier","tag-news","tag-occitanie","tag-republique-francaise","tag-societe"],"share_on_mastodon":{"url":"https:\/\/pubeurope.com\/@fr\/117191350889329251","error":""},"_links":{"self":[{"href":"https:\/\/www.europesays.com\/fr\/wp-json\/wp\/v2\/posts\/1159545","targetHints":{"allow":["GET"]}}],"collection":[{"href":"https:\/\/www.europesays.com\/fr\/wp-json\/wp\/v2\/posts"}],"about":[{"href":"https:\/\/www.europesays.com\/fr\/wp-json\/wp\/v2\/types\/post"}],"author":[{"embeddable":true,"href":"https:\/\/www.europesays.com\/fr\/wp-json\/wp\/v2\/users\/2"}],"replies":[{"embeddable":true,"href":"https:\/\/www.europesays.com\/fr\/wp-json\/wp\/v2\/comments?post=1159545"}],"version-history":[{"count":0,"href":"https:\/\/www.europesays.com\/fr\/wp-json\/wp\/v2\/posts\/1159545\/revisions"}],"wp:featuredmedia":[{"embeddable":true,"href":"https:\/\/www.europesays.com\/fr\/wp-json\/wp\/v2\/media\/1159546"}],"wp:attachment":[{"href":"https:\/\/www.europesays.com\/fr\/wp-json\/wp\/v2\/media?parent=1159545"}],"wp:term":[{"taxonomy":"category","embeddable":true,"href":"https:\/\/www.europesays.com\/fr\/wp-json\/wp\/v2\/categories?post=1159545"},{"taxonomy":"post_tag","embeddable":true,"href":"https:\/\/www.europesays.com\/fr\/wp-json\/wp\/v2\/tags?post=1159545"}],"curies":[{"name":"wp","href":"https:\/\/api.w.org\/{rel}","templated":true}]}}