{"id":1159559,"date":"2026-08-31T17:47:12","date_gmt":"2026-08-31T17:47:12","guid":{"rendered":"https:\/\/www.europesays.com\/fr\/1159559\/"},"modified":"2026-08-31T17:47:12","modified_gmt":"2026-08-31T17:47:12","slug":"strasbourg-course-poursuite-a-130-km-h-a-moto-au-neuhof-un-an-de-prison","status":"publish","type":"post","link":"https:\/\/www.europesays.com\/fr\/1159559\/","title":{"rendered":"Strasbourg. Course poursuite \u00e0 130\u00a0km\/h \u00e0 moto au Neuhof\u00a0: un an de prison"},"content":{"rendered":"<p>Deux motards de la police nationale se trouvent en faction rue Paul-Dopff, dans le quartier strasbourgeois du Neuhof vendredi vers 21\u00a0h, lorsqu\u2019ils entendent un bruit de moteur de moto hurlant dans les tours. Ils aper\u00e7oivent un motocross sur la roue arri\u00e8re venant de la rue d\u2019Orbey, sans lumi\u00e8re. Le motard d\u00e9rape et fait demi-tour pour partir \u00e0 toute berzingue, remontant la rue Guynemer \u00e0 contresens et oubliant un stop.<\/p>\n<p>Les policiers sont \u00e0 ses trousses et arrivent \u00e0 son niveau. Il acc\u00e9l\u00e8re encore rue Amp\u00e8re pour fr\u00f4ler les 130\u00a0km\/h. Des feux rouges sont&#8230;<\/p>\n","protected":false},"excerpt":{"rendered":"Deux motards de la police nationale se trouvent en faction rue Paul-Dopff, dans le quartier strasbourgeois du Neuhof&hellip;\n","protected":false},"author":2,"featured_media":1159560,"comment_status":"","ping_status":"","sticky":false,"template":"","format":"standard","meta":{"footnotes":"","_share_on_mastodon":"0"},"categories":[2820],"tags":[1111,11,271,272,2880,1777,674,274,107,1011,27,775,12,25,640,2879],"class_list":["post-1159559","post","type-post","status-publish","format-standard","has-post-thumbnail","category-strasbourg","tag-actu","tag-actualites","tag-crime","tag-delit-et-contravention","tag-edition-strasbourg","tag-eu","tag-europe","tag-faits-divers-justice","tag-fil-info","tag-fr","tag-france","tag-grand-est","tag-news","tag-republique-francaise","tag-strasbourg","tag-strasbourg-ville"],"share_on_mastodon":{"url":"https:\/\/pubeurope.com\/@fr\/117191380050985832","error":""},"_links":{"self":[{"href":"https:\/\/www.europesays.com\/fr\/wp-json\/wp\/v2\/posts\/1159559","targetHints":{"allow":["GET"]}}],"collection":[{"href":"https:\/\/www.europesays.com\/fr\/wp-json\/wp\/v2\/posts"}],"about":[{"href":"https:\/\/www.europesays.com\/fr\/wp-json\/wp\/v2\/types\/post"}],"author":[{"embeddable":true,"href":"https:\/\/www.europesays.com\/fr\/wp-json\/wp\/v2\/users\/2"}],"replies":[{"embeddable":true,"href":"https:\/\/www.europesays.com\/fr\/wp-json\/wp\/v2\/comments?post=1159559"}],"version-history":[{"count":0,"href":"https:\/\/www.europesays.com\/fr\/wp-json\/wp\/v2\/posts\/1159559\/revisions"}],"wp:featuredmedia":[{"embeddable":true,"href":"https:\/\/www.europesays.com\/fr\/wp-json\/wp\/v2\/media\/1159560"}],"wp:attachment":[{"href":"https:\/\/www.europesays.com\/fr\/wp-json\/wp\/v2\/media?parent=1159559"}],"wp:term":[{"taxonomy":"category","embeddable":true,"href":"https:\/\/www.europesays.com\/fr\/wp-json\/wp\/v2\/categories?post=1159559"},{"taxonomy":"post_tag","embeddable":true,"href":"https:\/\/www.europesays.com\/fr\/wp-json\/wp\/v2\/tags?post=1159559"}],"curies":[{"name":"wp","href":"https:\/\/api.w.org\/{rel}","templated":true}]}}