{"id":1159561,"date":"2026-08-31T17:48:18","date_gmt":"2026-08-31T17:48:18","guid":{"rendered":"https:\/\/www.europesays.com\/fr\/1159561\/"},"modified":"2026-08-31T17:48:18","modified_gmt":"2026-08-31T17:48:18","slug":"strasbourg-ladolescent-slalome-en-trottinette-jusqua-laccident","status":"publish","type":"post","link":"https:\/\/www.europesays.com\/fr\/1159561\/","title":{"rendered":"Strasbourg. L\u2019adolescent slalome en trottinette jusqu\u2019\u00e0 l\u2019accident"},"content":{"rendered":"<p>Un adolescent de 17 ans avait embarqu\u00e9 son ami, \u00e2g\u00e9 de 15 ans, <a href=\"https:\/\/www.dna.fr\/societe\/2023\/10\/18\/trottinettes-electriques-un-parcours-de-sensibilisation-place-kleber\" target=\"_blank\" rel=\"nofollow noopener\">sur sa trottinette \u00e9lectrique<\/a> jusqu\u2019\u00e0 l\u2019hypermarch\u00e9 Auchan de Hautepierre samedi 29\u00a0ao\u00fbt peu avant 19\u00a0h. Lui est parti faire des courses, laissant son copain avec son engin. Le jeune homme s\u2019est mis \u00e0 encha\u00eener les allers-retours sur le parking, slalomant entre les voitures \u00e0 vive allure. Il a percut\u00e9 un v\u00e9hicule sur la gauche, tombant lourdement au sol. <\/p>\n<p>Outre une plaie saignante au front, le mineur souffre d\u2019un trauma cr\u00e2nien. Il a \u00e9galement une amn\u00e9sie partielle. Il a \u00e9t\u00e9 transport\u00e9 aux urgences p\u00e9diatriques de l\u2019h\u00f4pital de Hautepierre. Il ne pourra faire sa rentr\u00e9e demain, ayant rendez-vous avec un chirurgien.<\/p>\n<p>La trottinette \u00e9lectrique n\u2019\u00e9tait pas homologu\u00e9e.<\/p>\n","protected":false},"excerpt":{"rendered":"Un adolescent de 17 ans avait embarqu\u00e9 son ami, \u00e2g\u00e9 de 15 ans, sur sa trottinette \u00e9lectrique jusqu\u2019\u00e0&hellip;\n","protected":false},"author":2,"featured_media":1159562,"comment_status":"","ping_status":"","sticky":false,"template":"","format":"standard","meta":{"footnotes":"","_share_on_mastodon":"0"},"categories":[2820],"tags":[119,1111,11,2880,1777,674,274,107,1011,27,775,12,25,640,2879],"class_list":["post-1159561","post","type-post","status-publish","format-standard","has-post-thumbnail","category-strasbourg","tag-accident","tag-actu","tag-actualites","tag-edition-strasbourg","tag-eu","tag-europe","tag-faits-divers-justice","tag-fil-info","tag-fr","tag-france","tag-grand-est","tag-news","tag-republique-francaise","tag-strasbourg","tag-strasbourg-ville"],"share_on_mastodon":{"url":"https:\/\/pubeurope.com\/@fr\/117191383971353466","error":""},"_links":{"self":[{"href":"https:\/\/www.europesays.com\/fr\/wp-json\/wp\/v2\/posts\/1159561","targetHints":{"allow":["GET"]}}],"collection":[{"href":"https:\/\/www.europesays.com\/fr\/wp-json\/wp\/v2\/posts"}],"about":[{"href":"https:\/\/www.europesays.com\/fr\/wp-json\/wp\/v2\/types\/post"}],"author":[{"embeddable":true,"href":"https:\/\/www.europesays.com\/fr\/wp-json\/wp\/v2\/users\/2"}],"replies":[{"embeddable":true,"href":"https:\/\/www.europesays.com\/fr\/wp-json\/wp\/v2\/comments?post=1159561"}],"version-history":[{"count":0,"href":"https:\/\/www.europesays.com\/fr\/wp-json\/wp\/v2\/posts\/1159561\/revisions"}],"wp:featuredmedia":[{"embeddable":true,"href":"https:\/\/www.europesays.com\/fr\/wp-json\/wp\/v2\/media\/1159562"}],"wp:attachment":[{"href":"https:\/\/www.europesays.com\/fr\/wp-json\/wp\/v2\/media?parent=1159561"}],"wp:term":[{"taxonomy":"category","embeddable":true,"href":"https:\/\/www.europesays.com\/fr\/wp-json\/wp\/v2\/categories?post=1159561"},{"taxonomy":"post_tag","embeddable":true,"href":"https:\/\/www.europesays.com\/fr\/wp-json\/wp\/v2\/tags?post=1159561"}],"curies":[{"name":"wp","href":"https:\/\/api.w.org\/{rel}","templated":true}]}}