{"id":115957,"date":"2025-05-21T04:16:11","date_gmt":"2025-05-21T04:16:11","guid":{"rendered":"https:\/\/www.europesays.com\/fr\/115957\/"},"modified":"2025-05-21T04:16:11","modified_gmt":"2025-05-21T04:16:11","slug":"bruno-retailleau-abroge-une-instruction-prudente-en-ordonnant-comme-principe-la-poursuite-des-vehicules-liberation","status":"publish","type":"post","link":"https:\/\/www.europesays.com\/fr\/115957\/","title":{"rendered":"Bruno Retailleau abroge une instruction prudente en ordonnant comme principe la poursuite des v\u00e9hicules \u2013 Lib\u00e9ration"},"content":{"rendered":"<p class=\"sc-ksZaOG ehjQrN text-element\">Une inversion de principe. Le ministre de l\u2019Int\u00e9rieur, Bruno Retailleau, a envoy\u00e9 un t\u00e9l\u00e9gramme lundi 19 mai \u00e0 l\u2019ensemble des pr\u00e9fets pour les informer d\u2019une \u00e9volution des \u00abmodalit\u00e9s de prise en charge des refus d\u2019obtemp\u00e9rer\u00bb. D\u00e9sormais, la police et la gendarmerie ont pour consigne d\u2019entamer la poursuite des v\u00e9hicules qui prennent la fuite lors d\u2019un contr\u00f4le. Depuis 1999, la r\u00e8gle en la mati\u00e8re \u00e9tait beaucoup plus prudente : les policiers devaient poursuivre les v\u00e9hicules refusant d\u2019obtemp\u00e9rer qu\u2019en lien avec des faits d\u2019une particuli\u00e8re gravit\u00e9 et non pour ce seul motif. Une seule exception existait <a href=\"https:\/\/www.liberation.fr\/checknews\/est-il-vrai-que-les-courses-poursuites-en-milieu-urbain-sont-interdites-sauf-en-cas-de-crime-de-sang-20230904_ZKV5N2RHHJAKPEVHW7RZBLEAD4\/\" target=\"_blank\" rel=\"noopener\" title=\"https:\/\/www.liberation.fr\/checknews\/est-il-vrai-que-les-courses-poursuites-en-milieu-urbain-sont-interdites-sauf-en-cas-de-crime-de-sang-20230904_ZKV5N2RHHJAKPEVHW7RZBLEAD4\/\">depuis 2020, dans le ressort de la pr\u00e9fecture de police de Paris<\/a>.<\/p>\n<p class=\"sc-ksZaOG ehjQrN text-element\">Cette nouvelle instruction \u00abvient notamment affirmer le principe g\u00e9n\u00e9ral de la poursuite des v\u00e9hicules en fuite\u00bb, \u00e9crit Bruno Retailleau dans son courrier consult\u00e9 par Lib\u00e9ration. Le ministre de l\u2019Int\u00e9rieur exige, en outre, \u00abafin d\u2019assurer \u00e0 cette instruction la promotion la plus large possible aupr\u00e8s des agents et militaires, [\u2026] de vous assurer qu\u2019un commentaire en soit fait\u00bb par la hi\u00e9rarchie.<\/p>\n","protected":false},"excerpt":{"rendered":"Une inversion de principe. Le ministre de l\u2019Int\u00e9rieur, Bruno Retailleau, a envoy\u00e9 un t\u00e9l\u00e9gramme lundi 19 mai \u00e0&hellip;\n","protected":false},"author":2,"featured_media":115958,"comment_status":"","ping_status":"","sticky":false,"template":"","format":"standard","meta":{"footnotes":""},"categories":[2],"tags":[11,1013,1011,27,12,23631,25],"class_list":{"0":"post-115957","1":"post","2":"type-post","3":"status-publish","4":"format-standard","5":"has-post-thumbnail","7":"category-actualites","8":"tag-actualites","9":"tag-bruno-retailleau","10":"tag-fr","11":"tag-france","12":"tag-news","13":"tag-refus-dobtemperer-une-inflation-mortelle-de-tirs-policiers","14":"tag-republique-francaise"},"share_on_mastodon":{"url":"https:\/\/pubeurope.com\/@fr\/114543891847260050","error":""},"_links":{"self":[{"href":"https:\/\/www.europesays.com\/fr\/wp-json\/wp\/v2\/posts\/115957","targetHints":{"allow":["GET"]}}],"collection":[{"href":"https:\/\/www.europesays.com\/fr\/wp-json\/wp\/v2\/posts"}],"about":[{"href":"https:\/\/www.europesays.com\/fr\/wp-json\/wp\/v2\/types\/post"}],"author":[{"embeddable":true,"href":"https:\/\/www.europesays.com\/fr\/wp-json\/wp\/v2\/users\/2"}],"replies":[{"embeddable":true,"href":"https:\/\/www.europesays.com\/fr\/wp-json\/wp\/v2\/comments?post=115957"}],"version-history":[{"count":0,"href":"https:\/\/www.europesays.com\/fr\/wp-json\/wp\/v2\/posts\/115957\/revisions"}],"wp:featuredmedia":[{"embeddable":true,"href":"https:\/\/www.europesays.com\/fr\/wp-json\/wp\/v2\/media\/115958"}],"wp:attachment":[{"href":"https:\/\/www.europesays.com\/fr\/wp-json\/wp\/v2\/media?parent=115957"}],"wp:term":[{"taxonomy":"category","embeddable":true,"href":"https:\/\/www.europesays.com\/fr\/wp-json\/wp\/v2\/categories?post=115957"},{"taxonomy":"post_tag","embeddable":true,"href":"https:\/\/www.europesays.com\/fr\/wp-json\/wp\/v2\/tags?post=115957"}],"curies":[{"name":"wp","href":"https:\/\/api.w.org\/{rel}","templated":true}]}}