{"id":1159583,"date":"2026-08-31T18:02:43","date_gmt":"2026-08-31T18:02:43","guid":{"rendered":"https:\/\/www.europesays.com\/fr\/1159583\/"},"modified":"2026-08-31T18:02:43","modified_gmt":"2026-08-31T18:02:43","slug":"nouvelles-lignes-de-bus-hausse-de-billets-ce-qui-change-dans-les-transports-a-marseille-au-1er-septembre","status":"publish","type":"post","link":"https:\/\/www.europesays.com\/fr\/1159583\/","title":{"rendered":"Nouvelles lignes de bus, hausse de billets\u2026 Ce qui change dans les transports \u00e0 Marseille au 1er\u00a0septembre"},"content":{"rendered":"<p>Pas de grand chambardement \u00e0 pr\u00e9voir dans les transports marseillais, pour cette rentr\u00e9e\u00a02026. Mais les habitu\u00e9s de certaines lignes de bus doivent, depuis ce lundi 31\u00a0ao\u00fbt, se faire \u00e0 quelques changements annonc\u00e9s au c\u0153ur de l\u2019\u00e9t\u00e9 par la <a href=\"https:\/\/www.laprovence.com\/article\/politique\/48790727671090\/30-millions-d-euros-d-economies-a-la-rtm-ce-serait-13-de-transports-en-moins-selon-sa-presidente-samia-ghali\" target=\"_self\" rel=\"nofollow noopener\">R\u00e9gie des transports m\u00e9tropolitains (RTM)<\/a>.<\/p>\n<p>La ligne 21 Jet, qui ralliait le rond-point du Prado au campus de Luminy en passant par le quartier de Valmante, devient ainsi la ligne B1E. \u00ab\u00a0Cette ligne Express renforce la ligne B1 sur ce tron\u00e7on, explique la RTM dans un communiqu\u00e9, et permet de gagner du temps en n\u2019effectuant que quelques arr\u00eats principaux sur son parcours jusqu\u2019au campus de Luminy\u00a0\u00bb, avec 8 arr\u00eats contre 22 pour la ligne B1 ordinaire. Cette ligne circule toutefois \u00ab\u00a0uniquement aux heures de pointe\u00a0\u00bb, soit de 7 h 10 \u00e0 9 h 30 puis de 15 h 30 \u00e0 18 h 30, \u00e0 raison \u00ab\u00a0d\u2019un bus toutes les 10 minutes du lundi au vendredi, en p\u00e9riode d\u2019ouverture des universit\u00e9s\u00a0\u00bb.<\/p>\n<p>De l\u2019autre c\u00f4t\u00e9 de Marseille, c\u2019est la ligne 97 qui tire sa r\u00e9v\u00e9rence, 48 ans presque jour pour jour apr\u00e8s sa cr\u00e9ation. Elle laisse place &#8211; ainsi que son pendant Express, la ligne 97 Jet &#8211; \u00e0 la ligne B14, reliant l\u2019arr\u00eat Canebi\u00e8re Bourse \u00e0 la place Lucien-Frappa \u00e0 Notre-Dame-Limite via l\u2019&#8230;<\/p>\n","protected":false},"excerpt":{"rendered":"Pas de grand chambardement \u00e0 pr\u00e9voir dans les transports marseillais, pour cette rentr\u00e9e\u00a02026. Mais les habitu\u00e9s de certaines&hellip;\n","protected":false},"author":2,"featured_media":1159584,"comment_status":"","ping_status":"","sticky":false,"template":"","format":"standard","meta":{"footnotes":"","_share_on_mastodon":"0"},"categories":[2814],"tags":[5734,1111,11,16106,7048,6861,1777,674,1011,27,4508,8391,884,12,1113,882,3583,25,104],"class_list":["post-1159583","post","type-post","status-publish","format-standard","has-post-thumbnail","category-marseille","tag-5734","tag-actu","tag-actualites","tag-billets","tag-bus","tag-change","tag-eu","tag-europe","tag-fr","tag-france","tag-hausse","tag-lignes","tag-marseille","tag-news","tag-nouvelles","tag-provence-alpes-cote-dazur","tag-qui","tag-republique-francaise","tag-societe"],"share_on_mastodon":{"url":"https:\/\/pubeurope.com\/@fr\/117191438826583282","error":""},"_links":{"self":[{"href":"https:\/\/www.europesays.com\/fr\/wp-json\/wp\/v2\/posts\/1159583","targetHints":{"allow":["GET"]}}],"collection":[{"href":"https:\/\/www.europesays.com\/fr\/wp-json\/wp\/v2\/posts"}],"about":[{"href":"https:\/\/www.europesays.com\/fr\/wp-json\/wp\/v2\/types\/post"}],"author":[{"embeddable":true,"href":"https:\/\/www.europesays.com\/fr\/wp-json\/wp\/v2\/users\/2"}],"replies":[{"embeddable":true,"href":"https:\/\/www.europesays.com\/fr\/wp-json\/wp\/v2\/comments?post=1159583"}],"version-history":[{"count":0,"href":"https:\/\/www.europesays.com\/fr\/wp-json\/wp\/v2\/posts\/1159583\/revisions"}],"wp:featuredmedia":[{"embeddable":true,"href":"https:\/\/www.europesays.com\/fr\/wp-json\/wp\/v2\/media\/1159584"}],"wp:attachment":[{"href":"https:\/\/www.europesays.com\/fr\/wp-json\/wp\/v2\/media?parent=1159583"}],"wp:term":[{"taxonomy":"category","embeddable":true,"href":"https:\/\/www.europesays.com\/fr\/wp-json\/wp\/v2\/categories?post=1159583"},{"taxonomy":"post_tag","embeddable":true,"href":"https:\/\/www.europesays.com\/fr\/wp-json\/wp\/v2\/tags?post=1159583"}],"curies":[{"name":"wp","href":"https:\/\/api.w.org\/{rel}","templated":true}]}}